{"id":262814,"date":"2025-11-29T23:51:10","date_gmt":"2025-11-29T23:51:10","guid":{"rendered":"https:\/\/www.europesays.com\/es\/262814\/"},"modified":"2025-11-29T23:51:10","modified_gmt":"2025-11-29T23:51:10","slug":"valencia-basket-vuelve-a-caer-derrotado","status":"publish","type":"post","link":"https:\/\/www.europesays.com\/es\/262814\/","title":{"rendered":"Valencia Basket vuelve a caer derrotado"},"content":{"rendered":"<p class=\"ft-text\">Sigue sin encontrar su ritmo <a class=\"ft-link ft-link--decoration\" href=\"https:\/\/www.superdeporte.es\/tags\/valencia-basket\/\" rel=\"nofollow noopener\" target=\"_blank\">Valencia Basket<\/a> en la Liga U. El conjunto taronja cay\u00f3 este viernes ante Fundaci\u00f3n CB Canarias y <strong>encaden\u00f3 su cuarta derrota consecutiva que le sit\u00faa s\u00e9ptimo en la clasificaci\u00f3n con un balance de solo dos victorias y seis derrotas.<\/strong><\/p>\n<p class=\"ft-text\">La derrota lleg\u00f3 adem\u00e1s de una forma dolorosa, y es que Valencia Basket dej\u00f3 escapar una ventaja que lleg\u00f3 a ser de 13 puntos a falta de 11 minutos. <strong>En un final de partido de infarto, el conjunto canario supo manejar mejor sus posesiones y se termin\u00f3 llevando el triunfo 97 a 94. <\/strong><\/p>\n<p class=\"ft-text\">Tras un inicio igualado con alternancias en el marcador, fue Valencia Basket quien logr\u00f3 cerrar el primer cuarto con ventaja (25-31). El guion del segundo cuarto no distar\u00eda mucho en cuanto a cifras, y las sensaciones eran buenas para los taronja, <strong>que llegaron incluso a disfrutar de un parcial de 0-8. Sin embargo, el CB Canarias puedo reponerse y colocar el 48-46 a falta de poco m\u00e1s de un minuto para el descanso, que terminar\u00eda con 48-51.<\/strong><\/p>\n<p class=\"ft-text\">Los primeros nueve minutos del tercer cuarto fueron muy buenos para Valencia Basket, que lleg\u00f3 a mandar por 13 puntos, pero un parcial de 9-1 de los canarios al t\u00e9rmino del tercer cuarto dej\u00f3 el marcador en un ajustado 76-73. <strong>El Fundaci\u00f3n CB Canarias apret\u00f3 el acelerador, y llevado en volandas por el p\u00fablico y una gran confianza sobre el parqu\u00e9, coloc\u00f3 el empate a 89 con un triple de Rafa Rodr\u00edguez, a 3\u201949\u201d para el final. Con todo de cara y sobre todo el acierto del propio Rafa, de Xabi L\u00f3pez o Diego Fern\u00e1ndez, los locales lograron voltear el marcador y colocaron el 93-91 con un triple de este \u00faltimo<\/strong>, que adem\u00e1s estuvo especialmente inspirado sumando un total de 31 puntos.<\/p>\n<p class=\"ft-text\">Los aurinegros, que no pudieron contar con la participaci\u00f3n de su base Dylan Bord\u00f3n, concentrado estos d\u00edas con la selecci\u00f3n absoluta de Argentina para partidos clasificatorios para la Copa del Mundo de 2027, <strong>cerraron el triunfo con car\u00e1cter y neutralizando los \u00faltimos ataques taronja, cerrando el marcador con un 97-94 y dejando al rival sin anotar en el \u00faltimo minuto de juego.<\/strong><\/p>\n","protected":false},"excerpt":{"rendered":"Sigue sin encontrar su ritmo Valencia Basket en la Liga U. El conjunto taronja cay\u00f3 este viernes ante&hellip;\n","protected":false},"author":2,"featured_media":262815,"comment_status":"","ping_status":"","sticky":false,"template":"","format":"standard","meta":{"footnotes":""},"categories":[269],"tags":[299,1918,298,1896,4616,51,168,25,19587,24,2918,65428,1421,23,167,235,2916,1261],"class_list":{"0":"post-262814","1":"post","2":"type-post","3":"status-publish","4":"format-standard","5":"has-post-thumbnail","7":"category-baloncesto","8":"tag-baloncesto","9":"tag-basket","10":"tag-basketball","11":"tag-canarias","12":"tag-clasificacion","13":"tag-deja","14":"tag-deportes","15":"tag-es","16":"tag-escapar","17":"tag-espana","18":"tag-la-liga","19":"tag-ligau","20":"tag-publico","21":"tag-spain","22":"tag-sports","23":"tag-valencia","24":"tag-valencia-basket","25":"tag-victoria"},"share_on_mastodon":{"url":"https:\/\/pubeurope.com\/@es\/115635675796171656","error":""},"_links":{"self":[{"href":"https:\/\/www.europesays.com\/es\/wp-json\/wp\/v2\/posts\/262814","targetHints":{"allow":["GET"]}}],"collection":[{"href":"https:\/\/www.europesays.com\/es\/wp-json\/wp\/v2\/posts"}],"about":[{"href":"https:\/\/www.europesays.com\/es\/wp-json\/wp\/v2\/types\/post"}],"author":[{"embeddable":true,"href":"https:\/\/www.europesays.com\/es\/wp-json\/wp\/v2\/users\/2"}],"replies":[{"embeddable":true,"href":"https:\/\/www.europesays.com\/es\/wp-json\/wp\/v2\/comments?post=262814"}],"version-history":[{"count":0,"href":"https:\/\/www.europesays.com\/es\/wp-json\/wp\/v2\/posts\/262814\/revisions"}],"wp:featuredmedia":[{"embeddable":true,"href":"https:\/\/www.europesays.com\/es\/wp-json\/wp\/v2\/media\/262815"}],"wp:attachment":[{"href":"https:\/\/www.europesays.com\/es\/wp-json\/wp\/v2\/media?parent=262814"}],"wp:term":[{"taxonomy":"category","embeddable":true,"href":"https:\/\/www.europesays.com\/es\/wp-json\/wp\/v2\/categories?post=262814"},{"taxonomy":"post_tag","embeddable":true,"href":"https:\/\/www.europesays.com\/es\/wp-json\/wp\/v2\/tags?post=262814"}],"curies":[{"name":"wp","href":"https:\/\/api.w.org\/{rel}","templated":true}]}}