{"id":262818,"date":"2025-11-29T23:53:08","date_gmt":"2025-11-29T23:53:08","guid":{"rendered":"https:\/\/www.europesays.com\/es\/262818\/"},"modified":"2025-11-29T23:53:08","modified_gmt":"2025-11-29T23:53:08","slug":"cada-vez-que-volvia-al-hotel-tenia-que-ducharme-porque-apestaba-absolutamente-estaba-limpiando-pescado-todos-los-dias","status":"publish","type":"post","link":"https:\/\/www.europesays.com\/es\/262818\/","title":{"rendered":"Cada vez que volv\u00eda al hotel ten\u00eda que ducharme porque apestaba absolutamente, estaba limpiando pescado todos los d\u00edas"},"content":{"rendered":"<p data-gtm-element-container=\"modulo-texto-link\" class=\"paragraph\">El actor espa\u00f1ol Antonio Banderas formar\u00e1 <a href=\"https:\/\/variety.com\/2025\/film\/news\/antonio-banderas-anthony-bourdain-a24-almodovar-1236590082\/\" rel=\"nofollow noreferrer noopener\" target=\"_blank\">parte del reparto de Tony<\/a>, la pel\u00edcula biogr\u00e1fica sobre el chef, escritor y viajero Anthony Bourdain. La cinta ser\u00e1 producida por la <a href=\"https:\/\/a24films.com\/\" rel=\"nofollow noreferrer noopener\" target=\"_blank\">compa\u00f1\u00eda A24 <\/a>y contar\u00e1 con direcci\u00f3n de <a href=\"https:\/\/www.imdb.com\/es\/name\/nm4798740\/\" rel=\"nofollow noreferrer noopener\" target=\"_blank\">Matt Johnson<\/a>. El papel principal lo asumir\u00e1 el joven actor Dominic Sessa, encargado de interpretar a un Bourdain en sus primeros a\u00f1os, y <strong>Banderas estar\u00e1 en un rol todav\u00eda sin revelar oficialmente<\/strong>.<\/p>\n<p data-gtm-element-container=\"modulo-texto-link\" class=\"paragraph\">El proyecto pretende remontarse al verano de 1976, una etapa clave en la vida de Bourdain: un momento de decisiones personales y laborales que marcaron su futuro. La historia retratar\u00e1 esa \u00e9poca <strong>crucial \u2014antes de su ingreso a la escuela culinaria\u2014, cuando empez\u00f3 a trabajar en restaurantes y a experimentar la cocina<\/strong> como un camino vital. Tony busca as\u00ed capturar los or\u00edgenes del chef, su pasi\u00f3n por la gastronom\u00eda y sus primeros pasos en un mundo complejo.<\/p>\n<blockquote class=\"instagram-media\" data-instgrm-captioned=\"\" data-instgrm-version=\"6\" style=\"background: #FFF; border: 0; border-radius: 3px; box-shadow: 0 0 1px 0 rgba(0,&#10;0, 0, 0.5), 0 1px 10px 0 rgba(0, 0, 0, 0.15); margin: 1px; max-width: 658px; padding: 0;&#10;width: 99.375%; width: -webkit-calc(100% - 2px); width: calc(100% - 2px);\">\n<\/blockquote>\n<p>Un rodaje inmersivo y aut\u00e9ntico<\/p>\n<p data-gtm-element-container=\"modulo-texto-link\" class=\"paragraph\">Para dar vida a esa etapa tan personal de Bourdain, el rodaje se realiz\u00f3 en locaciones reales similares a las que frecuent\u00f3: costas y pueblos con tradici\u00f3n marinera. Banderas revel\u00f3 que <strong>durante semanas trabaj\u00f3 limpiando pescado cada d\u00eda para meterse en la piel del personaje que encarna<\/strong>: \u00abPasamos un mes y medio rodando constantemente rodeados por el olor a pescado\u2026 cada vez que volv\u00eda al hotel ten\u00eda que ducharme porque apestaba por completo\u00bb, confes\u00f3. Fue un <strong>proceso intenso y crudo, que buscaba captar la realidad f\u00edsica y emocional <\/strong>del entorno de entonces.<\/p>\n<p data-gtm-element-container=\"modulo-texto-link\" class=\"paragraph\">Este detalle subraya la intenci\u00f3n del filme de alejarse del glamour convencional: <strong>la pel\u00edcula aspira a mostrar la crudeza de los inicios: las rutinas duras, los olores, la cocina como oficio real<\/strong>. No se trata solo de platos o recetas, sino de un viaje interior, una transformaci\u00f3n personal que marc\u00f3 para siempre la vida de Bourdain.<\/p>\n<blockquote class=\"instagram-media\" data-instgrm-captioned=\"\" data-instgrm-version=\"6\" style=\"background: #FFF; border: 0; border-radius: 3px; box-shadow: 0 0 1px 0 rgba(0,&#10;0, 0, 0.5), 0 1px 10px 0 rgba(0, 0, 0, 0.15); margin: 1px; max-width: 658px; padding: 0;&#10;width: 99.375%; width: -webkit-calc(100% - 2px); width: calc(100% - 2px);\">\n<\/blockquote>\n<p>Un papel diferente para Banderas: mentor, gu\u00eda, faro<\/p>\n<p data-gtm-element-container=\"modulo-texto-link\" class=\"paragraph\">El personaje de Banderas no representa a una figura c\u00e9lebre o reconocible del mundo real, sino a un mentor ficticio \u2014o una amalgama de varios\u2014: <strong>un restaurador de or\u00edgenes humildes, con experiencia, visi\u00f3n y sensibilidad, capaz de guiar al joven Bourdain hacia su vocaci\u00f3n<\/strong>. Se plantea como una figura clave en su desarrollo personal y profesional, un faro que le ayuda a encontrar su voz a trav\u00e9s de la cocina.<\/p>\n<p data-gtm-element-container=\"modulo-texto-link\" class=\"paragraph\">Este papel representa un giro interesante en la trayectoria del actor espa\u00f1ol: tras a\u00f1os de \u00e9xitos, regresos y altibajos personales, <strong>Banderas parece inclinarse hacia historias m\u00e1s \u00edntimas, humanas y realistas<\/strong>. Ese giro da al proyecto un tono de madurez, introspecci\u00f3n y sinceridad, tanto para el personaje como para el propio actor.<\/p>\n<p>    Lee tambi\u00e9n<\/p>\n<p data-gtm-element-container=\"modulo-texto-link\" class=\"paragraph\">Tony no se presenta como una biograf\u00eda tradicional centrada en la fama posterior de Bourdain, sino como un retrato de origen: <strong>una mirada honesta a sus primeros sufrimientos, dudas, aspiraciones y b\u00fasquedas<\/strong>. Esa vulnerabilidad, esa honestidad, pueden convertir la pel\u00edcula en algo m\u00e1s que una historia de \u00e9xito: en un relato sobre identidad, redenci\u00f3n, b\u00fasqueda de sentido y transformaci\u00f3n personal.<\/p>\n<p data-gtm-element-container=\"modulo-texto-link\" class=\"paragraph\">La combinaci\u00f3n de un director con sensibilidad, una producci\u00f3n cuidada, un reparto comprometido y un <strong>enfoque realista sobre los comienzos del chef \u2014con sus fragilidades y aprendizajes<\/strong>\u2014 podr\u00eda dar como resultado una pel\u00edcula profunda, emocional y resonante. Si todo lo previsto se concreta, Tony tiene la posibilidad de ofrecer una visi\u00f3n distinta, honesta y humana de una vida compleja.<\/p>\n","protected":false},"excerpt":{"rendered":"El actor espa\u00f1ol Antonio Banderas formar\u00e1 parte del reparto de Tony, la pel\u00edcula biogr\u00e1fica sobre el chef, escritor&hellip;\n","protected":false},"author":2,"featured_media":41537,"comment_status":"","ping_status":"","sticky":false,"template":"","format":"standard","meta":{"footnotes":""},"categories":[174],"tags":[255,146,147,25,24,256,23],"class_list":{"0":"post-262818","1":"post","2":"type-post","3":"status-publish","4":"format-standard","5":"has-post-thumbnail","7":"category-famosos","8":"tag-celebrities","9":"tag-entertainment","10":"tag-entretenimiento","11":"tag-es","12":"tag-espana","13":"tag-famosos","14":"tag-spain"},"share_on_mastodon":{"url":"https:\/\/pubeurope.com\/@es\/115635683551778058","error":""},"_links":{"self":[{"href":"https:\/\/www.europesays.com\/es\/wp-json\/wp\/v2\/posts\/262818","targetHints":{"allow":["GET"]}}],"collection":[{"href":"https:\/\/www.europesays.com\/es\/wp-json\/wp\/v2\/posts"}],"about":[{"href":"https:\/\/www.europesays.com\/es\/wp-json\/wp\/v2\/types\/post"}],"author":[{"embeddable":true,"href":"https:\/\/www.europesays.com\/es\/wp-json\/wp\/v2\/users\/2"}],"replies":[{"embeddable":true,"href":"https:\/\/www.europesays.com\/es\/wp-json\/wp\/v2\/comments?post=262818"}],"version-history":[{"count":0,"href":"https:\/\/www.europesays.com\/es\/wp-json\/wp\/v2\/posts\/262818\/revisions"}],"wp:featuredmedia":[{"embeddable":true,"href":"https:\/\/www.europesays.com\/es\/wp-json\/wp\/v2\/media\/41537"}],"wp:attachment":[{"href":"https:\/\/www.europesays.com\/es\/wp-json\/wp\/v2\/media?parent=262818"}],"wp:term":[{"taxonomy":"category","embeddable":true,"href":"https:\/\/www.europesays.com\/es\/wp-json\/wp\/v2\/categories?post=262818"},{"taxonomy":"post_tag","embeddable":true,"href":"https:\/\/www.europesays.com\/es\/wp-json\/wp\/v2\/tags?post=262818"}],"curies":[{"name":"wp","href":"https:\/\/api.w.org\/{rel}","templated":true}]}}