{"id":262822,"date":"2025-11-29T23:59:15","date_gmt":"2025-11-29T23:59:15","guid":{"rendered":"https:\/\/www.europesays.com\/es\/262822\/"},"modified":"2025-11-29T23:59:15","modified_gmt":"2025-11-29T23:59:15","slug":"un-depor-sin-fisuras-tambien-conquista-albacete-0-2-la-voz-de-galicia","status":"publish","type":"post","link":"https:\/\/www.europesays.com\/es\/262822\/","title":{"rendered":"Un D\u00e9por sin fisuras tambi\u00e9n conquista Albacete: 0-2 &#8211; La Voz de Galicia"},"content":{"rendered":"<ol>\n<li><a href=\"https:\/\/news.google.com\/rss\/articles\/CBMixgFBVV95cUxNd2U3SVF1dF9WVVRqbjNpbDQtT2tJRlpqRDZ6ZWlCMkswZy1zbXdwVG1udUo0c3Bhbnl3VG4zN2pIUEgtbF92MWM4cjNIbmQtTFdpZVVMajBMQ2gwV1FqYTFuSllweEFBUW93M3ZYQzB1QjJNWmFIdExTZDFfYUZ3R2lMOTVicVJSaW14VWVSQ0VDY1pCU0trQ2hQTkNjT2ZqM25rSzRXRnVJWXlUVmhsdTdxaDM3bWhKM2RsaEcwVXVPUUdta3fSAeIBQVVfeXFMTjNXdXYyUlJmcW9icWFRY2o5YWVxejFWN3VlMHFFOVQ3RmxzVXk2TUZ5TVpGa04zTXhhdkhHTkdhMFY4aDZBYlk0QkNQbklGclRKZUw2d2EtaUV3OTM2bmgzeWdycHl3VGNoQVZJY3VGZWM2SlJTaUg3MDNEb0FlQzVGc3NyRlRTQmtnS0ZZT1NpQ2d2ZWtVSG9jRVBGYUdKajViRTNpTUQ4TkxkQjJ5YVNweHNBMU8wcUdjUmp0RlJ2SHQ0R1NVSkxKV0JpSzgyb1MwTUsyb1laUE1kYWdHaDRPdw?oc=5\" target=\"_blank\" rel=\"nofollow noopener\">Un D\u00e9por sin fisuras tambi\u00e9n conquista Albacete: 0-2<\/a>&nbsp;&nbsp;La Voz de Galicia<\/li>\n<li><a href=\"https:\/\/news.google.com\/rss\/articles\/CBMiqwFBVV95cUxQY1p2MS1ScHN3MnIyNXpJUWNhay1HV0hjVmZFMlpTQnZWWVZ5M3Z3c09ITUZCTkVBZ2J3TnJIR2pCZWsxT2lCQXpDNGdGQWRHcnNXMTZqY0tRRWZtbjNZVjJEZGdpZHRqMmRpUXo5VnFhcUJ5MVRmUmwtcmRRWXZVMWI3a3h2WWdMSWl4TW9rZVhybTc2SVNqd1o0OWdtM2paZWxtdzh2UmlIQjDSAasBQVVfeXFMT3RkWXlxTGM0aGN4cmNUdk95MV9xYW5MM1VUeHhBRlczaktTa2N6cG5iLUtLX2Q4NVUwa1hSQXlPNm14UDRjSmQzU1lPZkY4U2wtcWpaUUNQb3JtT191VGJsZ29YZU1OYVMzRERzeUN0a0M5Wm45Z1QyZnRwd0xwclpjckxUamt5ZHF4ZTh2SnF5Z2I2T2JRcC1odGtaRy00aTdodGtlZFdpWXhv?oc=5\" target=\"_blank\" rel=\"nofollow noopener\">El D\u00e9por defiende su liderato en el Belmonte metiendo la quinta<\/a>&nbsp;&nbsp;MARCA<\/li>\n<li><a href=\"https:\/\/news.google.com\/rss\/articles\/CBMiowFBVV95cUxNdTlKTlh1aGNwNVRFQ2EtU2ctS1ptM2wzV1RuZFVKb0hwSEdsMzlrTVBNZkJKcHR1eVZkZnc5RDI1bUlnLXAxQUcyQkdsR3daYmltdThPRGdsNm9QQVRraURrMHNRYlQ2dDRPOVBIUWRON2lwT0hEU0JGU2t0Tmo1b3RYeUZrZzVDc0JsaVNjQnlyZFlwMnhRajRVaUEtVElpTV9J0gG3AUFVX3lxTE1feTdyczZna2R4dmk2a1NhRnMwOEtEZ0RTcmZYZzRwNVl5UGlWYzlWcmtnc29LU2gzek5yUG1ZNS1WZ05HbUpXRzd0M2ZnOGxlVEs4WWN5SGhTNUtBTUlJS21WUE52TVV5M3ctRk16bjRtNndoTWZRV0FGWVhiTjBJUS14RU1tV0RNbE8wUV93OVdYeWdKZWEwc29kRW9hbFpWdldVbjRXQjNyMG90dEFiblg3S0MyTQ?oc=5\" target=\"_blank\" rel=\"nofollow noopener\">Albacete 0-2 Deportivo: resumen, goles y resultado<\/a>&nbsp;&nbsp;Diario AS<\/li>\n<li><a href=\"https:\/\/news.google.com\/rss\/articles\/CBMi6AFBVV95cUxQUHFzalBVNDB0VFRqZWVGNndvZ2FSbmRJbTlDcTZUa1kwUFlfeVhBS2I1YzQ5SDFsVUVmYkQ2SkNzUW9vMXVGb19ReDg4Y0xBNU10TnhIQWljRlZXR2dFWTNaWGw4THE1OXZnOTZ2WXhJUGwwN2x1RE8yZE1rMWczVnY3NVRWenFVeHBLb2RpekQ2VkZmS1M5S2dTWFNDMHhScUpYVnV0YldTQno0bGtwczNmbnhhSVFDUG8tcURyVDh3b2FsNWN2SDRnVTZVd1RoTmJpX01kNTFYbTVXTlZqcXR3MGh2SEdN?oc=5\" target=\"_blank\" rel=\"nofollow noopener\">El D\u00e9por suma en el Carlos Belmonte de Albacete su sexta victoria consecutiva con \u00abun gran partido en l\u00edneas generales\u00bb<\/a>&nbsp;&nbsp;Deportivo de La Coru\u00f1a<\/li>\n<li><a href=\"https:\/\/news.google.com\/rss\/articles\/CBMi0gFBVV95cUxQUWk2OGZZcnoxWFFHd1VMS3V3aHFJM2lBS041N2EwRFZPTEpzUDNfb25oZWQzaWg5djN0bEg4QW9BWmVKUkhRTDR4enBGM3YxcDBiSWJDZ19TZUctdm5VUjBxZ0c4dWs0VEVoeDVuVm4yd2xGNkM1NXUtTi1yVnRWcWFFalc3WVB0eG9HVkFKYk0wc1lVZkJnOE4weXFGSGZjaHpRU1BBbmpsU0VEQ0dVdE5wYnQ2LXBfLUV3RzZxRW4zSTRNRDJHWkVHYkMwajBUeEHSAeYBQVVfeXFMT29EaFdldDZxYlV4OUthd3JLRWRfQ1dkVHN6TGJXTXBHV0ZZU2RWZWFxeFlIZ213MWVDYnBKX3ZLRDNnNXJneFNrVTNhbEpIVnctZ21IemozemJTQ3VjSzJNNkpRYkp5NnVlT2NfNmJwMl82alhBR09HT3dBZDVBNmszZW9VTmx4VnFBUWxBN0l6cmIwSDNQaF9Qdlo5eDJwUDBxbmtINGZKeEhIVVFQdjRrZTVDQ3Nzdm5YM0otV01xMkNmbWJlaXNQRHk2RUlLVWdwY2JCUS1pTzItVDEtblZ5d3o2Q1E?oc=5\" target=\"_blank\" rel=\"nofollow noopener\">Al Alba se le vuelve a &#8216;apagar la luz&#8217; contra del Deportivo de la Coru\u00f1a<\/a>&nbsp;&nbsp;Cadena SER<\/li>\n<\/ol>\n","protected":false},"excerpt":{"rendered":"Un D\u00e9por sin fisuras tambi\u00e9n conquista Albacete: 0-2&nbsp;&nbsp;La Voz de Galicia El D\u00e9por defiende su liderato en el&hellip;\n","protected":false},"author":2,"featured_media":262823,"comment_status":"","ping_status":"","sticky":false,"template":"","format":"standard","meta":{"footnotes":""},"categories":[93],"tags":[168,412,25,24,23,167],"class_list":{"0":"post-262822","1":"post","2":"type-post","3":"status-publish","4":"format-standard","5":"has-post-thumbnail","7":"category-deportes","8":"tag-deportes","9":"tag-deportivo","10":"tag-es","11":"tag-espana","12":"tag-spain","13":"tag-sports"},"share_on_mastodon":{"url":"https:\/\/pubeurope.com\/@es\/115635707129739894","error":""},"_links":{"self":[{"href":"https:\/\/www.europesays.com\/es\/wp-json\/wp\/v2\/posts\/262822","targetHints":{"allow":["GET"]}}],"collection":[{"href":"https:\/\/www.europesays.com\/es\/wp-json\/wp\/v2\/posts"}],"about":[{"href":"https:\/\/www.europesays.com\/es\/wp-json\/wp\/v2\/types\/post"}],"author":[{"embeddable":true,"href":"https:\/\/www.europesays.com\/es\/wp-json\/wp\/v2\/users\/2"}],"replies":[{"embeddable":true,"href":"https:\/\/www.europesays.com\/es\/wp-json\/wp\/v2\/comments?post=262822"}],"version-history":[{"count":0,"href":"https:\/\/www.europesays.com\/es\/wp-json\/wp\/v2\/posts\/262822\/revisions"}],"wp:featuredmedia":[{"embeddable":true,"href":"https:\/\/www.europesays.com\/es\/wp-json\/wp\/v2\/media\/262823"}],"wp:attachment":[{"href":"https:\/\/www.europesays.com\/es\/wp-json\/wp\/v2\/media?parent=262822"}],"wp:term":[{"taxonomy":"category","embeddable":true,"href":"https:\/\/www.europesays.com\/es\/wp-json\/wp\/v2\/categories?post=262822"},{"taxonomy":"post_tag","embeddable":true,"href":"https:\/\/www.europesays.com\/es\/wp-json\/wp\/v2\/tags?post=262822"}],"curies":[{"name":"wp","href":"https:\/\/api.w.org\/{rel}","templated":true}]}}