{"id":262831,"date":"2025-11-30T00:06:23","date_gmt":"2025-11-30T00:06:23","guid":{"rendered":"https:\/\/www.europesays.com\/es\/262831\/"},"modified":"2025-11-30T00:06:23","modified_gmt":"2025-11-30T00:06:23","slug":"la-navidad-comienza-de-manera-oficial-en-irun-con-un-acto-de-encendido-navideno-que-hara-brillar-a-la-ciudad-durante-mas-de-un-mes","status":"publish","type":"post","link":"https:\/\/www.europesays.com\/es\/262831\/","title":{"rendered":"La Navidad comienza de manera oficial en Irun con un acto de encendido navide\u00f1o que har\u00e1 brillar a la ciudad durante m\u00e1s de un mes"},"content":{"rendered":"<p>Las Navidades han comenzado de manera oficial en Irun con el acto de encendido navide\u00f1o que ha tenido lugar hoy s\u00e1bado, 29 de noviembre, por la tarde en la plaza de San Juan y sus alrededores. Se trata de un acto muy esperado por la ciudadan\u00eda irunesa, que este a\u00f1o ha corrido a cargo de un grupo de escolares de sexto de primaria del colegio La Salle Irun, quienes junto a la alcaldesa, <strong>Cristina Laborda<\/strong>, han accionado el bot\u00f3n que ha marcado el inicio de las Navidades en la ciudad.<\/p>\n<p>La primera edil irunesa ha deseado a las vecinas, vecinos y familias asistentes al acto que disfruten de estos d\u00edas tan se\u00f1alados en el calendario.. En sus palabras desde el escenario, Cristina Laborda ha querido agradecer al alumando de La Salle Irun y con estas palabras:\u00bbGaur gabonetako argiak piztuko ditugu elkarrekin. Vivamos y disfrutemos Irun en Navidad. Jai Zoriontsuak opa dizkizuet bihotzez\u00bb, ha deseado a toda la ciudad unas felices fiestas.<\/p>\n<p>Cabe destacar que, previo al momento estrella de la tarde, las familias de Irun han disfrutado a modo de antesala de un concierto en la plaza de San Juan protagonizado por el grupo infantil Gora Musika, junto a medio centenar de miembros de la Banda de M\u00fasica &#8216;Ciudad de Irun&#8217; y alrededor de un centenar de alumnos y alumnas del coro del Conservatorio municipal.<\/p>\n<p>Adem\u00e1s, y para seguir calentando motores de cara al momento del encendido, el concierto se ha complementado con un baile de los gigantes de Bidasoako Erraldoiak y Ondare, envolviendo as\u00ed a las familias en un ambiente plenamente festivo. Con la primera canci\u00f3n, los gigantes de Ondare y Bidasoaldeko Erraldoiak se han sumado desde los arkupes al p\u00fablico que desde minutos antes llenaba la plaza. En fila, los gigantes de ambas entidades se colocaron en los laterales, arropando a las familias all\u00ed reunidas. Tras ello, el concierto ha dado paso a un espect\u00e1culo de luces y m\u00fasica que ha escenificado la llegada de la Navidad, ya que ha sido el preludio perfecto para dar paso al acto de encendido.<\/p>\n<p>Sobre las 19:00h, aproximadamente, la alcaldesa de Irun y seis estudiantes del colegio La Salle Irun, Adur, Mireia, Alain, Julene, Oier e Irati, han pulsado el bot\u00f3n que ha ido encendiendo de manera progresiva el alumbrado navide\u00f1o por el centro de la ciudad. Acto seguido, un pasacalles festivo ha recorrido las calles principales de la ciudad, que se ha ido iluminando a medida que han ido avanzando por el recorrido, ilumin\u00e1ndose primero el \u00e1rbol de Navidad ubicado en la plaza Jenaro Etxeandia con una cuenta atr\u00e1s,\u00a0 y, a continuaci\u00f3n, le han seguido una tercera cuenta atr\u00e1s con un pulsador en el quiosco de la plaza del Ensanche que ha iluminado la plaza y todo el paseo de Col\u00f3n.<\/p>\n<p>Irun da as\u00ed comienzo a unas Navidades cuya programaci\u00f3n llegar\u00e1 a p\u00fablicos de todas las edades gracias a un total de 117 actividades organizadas desde el Ayuntamiento que se repartir\u00e1n en un total de 38 d\u00edas.<\/p>\n<p>Entre las actividades m\u00e1s destacadas del programa, adem\u00e1s del acto de encendido navide\u00f1o de hoy, se encuentran el espect\u00e1culo de luces y m\u00fasica del nuevo \u00e1rbol de Navidad de 21 metros de altura a partir del 5 de diciembre, adem\u00e1s del espect\u00e1culo a\u00e9reo &#8216;Magic Christmas&#8217; de Pablo M\u00e9ndez Performances, los mon\u00f3logos de la humorista Valeria Ros o de Oihan Vega en euskera, as\u00ed como mayor presencia de animaci\u00f3n en las calles, con los gigantes y cabezudos como santo y se\u00f1a.<\/p>\n<p>Adem\u00e1s, tambi\u00e9n habr\u00e1 sitio para los grandes cl\u00e1sicos de la Navidad irunesa, como las pistas y el tobog\u00e1n de hielo, el Mercado de Navidad o la Feria de Santo Tom\u00e1s, la llegada de Olentzero y Mari Domingi o de los Reyes Magos.<\/p>\n","protected":false},"excerpt":{"rendered":"Las Navidades han comenzado de manera oficial en Irun con el acto de encendido navide\u00f1o que ha tenido&hellip;\n","protected":false},"author":2,"featured_media":262832,"comment_status":"","ping_status":"","sticky":false,"template":"","format":"standard","meta":{"footnotes":""},"categories":[5],"tags":[17,18,25,24,13,14,11,19,20,9,10,15,16,23,12,21,22],"class_list":{"0":"post-262831","1":"post","2":"type-post","3":"status-publish","4":"format-standard","5":"has-post-thumbnail","7":"category-titulares","8":"tag-breaking-news","9":"tag-breakingnews","10":"tag-es","11":"tag-espana","12":"tag-featured-news","13":"tag-featurednews","14":"tag-headlines","15":"tag-latest-news","16":"tag-latestnews","17":"tag-news","18":"tag-noticias","19":"tag-noticias-destacadas","20":"tag-noticiasdestacadas","21":"tag-spain","22":"tag-titulares","23":"tag-ultimas-noticias","24":"tag-ultimasnoticias"},"share_on_mastodon":{"url":"https:\/\/pubeurope.com\/@es\/115635734654413745","error":""},"_links":{"self":[{"href":"https:\/\/www.europesays.com\/es\/wp-json\/wp\/v2\/posts\/262831","targetHints":{"allow":["GET"]}}],"collection":[{"href":"https:\/\/www.europesays.com\/es\/wp-json\/wp\/v2\/posts"}],"about":[{"href":"https:\/\/www.europesays.com\/es\/wp-json\/wp\/v2\/types\/post"}],"author":[{"embeddable":true,"href":"https:\/\/www.europesays.com\/es\/wp-json\/wp\/v2\/users\/2"}],"replies":[{"embeddable":true,"href":"https:\/\/www.europesays.com\/es\/wp-json\/wp\/v2\/comments?post=262831"}],"version-history":[{"count":0,"href":"https:\/\/www.europesays.com\/es\/wp-json\/wp\/v2\/posts\/262831\/revisions"}],"wp:featuredmedia":[{"embeddable":true,"href":"https:\/\/www.europesays.com\/es\/wp-json\/wp\/v2\/media\/262832"}],"wp:attachment":[{"href":"https:\/\/www.europesays.com\/es\/wp-json\/wp\/v2\/media?parent=262831"}],"wp:term":[{"taxonomy":"category","embeddable":true,"href":"https:\/\/www.europesays.com\/es\/wp-json\/wp\/v2\/categories?post=262831"},{"taxonomy":"post_tag","embeddable":true,"href":"https:\/\/www.europesays.com\/es\/wp-json\/wp\/v2\/tags?post=262831"}],"curies":[{"name":"wp","href":"https:\/\/api.w.org\/{rel}","templated":true}]}}