{"id":262833,"date":"2025-11-30T00:11:26","date_gmt":"2025-11-30T00:11:26","guid":{"rendered":"https:\/\/www.europesays.com\/es\/262833\/"},"modified":"2025-11-30T00:11:26","modified_gmt":"2025-11-30T00:11:26","slug":"intensa-jornada-de-semifinales-en-el-gran-canaria-open","status":"publish","type":"post","link":"https:\/\/www.europesays.com\/es\/262833\/","title":{"rendered":"Intensa jornada de semifinales en el Gran Canaria Open"},"content":{"rendered":"<p data-mrf-recirculation=\"Links P\u00e1rrafos\" class=\"ue-c-article__paragraph paragraph xai-icon-container ue-c-article--first-letter-highlighted\">El emblem\u00e1tico Paseo de Las Canteras, lugar en el que se ubica la pista central del\u00a0<strong>Gran Canaria Open 2025<\/strong>, ha vivido una jornada del mejor pickleball de\u00a0Europa. El<strong> circuito nacional de Pickleball de la RFET,<\/strong> disputa estos d\u00edas su\u00a0sexta y \u00faltima parada de la temporada. La jornada de semifinales ha comprendido 10 partidos del m\u00e1ximo nivel.\u00a0<\/p>\n<p><img decoding=\"async\" width=\"3000\" height=\"2000\" class=\"ue-c-article__image lazyload\" alt=\"Ignasi de Rueda\" loading=\"lazy\" src=\"https:\/\/www.europesays.com\/es\/wp-content\/uploads\/2025\/11\/692b60bce710a.jpeg\"\/><\/p>\n<p>Ignasi de Ruedaeduardo vg<\/p>\n<p data-mrf-recirculation=\"Links P\u00e1rrafos\" class=\"ue-c-article__paragraph paragraph xai-icon-container\">En el cuadro individual femenino la venezolana <strong>Raquel Amaro,<\/strong> tras salir victoriosa en el<strong> Barcelona Open, <\/strong>se ha clasificado de nuevo para una final tras vencer a la almeriense <strong>Mar\u00eda\u00a0Pintor<\/strong> por 17-21 y 15-21. El\u00a0\u00a0enfrentamiento que ya se hab\u00eda vivido en fase de\u00a0grupos y Raquel Amaro tambi\u00e9n consigui\u00f3 la victoria. Le acompa\u00f1ar\u00e1 la n\u00famero 1 del ranking, <strong>Sabrina M\u00e9ndez,<\/strong> que venci\u00f3 a\u00a0<strong>Alicia Garc\u00eda<\/strong> 21-14 y 21-17 en un partido en el que siempre llev\u00f3 el control.\u00a0<\/p>\n<p><img decoding=\"async\" width=\"3000\" height=\"2000\" class=\"ue-c-article__image lazyload\" alt=\"Alberto Horcajuelo\" loading=\"lazy\" src=\"https:\/\/www.europesays.com\/es\/wp-content\/uploads\/2025\/11\/692b60d81e9a5.jpeg\"\/><\/p>\n<p>Alberto Horcajueloeduardo vg<\/p>\n<p data-mrf-recirculation=\"Links P\u00e1rrafos\" class=\"ue-c-article__paragraph paragraph xai-icon-container\">En el cuadro <strong>individual masculino<\/strong> se empez\u00f3 con\u00a0una semifinal in\u00e9dita en PickleProTour, entre <strong>Alberto\u00a0Horcajuelo y Dennis Uspens<\/strong>ky. Tras un partido\u00a0competid\u00edsmo y un resultado de 21-7, 21-22 y 21-19, Horcajuelo venci\u00f3 a su rival estadounidense y pelear\u00e1 ma\u00f1ana por su<strong>\u00a0primer t\u00edtulo<\/strong> en el circuito nacional. No lo tendr\u00e1 f\u00e1cil porque enfrente tendr\u00e1 a <strong>Ignasi de Rueda,<\/strong> siempre entre los favoritos.\u00a0Reeditando la final del <strong>Mijas Open<\/strong> y el partido que les enfrento en\u00a0fase de grupos en este Gran Canaria Open 2025, el barcelon\u00e9s venci\u00f3 a\u00a0<strong>Alexander Serrano <\/strong>21-17, 14-21 y 21-8.<\/p>\n<p><img decoding=\"async\" width=\"3000\" height=\"2000\" class=\"ue-c-article__image lazyload\" alt=\"Mar\u00eda Constantino y Sabrina M\u00e9ndez\" loading=\"lazy\" src=\"https:\/\/www.europesays.com\/es\/wp-content\/uploads\/2025\/11\/692b60f7a9530.jpeg\"\/><\/p>\n<p>Mar\u00eda Constantino y Sabrina M\u00e9ndezeduardo vg<\/p>\n<p data-mrf-recirculation=\"Links P\u00e1rrafos\" class=\"ue-c-article__paragraph paragraph xai-icon-container\"><strong>Clara Contis y Roc\u00edo Cardo <\/strong>se estrenaban como pareja de dobles y de momento han alcanzado la final\u00a0tras vencer en un partido igualad\u00edsimo a <strong>Alicia Garc\u00eda y Celia Mill\u00f3n<\/strong> 21-18 y 22-21. Luchar\u00e1n por romper el pron\u00f3stico en la final ante <strong>Mar\u00eda Constantino y Sabrina M\u00e9ndez<\/strong>, que superaron a\u00a0<strong>Eleana Rodino y Alicia Roca <\/strong>21-16 y 21-12. Sabrina M\u00e9ndez buscar\u00e1 su <strong>octavo\u00a0t\u00edtulo<\/strong> y\u00a0mientras la malague\u00f1a Mar\u00eda Costantino intentar\u00e1 levantar el cuarto en el\u00a0Pickle Pro Tour. Ma\u00f1ana, en la final, se ver\u00e1n las caras con Rocio Cardo y Clara\u00a0Contis.<\/p>\n<p><img decoding=\"async\" width=\"3000\" height=\"2000\" class=\"ue-c-article__image lazyload\" alt=\"Clara Contis y Roc\u00edo Cardo\" loading=\"lazy\" src=\"https:\/\/www.europesays.com\/es\/wp-content\/uploads\/2025\/11\/692b61180684d.jpeg\"\/><\/p>\n<p>Clara Contis y Roc\u00edo Cardoeduardo vg<\/p>\n<p data-mrf-recirculation=\"Links P\u00e1rrafos\" class=\"ue-c-article__paragraph paragraph xai-icon-container\"><strong>Garc\u00eda e Illescas <\/strong>alcanzaron su quinta final. Los N\u00ba2 del ranking de dobles masculinos vencieron a <strong>Ignasi de Rueda\u00a0y Sergi Ventura <\/strong>21-16 y 21-14 en un partido decidido por peque\u00f1os detalles. Buscar\u00e1n su tercer t\u00edtulo tras los cosechados en <strong>M\u00e1laga y M\u00f3stoles<\/strong>. Por su parte <strong>Jes\u00fas Campos y Javier Gallego <\/strong>dieron la campanada. Jugaban contra los N\u00ba8 del r\u00e1nking, <strong>Alexander Serrano y Javier Casquero<\/strong>, y jugaron un partido muy s\u00f3lido en el\u00a0que ambos jugadores estuvieron muy enchufados, dando pocas opciones a Casquero\u00a0y Serrano (21-18 &#8211; 21-14).<\/p>\n<p><img decoding=\"async\" width=\"3000\" height=\"2000\" class=\"ue-c-article__image lazyload\" alt=\"Jes\u00fas Garc\u00eda y David Illescas\" loading=\"lazy\" src=\"https:\/\/www.europesays.com\/es\/wp-content\/uploads\/2025\/11\/692b613a3d773.jpeg\"\/><\/p>\n<p>Jes\u00fas Garc\u00eda y David Illescaseduardo vg<\/p>\n<p data-mrf-recirculation=\"Links P\u00e1rrafos\" class=\"ue-c-article__paragraph paragraph xai-icon-container\">En la primera semifinal de dobles mixtos tres de los cuatro protagonistas eran extranjeros.\u00a0Los estadounidenses Dennis\u00a0Uspensky y Amanda Rosati vencieron 19-21, 21\/15 y 21-13 a la venezolana Raquel Amaro y al espa\u00f1ol \u2018Mike\u2019 L\u00f3pez. En la segunda, Sabrina M\u00e9ndez logr\u00f3 su pase a su tercera final del d\u00eda. La acompa\u00f1ar\u00e1 en los dobles mixtos\u00a0Jes\u00fas Garc\u00eda. Juntos vencieron a\u00a0H\u00e9ctor S\u00e1nchez y Viktoria Kanichova 21-13 y 21-14.\u00a0<\/p>\n","protected":false},"excerpt":{"rendered":"El emblem\u00e1tico Paseo de Las Canteras, lugar en el que se ubica la pista central del\u00a0Gran Canaria Open&hellip;\n","protected":false},"author":2,"featured_media":262834,"comment_status":"","ping_status":"","sticky":false,"template":"","format":"standard","meta":{"footnotes":""},"categories":[274],"tags":[168,25,24,23,167,327,326],"class_list":{"0":"post-262833","1":"post","2":"type-post","3":"status-publish","4":"format-standard","5":"has-post-thumbnail","7":"category-tenis","8":"tag-deportes","9":"tag-es","10":"tag-espana","11":"tag-spain","12":"tag-sports","13":"tag-tenis","14":"tag-tennis"},"share_on_mastodon":{"url":"https:\/\/pubeurope.com\/@es\/115635754968388847","error":""},"_links":{"self":[{"href":"https:\/\/www.europesays.com\/es\/wp-json\/wp\/v2\/posts\/262833","targetHints":{"allow":["GET"]}}],"collection":[{"href":"https:\/\/www.europesays.com\/es\/wp-json\/wp\/v2\/posts"}],"about":[{"href":"https:\/\/www.europesays.com\/es\/wp-json\/wp\/v2\/types\/post"}],"author":[{"embeddable":true,"href":"https:\/\/www.europesays.com\/es\/wp-json\/wp\/v2\/users\/2"}],"replies":[{"embeddable":true,"href":"https:\/\/www.europesays.com\/es\/wp-json\/wp\/v2\/comments?post=262833"}],"version-history":[{"count":0,"href":"https:\/\/www.europesays.com\/es\/wp-json\/wp\/v2\/posts\/262833\/revisions"}],"wp:featuredmedia":[{"embeddable":true,"href":"https:\/\/www.europesays.com\/es\/wp-json\/wp\/v2\/media\/262834"}],"wp:attachment":[{"href":"https:\/\/www.europesays.com\/es\/wp-json\/wp\/v2\/media?parent=262833"}],"wp:term":[{"taxonomy":"category","embeddable":true,"href":"https:\/\/www.europesays.com\/es\/wp-json\/wp\/v2\/categories?post=262833"},{"taxonomy":"post_tag","embeddable":true,"href":"https:\/\/www.europesays.com\/es\/wp-json\/wp\/v2\/tags?post=262833"}],"curies":[{"name":"wp","href":"https:\/\/api.w.org\/{rel}","templated":true}]}}