{"id":262835,"date":"2025-11-30T00:12:17","date_gmt":"2025-11-30T00:12:17","guid":{"rendered":"https:\/\/www.europesays.com\/es\/262835\/"},"modified":"2025-11-30T00:12:17","modified_gmt":"2025-11-30T00:12:17","slug":"ya-sabemos-el-posible-calendario-de-ciclocross-para-van-der-poel","status":"publish","type":"post","link":"https:\/\/www.europesays.com\/es\/262835\/","title":{"rendered":"Ya sabemos el posible calendario de ciclocross para van der Poel"},"content":{"rendered":"<p><strong><img fetchpriority=\"high\" decoding=\"async\" class=\"aligncenter size-full wp-image-67398\" src=\"data:image\/svg+xml,%3Csvg%20xmlns=\" http:=\"\" alt=\"\" width=\"1025\" height=\"400\" data-lazy- data-lazy- data-lazy-src=\"https:\/\/www.europesays.com\/es\/wp-content\/uploads\/2025\/11\/anunci-generic-bla-1-1024x120-px-v3-02.jpg\"\/><\/strong><\/p>\n<p>Ya sabemos el posible calendario de ciclocross para Mathieu van der Poel<\/p>\n<p>Mathieu van der Poel vuelve al barro como quien regresa al lugar donde la historia se escribe con cada pedalada.<\/p>\n<p>Su equipo ya ha adelantado un calendario que apunta a una temporada de esas que se recuerdan durante d\u00e9cadas: yhasta <strong>trece carreras entre Copas del Mundo, X2O\u00a0\u00a0Exact Cross, con un posible debut en Namur el 14 de diciembre<\/strong>.<\/p>\n<p><a class=\"wppaslink\" href=\"https:\/\/joanseguidor.com\/pas\/ccmm-valenciana\/44016\/0\" target=\"_blank\" rel=\"nofollow noopener\"><img decoding=\"async\" src=\"data:image\/svg+xml,%3Csvg%20xmlns=\" http:=\"\" alt=\"CCMM Valenciana\" border=\"0\" data-lazy-src=\"https:\/\/www.europesays.com\/es\/wp-content\/uploads\/2025\/11\/1764461535_371_tl-joanseguidorcom-1024x140-1.png\"\/><\/a><\/p>\n<p>Si no llega a tiempo, arrancar\u00e1 en Amberes unos d\u00edas despu\u00e9s.<\/p>\n<p><strong>El d\u00f3nde casi es irrelevante: lo importante es que vuelve el dominador indiscutible del ciclocross.<\/strong><\/p>\n<p>Este invierno no es uno m\u00e1s.<\/p>\n<p>Es el inicio de <strong>la campa\u00f1a en la que Van der Poel puede convertirse, por fin y sin discusi\u00f3n, en el m\u00e1s grande de la historia del ciclocross<\/strong>.<\/p>\n<p>Con su s\u00e9ptimo t\u00edtulo mundial, alcanz\u00f3 a Erik De Vlaeminck, pero <strong>ahora arranca el camino del octavo<\/strong>, el que lo dejar\u00eda solo en lo m\u00e1s alto.<\/p>\n<p>Hulst, febrero, arco\u00edris en juego: todo apunta a una cita con el destino.<\/p>\n<p>Lo que vimos en <a href=\"https:\/\/joanseguidor.com\/mathieu-van-der-poel-el-mejor-de-la-historia\/\" target=\"_blank\" rel=\"noopener nofollow\">Li\u00e9vin<\/a> fue otra demostraci\u00f3n de su autoridad.<\/p>\n<p>Wout van Aert, con la parte alta del muslo izquierdo rasgada, persiguiendo en la pen\u00faltima vuelta; la imagen repetida, el celeste intentando conectar con Mathieu.<\/p>\n<p>Un d\u00e9j\u00e0 vu constante.<\/p>\n<p>Pero esta vez ni siquiera hubo tensi\u00f3n real.<\/p>\n<p>Mala salida de Wout, esfuerzo enorme por remontar\u2026 y al final, la misma conclusi\u00f3n: Van der Poel impone su ley y lo hace sin margen a la duda.<\/p>\n<p>Lo suyo no es solo ganar, es elevar el ciclocross a una dimensi\u00f3n nueva.<\/p>\n<p>Ha convertido la disciplina en su laboratorio personal: cada curva m\u00e1s precisa que la anterior, cada tramo de barro le\u00eddo como un libro abierto.<\/p>\n<p><strong>Ha a\u00f1adido una potencia extraordinaria tras sus campa\u00f1as en carretera<\/strong>, donde gana Roubaix, Flandes o lo que se le ponga delante, y al mismo tiempo conserva la chispa necesaria para esfuerzos cortos y explosivos.<\/p>\n<p><a href=\"https:\/\/www.turismodecastellon.com\/es\/que-hacer\/rutaCicloturismo\" rel=\"nofollow noopener\" target=\"_blank\"><img loading=\"lazy\" decoding=\"async\" class=\"aligncenter wp-image-66569 size-medium\" src=\"data:image\/svg+xml,%3Csvg%20xmlns=\" http:=\"\" alt=\"\" width=\"300\" height=\"293\" data-lazy- data-lazy- data-lazy-src=\"https:\/\/www.europesays.com\/es\/wp-content\/uploads\/2025\/10\/bn-castellon-cycling-1024x1000-3-300x293.gif\"\/><\/a><\/p>\n<p>Muchos dicen que no hace falta mirar estad\u00edsticas para saber que es el mejor. Y quiz\u00e1 tengan raz\u00f3n: basta con verlo correr.<\/p>\n<p><strong>Nys progresa, Van Aert resiste, los j\u00f3venes aparecen<\/strong>, pero ninguno ha demostrado tener la llave de su hegemon\u00eda.<\/p>\n<p>Ahora empieza la campa\u00f1a decisiva.<\/p>\n<p>La que puede convertirlo, por resultados y por dominio, en el ciclista m\u00e1s grande que haya pisado un circuito de ciclocross.<\/p>\n<p>Y la sensaci\u00f3n es clara: no hay nadie que pueda evitarlo.<\/p>\n<p>Imagen:\u00a0<a href=\"https:\/\/www.facebook.com\/photo\/?fbid=1035211988639277&amp;set=pb.100064514569782.-2207520000\" rel=\"nofollow noopener\" target=\"_blank\">UCI Cyclocross<\/a><\/p>\n<p><strong><a href=\"https:\/\/terresdelebre.travel\/cycling\/es\/deportivo\" target=\"_blank\" rel=\"noopener nofollow\"><img loading=\"lazy\" decoding=\"async\" class=\"aligncenter\" src=\"data:image\/svg+xml,%3Csvg%20xmlns=\" http:=\"\" alt=\"\" width=\"1024\" height=\"400\" data-lazy-src=\"https:\/\/www.europesays.com\/es\/wp-content\/uploads\/2025\/10\/1024x400-cicloturisme-joanseguidor.jpg\"\/><\/a><\/strong><\/p>\n","protected":false},"excerpt":{"rendered":"Ya sabemos el posible calendario de ciclocross para Mathieu van der Poel Mathieu van der Poel vuelve al&hellip;\n","protected":false},"author":2,"featured_media":262836,"comment_status":"","ping_status":"","sticky":false,"template":"","format":"standard","meta":{"footnotes":""},"categories":[273],"tags":[313,44324,312,168,25,24,2548,7619,23,167],"class_list":{"0":"post-262835","1":"post","2":"type-post","3":"status-publish","4":"format-standard","5":"has-post-thumbnail","7":"category-ciclismo","8":"tag-ciclismo","9":"tag-ciclocross","10":"tag-cycling","11":"tag-deportes","12":"tag-es","13":"tag-espana","14":"tag-featured","15":"tag-mathieu-van-der-poel","16":"tag-spain","17":"tag-sports"},"share_on_mastodon":{"url":"https:\/\/pubeurope.com\/@es\/115635758211566619","error":""},"_links":{"self":[{"href":"https:\/\/www.europesays.com\/es\/wp-json\/wp\/v2\/posts\/262835","targetHints":{"allow":["GET"]}}],"collection":[{"href":"https:\/\/www.europesays.com\/es\/wp-json\/wp\/v2\/posts"}],"about":[{"href":"https:\/\/www.europesays.com\/es\/wp-json\/wp\/v2\/types\/post"}],"author":[{"embeddable":true,"href":"https:\/\/www.europesays.com\/es\/wp-json\/wp\/v2\/users\/2"}],"replies":[{"embeddable":true,"href":"https:\/\/www.europesays.com\/es\/wp-json\/wp\/v2\/comments?post=262835"}],"version-history":[{"count":0,"href":"https:\/\/www.europesays.com\/es\/wp-json\/wp\/v2\/posts\/262835\/revisions"}],"wp:featuredmedia":[{"embeddable":true,"href":"https:\/\/www.europesays.com\/es\/wp-json\/wp\/v2\/media\/262836"}],"wp:attachment":[{"href":"https:\/\/www.europesays.com\/es\/wp-json\/wp\/v2\/media?parent=262835"}],"wp:term":[{"taxonomy":"category","embeddable":true,"href":"https:\/\/www.europesays.com\/es\/wp-json\/wp\/v2\/categories?post=262835"},{"taxonomy":"post_tag","embeddable":true,"href":"https:\/\/www.europesays.com\/es\/wp-json\/wp\/v2\/tags?post=262835"}],"curies":[{"name":"wp","href":"https:\/\/api.w.org\/{rel}","templated":true}]}}