{"id":262837,"date":"2025-11-30T00:14:12","date_gmt":"2025-11-30T00:14:12","guid":{"rendered":"https:\/\/www.europesays.com\/es\/262837\/"},"modified":"2025-11-30T00:14:12","modified_gmt":"2025-11-30T00:14:12","slug":"las-palabras-de-ruben-burgos-en-la-previa-ante-ingenieria-ambiental-cab-estepona","status":"publish","type":"post","link":"https:\/\/www.europesays.com\/es\/262837\/","title":{"rendered":"Las palabras de Rub\u00e9n Burgos en la previa ante Ingenier\u00eda Ambiental CAB Estepona"},"content":{"rendered":"<p class=\"ft-text\"><a class=\"ft-link ft-link--decoration\" href=\"https:\/\/www.superdeporte.es\/tags\/valencia-basket\/\" rel=\"nofollow noopener\" target=\"_blank\"><strong>Valencia Basket<\/strong><\/a><strong> afronta este domingo un nuevo reto en el Roig Arena<\/strong>, donde enlaza su tercer encuentro en apenas una semana.<strong> El conjunto taronja recibe a Ingenier\u00eda Ambiental CAB Estepona<\/strong>, un <strong>reci\u00e9n ascendido <\/strong>que llega sin complejos y que ya ha demostrado capacidad para competir en la<strong> LF Endesa<\/strong>. Con seis victorias consecutivas y un juego cada vez m\u00e1s s\u00f3lido, el equipo de <strong>Rub\u00e9n Burgos <\/strong>afronta este duelo con la intenci\u00f3n de mantener su din\u00e1mica positiva ante su p\u00fablico.<\/p>\n<p class=\"ft-text\">El t\u00e9cnico valenciano pone el \u00e9nfasis en la necesidad de conectar con la grada a trav\u00e9s del esfuerzo, la energ\u00eda y la continuidad en el juego coral. Adem\u00e1s, subraya la importancia de gestionar las cargas f\u00edsicas tras un tramo exigente y con bajas sensibles que obligan a ajustes constantes en la rotaci\u00f3n.<\/p>\n<p>Recuperar fuerzas y mantener la identidad<\/p>\n<p class=\"ft-text\"><strong>Burgos reconoce que la prioridad del cuerpo t\u00e9cnico en los \u00faltimos d\u00edas ha sido recuperar a las nueve jugadoras profesionales disponibles<\/strong>, especialmente a aquellas que han acumulado m\u00e1s minutos por las ausencias en posiciones clave. Tanto <strong>Cristina Ouvi\u00f1a<\/strong>, en proceso de reincorporaci\u00f3n progresiva tras su maternidad, como <a class=\"ft-link ft-link--decoration\" href=\"https:\/\/www.superdeporte.es\/tags\/raquel-carrera\/\" rel=\"nofollow noopener\" target=\"_blank\"><strong>Raquel Carrera<\/strong><\/a>, recuper\u00e1ndose de molestias en su rodilla izquierda, siguen siendo baja. La joven Paula Saravia completa la convocatoria.<\/p>\n<p class=\"ft-text\"><strong>El entrenador destaca que jugar de nuevo en casa es un impulso importante<\/strong>: \u201cVolver a estar junto a nuestro p\u00fablico y mostrar un buen esfuerzo\u201d es, para \u00e9l, la base que permitir\u00e1 al equipo ofrecer una puesta en escena s\u00f3lida desde el inicio.<\/p>\n<p>Un Estepona peligroso y cargado de talento<\/p>\n<p class=\"ft-text\">Pese a ser un reci\u00e9n ascendido, <strong>Ingenier\u00eda Ambiental CAB Estepona no ser\u00e1 un rival sencillo<\/strong>. Con un balance de <strong>2-5 <\/strong>y actuaciones destacadas ante equipos consolidados, el conjunto malague\u00f1o ha construido una plantilla equilibrada, con jugadoras experimentadas y referentes ofensivos que pueden castigar cualquier error.<\/p>\n<p><img decoding=\"async\" src=\"https:\/\/www.europesays.com\/es\/wp-content\/uploads\/2025\/11\/b7ba6146-8263-47bf-a4d5-5d03d7d817fe_alta-libre-aspect-ratio_default_0.jpg\" width=\"1200\" height=\"674\" alt=\"Leonie Fiebich en uno de los encunetros anteriores\" class=\"ft-helper-img-rd\" loading=\"lazy\"\/><\/p>\n<p class=\"ft-helper-fontColor-quaternary ft-helper-fontSize-body-S ft-helper-spacer-t-xxs\">Leonie Fiebich en uno de los encunetros anteriores  \/ Valencia Basket<\/p>\n<p class=\"ft-text\"><a class=\"ft-link ft-link--decoration\" href=\"https:\/\/www.superdeporte.es\/tags\/ruben-burgos\/\" rel=\"nofollow noopener\" target=\"_blank\"><strong>Burgos<\/strong><\/a> destaca la direcci\u00f3n de la base <strong>Melissa Gretter, jugadora con amplia trayectoria en la competici\u00f3n<\/strong>. En el per\u00edmetro, tanto<strong> Madison Conner<\/strong> como <strong>Maddie Garrick<\/strong> representan una amenaza real desde el triple, obligando al Valencia a defender con agresividad y precisi\u00f3n los bloqueos y las situaciones exteriores. En la pintura, el desaf\u00edo es may\u00fasculo: <strong>Sika Kon\u00e9 <\/strong>(actual m\u00e1xima anotadora de la LF Endesa) y <strong>Leia Dongue<\/strong> aportan f\u00edsico, lectura y mucha capacidad de dominar en cercan\u00edas del aro. \u201cNos van a exigir nuestra mejor versi\u00f3n defensiva\u201d, recalca el t\u00e9cnico.<\/p>\n<p>Crecimiento ofensivo y continuidad en el juego coral<\/p>\n<p class=\"ft-text\">A pesar de las bajas y la carga de partidos, <strong>Burgos valora de forma muy positiva el crecimiento del equipo en ataque<\/strong>. El Valencia Basket ha encontrado un equilibrio m\u00e1s definido entre su juego interior y exterior, sumando puntos en transici\u00f3n y desplegando una circulaci\u00f3n de bal\u00f3n m\u00e1s fluida.<\/p>\n<p class=\"ft-text\">El t\u00e9cnico apuesta por mantener esa l\u00ednea: <strong>seguir compartiendo el bal\u00f3n, explotar la versatilidad del equipo y reforzar la identidad colectiva<\/strong> que les ha permitido convertirse en el conjunto m\u00e1s en forma de la competici\u00f3n con su racha de seis victorias seguidas.<\/p>\n<p>Roig Arena, un factor determinante en el tramo clave<\/p>\n<p class=\"ft-text\"><strong>El enfrentamiento ante Estepona ser\u00e1 el segundo de cuatro partidos consecutivos en el <\/strong><a class=\"ft-link ft-link--decoration\" href=\"https:\/\/www.superdeporte.es\/tags\/roig-arena\/\" rel=\"nofollow noopener\" target=\"_blank\"><strong>Roig Arena<\/strong><\/a>, un tramo del calendario que puede resultar decisivo para consolidar sensaciones y puntuar con regularidad. Tras vencer al <strong>Innova-tsn Legan\u00e9s<\/strong> y afrontar un exigente compromiso europeo ante <strong>DVTK<\/strong>, el Valencia vuelve a competir ante su gente con el objetivo de mantener el pulso en la zona alta de la tabla.<\/p>\n<p><img decoding=\"async\" src=\"https:\/\/www.europesays.com\/es\/wp-content\/uploads\/2025\/11\/502cc3fa-4456-4214-a718-8ab012dba56b_alta-libre-aspect-ratio_default_0.jpg\" width=\"1200\" height=\"800\" alt=\"Valencia Roig Arena. Partido de baloncesto Euroliga Euroleague Valencia Basket Club vs Real Madrid . VLC SPD\" class=\"ft-helper-img-rd\" loading=\"lazy\"\/><\/p>\n<p class=\"ft-helper-fontColor-quaternary ft-helper-fontSize-body-S ft-helper-spacer-t-xxs\">Valencia Roig Arena. Partido de baloncesto Euroliga Euroleague Valencia Basket Club vs Real Madrid . VLC SPD  \/ JM LOPEZ<\/p>\n<p class=\"ft-text\"><strong>Rub\u00e9n Burgos resume el reto con claridad: esfuerzo, cohesi\u00f3n y crecimiento constante<\/strong>. Un mensaje alineado con la mentalidad del equipo en este arranque de temporada y que marca el camino para un mes repleto de desaf\u00edos. Valencia Basket quiere seguir dando pasos firmes, y Estepona ser\u00e1 la pr\u00f3xima prueba para medir su ambici\u00f3n.<\/p>\n","protected":false},"excerpt":{"rendered":"Valencia Basket afronta este domingo un nuevo reto en el Roig Arena, donde enlaza su tercer encuentro en&hellip;\n","protected":false},"author":2,"featured_media":262838,"comment_status":"","ping_status":"","sticky":false,"template":"","format":"standard","meta":{"footnotes":""},"categories":[269],"tags":[299,298,623,168,25,24,41321,3956,37439,25803,6213,37323,2915,1361,17893,23,167,2916],"class_list":{"0":"post-262837","1":"post","2":"type-post","3":"status-publish","4":"format-standard","5":"has-post-thumbnail","7":"category-baloncesto","8":"tag-baloncesto","9":"tag-basketball","10":"tag-burgos","11":"tag-deportes","12":"tag-es","13":"tag-espana","14":"tag-estepona","15":"tag-gran","16":"tag-lf-endesa","17":"tag-mostrar","18":"tag-queremos","19":"tag-raquel-carrera","20":"tag-roig-arena","21":"tag-ruben","22":"tag-ruben-burgos","23":"tag-spain","24":"tag-sports","25":"tag-valencia-basket"},"share_on_mastodon":{"url":"https:\/\/pubeurope.com\/@es\/115635766556794279","error":""},"_links":{"self":[{"href":"https:\/\/www.europesays.com\/es\/wp-json\/wp\/v2\/posts\/262837","targetHints":{"allow":["GET"]}}],"collection":[{"href":"https:\/\/www.europesays.com\/es\/wp-json\/wp\/v2\/posts"}],"about":[{"href":"https:\/\/www.europesays.com\/es\/wp-json\/wp\/v2\/types\/post"}],"author":[{"embeddable":true,"href":"https:\/\/www.europesays.com\/es\/wp-json\/wp\/v2\/users\/2"}],"replies":[{"embeddable":true,"href":"https:\/\/www.europesays.com\/es\/wp-json\/wp\/v2\/comments?post=262837"}],"version-history":[{"count":0,"href":"https:\/\/www.europesays.com\/es\/wp-json\/wp\/v2\/posts\/262837\/revisions"}],"wp:featuredmedia":[{"embeddable":true,"href":"https:\/\/www.europesays.com\/es\/wp-json\/wp\/v2\/media\/262838"}],"wp:attachment":[{"href":"https:\/\/www.europesays.com\/es\/wp-json\/wp\/v2\/media?parent=262837"}],"wp:term":[{"taxonomy":"category","embeddable":true,"href":"https:\/\/www.europesays.com\/es\/wp-json\/wp\/v2\/categories?post=262837"},{"taxonomy":"post_tag","embeddable":true,"href":"https:\/\/www.europesays.com\/es\/wp-json\/wp\/v2\/tags?post=262837"}],"curies":[{"name":"wp","href":"https:\/\/api.w.org\/{rel}","templated":true}]}}