{"id":262841,"date":"2025-11-30T00:16:17","date_gmt":"2025-11-30T00:16:17","guid":{"rendered":"https:\/\/www.europesays.com\/es\/262841\/"},"modified":"2025-11-30T00:16:17","modified_gmt":"2025-11-30T00:16:17","slug":"las-entranables-imagenes-del-hijo-de-rafa-nadal-y-su-abuelo-en-el-cesped-de-son-moix","status":"publish","type":"post","link":"https:\/\/www.europesays.com\/es\/262841\/","title":{"rendered":"Las entra\u00f1ables im\u00e1genes del hijo de Rafa Nadal y su abuelo en el c\u00e9sped de Son Moix"},"content":{"rendered":"<p>Las gradas de <a href=\"https:\/\/www.ultimahora.es\/etiqueta\/Son+Moix.html?utm_source=Inline-tag&amp;utm_medium=internal\" rel=\"nofollow noopener\" target=\"_blank\">Son Moix<\/a> se rindieron este s\u00e1bado ante una divertida escena: <strong>el peque\u00f1o Rafael Nadal, acompa\u00f1ado de su abuelo Sebasti\u00e0<\/strong>, convirti\u00f3 el c\u00e9sped bermell\u00f3n en su propio campo de aventuras <a title=\"Rafa Nadal recibe el reconocimiento del Real Mallorca en forma de &#039;Dimoni d&#039;Honor&#039;\" href=\"https:\/\/www.ultimahora.es\/deportes\/tenis\/2025\/11\/29\/2522029\/rafa-nadal-recibe-reconocimiento-del-real-mallorca.html?utm_source=Related&amp;utm_medium=internal\" data-model=\"Noticia\" data-value=\"2522029\" rel=\"nofollow noopener\" target=\"_blank\">antes del Mallorca\u2013Osasuna<\/a>. Entre carreras, pelotazos inocentes y la mirada orgullosa del abuelo sigui\u00e9ndole de cerca, el hijo mayor del tenista protagoniz\u00f3 las im\u00e1genes m\u00e1s comentadas de la previa.<\/p>\n<p>El peque\u00f1o, de 3 a\u00f1os de edad, ya se mueve con una soltura sorprendente sobre el verde del estadio. Mientras su abuelo y padre de Nadal lo acompa\u00f1aba, el hijo mayor del tenista y Mery Perell\u00f3 exploraba cada rinc\u00f3n. La <strong>estampa familiar<\/strong>, tan cercana y espont\u00e1nea, fue el mejor arranque posible para una tarde que ya promet\u00eda ser especial para la familia Nadal.<\/p>\n<p>Apenas unos minutos despu\u00e9s lleg\u00f3 el acto central: <strong>la entrega del primer Dimoni d\u2019Honor del <a href=\"https:\/\/www.ultimahora.es\/etiqueta\/Real+Mallorca.html?utm_source=Inline-tag&amp;utm_medium=internal\" rel=\"nofollow noopener\" target=\"_blank\">Real Mallorca<\/a><\/strong> a su padre, Rafael Nadal. El ganador de 22 Grand Slams, uno de los nombres m\u00e1s ilustres de la historia del deporte espa\u00f1ol, fue recibido con una ovaci\u00f3n monumental por parte de la afici\u00f3n mallorquinista. Son Moix se puso en pie para homenajear al manacor\u00ed, que correspondi\u00f3 al cari\u00f1o con una sonrisa amplia y un sincero gesto de gratitud.<\/p>\n<p>Alfonso D\u00edaz fue el encargado de entregarle la distinci\u00f3n justo antes de que el extenista posara junto al once inicial de <strong>Jagoba Arrasate<\/strong>. Con la figura del dimoni entre las manos, Nadal irradiaba emoci\u00f3n. El reconocimiento supone la inauguraci\u00f3n de un galard\u00f3n destinado a quienes han llevado el nombre de Mallorca por todo el mundo, y pocos encajan ese perfil mejor que \u00e9l.<\/p>\n<p>As\u00ed, entre la ternura de un ni\u00f1o disfrutando sin filtros junto a su abuelo y el homenaje solemne al mayor icono deportivo de la isla, Son Moix vivi\u00f3 una tarde redonda. El padre se llev\u00f3 el Dimoni d\u2019Honor; el peque\u00f1o conoci\u00f3 el sentimiento mallorquinista; y el abuelo, el orgullo evidente de ver crecer a la tercera generaci\u00f3n Nadal.<\/p>\n","protected":false},"excerpt":{"rendered":"Las gradas de Son Moix se rindieron este s\u00e1bado ante una divertida escena: el peque\u00f1o Rafael Nadal, acompa\u00f1ado&hellip;\n","protected":false},"author":2,"featured_media":262842,"comment_status":"","ping_status":"","sticky":false,"template":"","format":"standard","meta":{"footnotes":""},"categories":[174],"tags":[255,146,147,25,24,256,6894,3439,14023,65429,23016,23,327],"class_list":{"0":"post-262841","1":"post","2":"type-post","3":"status-publish","4":"format-standard","5":"has-post-thumbnail","7":"category-famosos","8":"tag-celebrities","9":"tag-entertainment","10":"tag-entretenimiento","11":"tag-es","12":"tag-espana","13":"tag-famosos","14":"tag-rafa-nadal","15":"tag-rafael-nadal","16":"tag-real-mallorca","17":"tag-sebastia-nadal","18":"tag-son-moix","19":"tag-spain","20":"tag-tenis"},"share_on_mastodon":{"url":"https:\/\/pubeurope.com\/@es\/115635773994058672","error":""},"_links":{"self":[{"href":"https:\/\/www.europesays.com\/es\/wp-json\/wp\/v2\/posts\/262841","targetHints":{"allow":["GET"]}}],"collection":[{"href":"https:\/\/www.europesays.com\/es\/wp-json\/wp\/v2\/posts"}],"about":[{"href":"https:\/\/www.europesays.com\/es\/wp-json\/wp\/v2\/types\/post"}],"author":[{"embeddable":true,"href":"https:\/\/www.europesays.com\/es\/wp-json\/wp\/v2\/users\/2"}],"replies":[{"embeddable":true,"href":"https:\/\/www.europesays.com\/es\/wp-json\/wp\/v2\/comments?post=262841"}],"version-history":[{"count":0,"href":"https:\/\/www.europesays.com\/es\/wp-json\/wp\/v2\/posts\/262841\/revisions"}],"wp:featuredmedia":[{"embeddable":true,"href":"https:\/\/www.europesays.com\/es\/wp-json\/wp\/v2\/media\/262842"}],"wp:attachment":[{"href":"https:\/\/www.europesays.com\/es\/wp-json\/wp\/v2\/media?parent=262841"}],"wp:term":[{"taxonomy":"category","embeddable":true,"href":"https:\/\/www.europesays.com\/es\/wp-json\/wp\/v2\/categories?post=262841"},{"taxonomy":"post_tag","embeddable":true,"href":"https:\/\/www.europesays.com\/es\/wp-json\/wp\/v2\/tags?post=262841"}],"curies":[{"name":"wp","href":"https:\/\/api.w.org\/{rel}","templated":true}]}}