{"id":262847,"date":"2025-11-30T00:24:11","date_gmt":"2025-11-30T00:24:11","guid":{"rendered":"https:\/\/www.europesays.com\/es\/262847\/"},"modified":"2025-11-30T00:24:11","modified_gmt":"2025-11-30T00:24:11","slug":"jaime-de-los-santos-presenta-en-jerez-su-libro-el-evangelio-segun-caravaggio-gente","status":"publish","type":"post","link":"https:\/\/www.europesays.com\/es\/262847\/","title":{"rendered":"Jaime de los Santos presenta en Jerez su libro &#8216;El evangelio seg\u00fan Caravaggio&#8217; | Gente"},"content":{"rendered":"<p class=\"loc\">Jerez de la Frontera<\/p>\n<p>La alcaldesa de Jerez, Mar\u00eda Jos\u00e9 Garc\u00eda-Pelayo, ha participado en la presentaci\u00f3n del nuevo libro de Jaime de los Santos &#8216;El evangelio seg\u00fan Caravaggio&#8217;, que ha tenido lugar en la Sala Pescader\u00eda Vieja. Al acto, celebrado en formato de coloquio y presentado por Adri\u00e1n Otero de la Librer\u00eda El Laberinto, han asistido tambi\u00e9n los tenientes de alcaldesa Agust\u00edn Mu\u00f1oz, Jaime Espinar, Antonio Real y Susana S\u00e1nchez y los delegados Nela Garc\u00eda y Francisco Zurita. <\/p>\n<p>En su nueva novela, Jaime de los Santos reconstruye con rigor y sensibilidad la existencia de Caravaggio, un genio que revolucion\u00f3 la pintura, huyendo de la leyenda del hombre violento y peligroso, revelando a un artista libre, innovador, profundamente humano que siempre se mantuvo fiel a la verdad. <\/p>\n<p>El libro relata que Caravaggio mat\u00f3 al proxeneta de sus dos mejores amigas, a las que us\u00f3 como modelos para algunas de sus obras y tuvo que huir de Roma. A ra\u00edz de este incidente, seg\u00fan el autor, se le construy\u00f3 una biograf\u00eda llena de falsedades. <b>El libro muestra a unas mujeres fuertes que se vieron obligadas a mercadear con sus cuerpos<\/b>, una lacra que, como destaca el diputado, a\u00fan hoy en d\u00eda muchas mujeres padecen.<\/p>\n<p>La novela est\u00e1 ambientada en momentos clave de la historia de la humanidad y en ella De los Santos ha intentado convertir en palabras las experiencias m\u00e1s traum\u00e1ticas de las v\u00edctimas de trata, como lo fueron las protagonistas del libro.<\/p>\n<p>En la presentaci\u00f3n, la alcaldesa de Jerez, Mar\u00eda Jos\u00e9 Garc\u00eda-Pelayo, ha subrayado la permanente atenci\u00f3n que Jaime de los Santos presta a las mujeres a trav\u00e9s de sus obras y, en concreto, durante las 680 p\u00e1ginas de este nuevo libro. Asimismo, Garc\u00eda-Pelayo ha agradecido a De los Santos que haya querido presentar su libro en Jerez, ciudad candidata a ser Capital Europea de la Cultura en 2031. <\/p>\n<p>Jaime de los Santos es licenciado en Historia del Arte con cursos de especializaci\u00f3n como la c\u00e1tedra del Museo del Prado &#8216;Francisco de Goya&#8217;. Ha trabajado en la Agencia de Comunicaci\u00f3n Replica como jefe de prensa y ha sido director creativo de la empresa Proyectos S.L. En 2012 accedi\u00f3 al puesto de consejero t\u00e9cnico del Gabinete de la Presidencia del Gobierno y tres a\u00f1os m\u00e1s tarde fue nombrado director general de Promoci\u00f3n Cultural de la Comunidad de Madrid. En 2017 tom\u00f3 posesi\u00f3n del cargo de consejero de Cultura, Turismo, Juventud y Deportes de la Comunidad de Madrid, siendo designado senador auton\u00f3mico por la Asamblea de Madrid en junio de 2021. Actualmente es diputado nacional y vicesecretario general de Igualdad y Educaci\u00f3n del Partido Popular. Desde 2021 firma una columna de opini\u00f3n dedicada a la cultura en El Confidencial y colabora cada semana en el programa Espejo P\u00fablico. <\/p>\n","protected":false},"excerpt":{"rendered":"Jerez de la Frontera La alcaldesa de Jerez, Mar\u00eda Jos\u00e9 Garc\u00eda-Pelayo, ha participado en la presentaci\u00f3n del nuevo&hellip;\n","protected":false},"author":2,"featured_media":262848,"comment_status":"","ping_status":"","sticky":false,"template":"","format":"standard","meta":{"footnotes":""},"categories":[91],"tags":[146,147,25,24,23],"class_list":{"0":"post-262847","1":"post","2":"type-post","3":"status-publish","4":"format-standard","5":"has-post-thumbnail","7":"category-entretenimiento","8":"tag-entertainment","9":"tag-entretenimiento","10":"tag-es","11":"tag-espana","12":"tag-spain"},"share_on_mastodon":{"url":"https:\/\/pubeurope.com\/@es\/115635805638110011","error":""},"_links":{"self":[{"href":"https:\/\/www.europesays.com\/es\/wp-json\/wp\/v2\/posts\/262847","targetHints":{"allow":["GET"]}}],"collection":[{"href":"https:\/\/www.europesays.com\/es\/wp-json\/wp\/v2\/posts"}],"about":[{"href":"https:\/\/www.europesays.com\/es\/wp-json\/wp\/v2\/types\/post"}],"author":[{"embeddable":true,"href":"https:\/\/www.europesays.com\/es\/wp-json\/wp\/v2\/users\/2"}],"replies":[{"embeddable":true,"href":"https:\/\/www.europesays.com\/es\/wp-json\/wp\/v2\/comments?post=262847"}],"version-history":[{"count":0,"href":"https:\/\/www.europesays.com\/es\/wp-json\/wp\/v2\/posts\/262847\/revisions"}],"wp:featuredmedia":[{"embeddable":true,"href":"https:\/\/www.europesays.com\/es\/wp-json\/wp\/v2\/media\/262848"}],"wp:attachment":[{"href":"https:\/\/www.europesays.com\/es\/wp-json\/wp\/v2\/media?parent=262847"}],"wp:term":[{"taxonomy":"category","embeddable":true,"href":"https:\/\/www.europesays.com\/es\/wp-json\/wp\/v2\/categories?post=262847"},{"taxonomy":"post_tag","embeddable":true,"href":"https:\/\/www.europesays.com\/es\/wp-json\/wp\/v2\/tags?post=262847"}],"curies":[{"name":"wp","href":"https:\/\/api.w.org\/{rel}","templated":true}]}}