{"id":262849,"date":"2025-11-30T00:25:13","date_gmt":"2025-11-30T00:25:13","guid":{"rendered":"https:\/\/www.europesays.com\/es\/262849\/"},"modified":"2025-11-30T00:25:13","modified_gmt":"2025-11-30T00:25:13","slug":"chus-experto-en-informatica-esto-es-lo-que-recomiendo-que-hagais-porque-creo-que-las-cosas-se-van-a-poner-bastante-feas","status":"publish","type":"post","link":"https:\/\/www.europesays.com\/es\/262849\/","title":{"rendered":"Chus, experto en inform\u00e1tica: \u201cEsto es lo que recomiendo que hag\u00e1is porque creo que las cosas se van a poner bastante feas\u201d"},"content":{"rendered":"<p class=\"\">El sector del <b>hardware<\/b> de <b>PC<\/b> y la electr\u00f3nica de consumo se enfrenta a una nueva <b>crisis<\/b>. El <b>aumento<\/b> casi imparable de los <a href=\"https:\/\/as.com\/meristation\/noticias\/ni-el-mago-oscuro-ni-el-dragon-blanco-de-ojos-azules-este-fue-el-monstruo-de-yu-gi-oh-que-definio-el-meta-sus-primeros-anos-f202511-n\/\" target=\"_blank\" rel=\"nofollow noopener\" title=\"https:\/\/as.com\/meristation\/noticias\/ni-el-mago-oscuro-ni-el-dragon-blanco-de-ojos-azules-este-fue-el-monstruo-de-yu-gi-oh-que-definio-el-meta-sus-primeros-anos-f202511-n\/\"><b>precios<\/b><\/a> de determinados componentes, como <a href=\"https:\/\/as.com\/meristation\/betech\/lleva-dos-anos-y-medio-preguntandose-por-que-su-pc-tiene-poca-ram-y-la-clave-se-oculta-tras-una-capa-de-polvo-n\/\" target=\"_blank\" rel=\"nofollow noopener\" title=\"https:\/\/as.com\/meristation\/betech\/lleva-dos-anos-y-medio-preguntandose-por-que-su-pc-tiene-poca-ram-y-la-clave-se-oculta-tras-una-capa-de-polvo-n\/\"><b>memorias RAM<\/b><\/a> y <a href=\"https:\/\/as.com\/meristation\/betech\/ni-eternos-ni-infalibles-por-que-usar-tus-ssd-para-archivar-datos-a-largo-plazo-es-una-muy-mala-idea-f202511-n\/\" target=\"_blank\" rel=\"nofollow noopener\" title=\"https:\/\/as.com\/meristation\/betech\/ni-eternos-ni-infalibles-por-que-usar-tus-ssd-para-archivar-datos-a-largo-plazo-es-una-muy-mala-idea-f202511-n\/\"><b>discos SSD<\/b><\/a>, est\u00e1 haciendo que muchos usuarios no puedan actualizar sus equipos o construirse nuevos desde cero. Ante este panorama tan desolador, <b>expertos<\/b> en la materia como el influencer chus4life, lo tienen claro: \u201c<b>Comprad ahora, porque en unos meses ser\u00e1 mucho peor<\/b>\u201d.<\/p>\n<p>Un experto en inform\u00e1tica lo tiene claro: ante el repunte masivo de precios de hardware de PC, lo ideal es comprar ya antes de que sigan subiendo<\/p>\n<p class=\"\">\u201cEst\u00e1n subiendo los precios de los componentes: memorias RAM, procesadores, tarjetas gr\u00e1ficas. Pr\u00e1cticamente los precios se est\u00e1n duplicando. y probablemente se dupliquen m\u00e1s\u201d. As\u00ed comienza un nuevo clip viral de chus4life, un experto en inform\u00e1tica que <b>recomienda aprovechar las ofertas vigentes por Black Friday<\/b>. <\/p>\n<p class=\"\">Tambi\u00e9n recuerda que <b>este encarecimiento actual<\/b>, provocado por la fuerte y constante demanda de empresas especializadas en IA, <b>corresponde al stock que ya tienen las tiendas<\/b>, por lo que <b>las nuevas fabricaciones y reposiciones provocar\u00e1n un nuevo encarecimiento de precios<\/b> que puede hacer inasumible la compra de nuevos equipos o componentes para el usuario medio en unos meses.<\/p>\n<p class=\"\">\u201c\u00bfQu\u00e9 hacer? Os comento: <b>ahora mismo ten\u00e9is port\u00e1tiles sencillitos, de trabajo, y no tan sencillitos<\/b>, pero port\u00e1tiles \u2018de oferta\u2019 que <b>os recomiendo que, si necesit\u00e1is algo, os lo pill\u00e9is ya<\/b>. Ahora mismo, <b>esos port\u00e1tiles son port\u00e1tiles que ya estaban en <\/b><b>stock<\/b>, que ya estaban montados y que tienen su precio de venta, pero <b>en cuanto se acaben y se construyan con los nuevos precios de coste y fabricaci\u00f3n, el precio va a subir bastante<\/b>\u201c, argumenta. Es decir, Chus considera que <b>lo ideal es comprar ahora pese al sobreprecio para evitar pagar una cifra considerablemente m\u00e1s alta dentro de unas pocas semanas o meses<\/b> por el mismo producto.<\/p>\n<p>Ni capricho ni juguete: los PCs son esenciales para muchas personas por trabajo y por estudio<\/p>\n<p class=\"\">En la sociedad actual, <b>para muchas personas<\/b>, <b>un ordenador no es una simple puerta al ocio electr\u00f3nico<\/b>, <b>sino todo un medio de vida<\/b>. Hoy d\u00eda, muchos hogares cuentan con ordenadores tanto port\u00e1tiles como de sobremesa, y la implantaci\u00f3n paulatina del teletrabajo hace que estos aparatos sean cada vez m\u00e1s esenciales. Por este motivo, <b>para cada vez m\u00e1s gente<\/b>, <b>un PC no es un mero capricho para jugar<\/b>, <b>sino una herramienta de trabajo y\/o estudio<\/b>.<\/p>\n<p><img decoding=\"async\" src=\"https:\/\/www.europesays.com\/es\/wp-content\/uploads\/2025\/11\/GSEPN4NOUJCURIWGCQAYABWDQA.jpg\" alt=\"Chus, experto en inform\u00e1tica: \u201cEsto es lo que recomiendo que hag\u00e1is porque creo que las cosas se van a poner bastante feas\u201d\" height=\"675\" width=\"1200\"   loading=\"lazy\"\/>La memoria RAM es uno de los componentes de PC que se ha visto encarecido dr\u00e1sticamente durante las \u00faltimas semanas<\/p>\n<p class=\"\">En este contexto, <b>Chus recuerda el repunte de precios que hubo hace unos a\u00f1os con las GPU<\/b> debido a la criptominer\u00eda. \u201cHace un tiempo, con las gr\u00e1ficas estaba todo a precio normal, y cuando subieron, dentro de lo malo te pod\u00edas montar un ordenador sin gr\u00e1fica. <b>El problema ahora es que no te puedes montar un ordenador sin disco duro, sin memoria RAM o sin procesador<\/b>, que es lo que est\u00e1 subiendo de precio\u201d. O lo que es lo mismo, si aquella tesitura fue cr\u00edtica para muchos, <b>esta crisis ser\u00e1 a\u00fan m\u00e1s grave<\/b>, <b>especialmente para aquellos que dependan de los ordenadores para trabajar<\/b>.<\/p>\n<p class=\"\">En \u00faltima instancia, el an\u00e1lisis de Chus coincide con el de otros expertos: la tendencia de precios al alza en componentes como las RAM, los SSD e incluso los procesadores no tiene pinta de remitir a corto o medio plazo, por lo que, <b>por mal que suene<\/b>, <b>lo ideal es comprar ahora si realmente se necesita alguna de estas piezas de <\/b><b>hardware<\/b><b> para evitar una sangr\u00eda considerable en nuestra cuenta en un futuro<\/b>. Solo el tiempo dir\u00e1 hasta cu\u00e1ndo se mantiene esta situaci\u00f3n en el tiempo, y cu\u00e1les ser\u00e1n sus efectos en los mercados y en el usuario medio.<\/p>\n<p>Noticias relacionadas<\/p>\n<p class=\"\">Suscr\u00edbete al <a href=\"https:\/\/www.youtube.com\/@meristation\" target=\"_blank\" rel=\"nofollow noopener\" title=\"https:\/\/www.youtube.com\/@meristation\">canal de MeriStation en YouTube<\/a>: somos tu web de videojuegos y entretenimiento, donde podr\u00e1s conocer todas las noticias y novedades sobre el mundo del videojuego, cine, series, manga y anime. An\u00e1lisis, entrevistas, tr\u00e1ileres, gameplays, p\u00f3dcast y mucho m\u00e1s. Tambi\u00e9n te animamos a seguir <a href=\"https:\/\/www.tiktok.com\/@meristation\" target=\"_blank\" rel=\"nofollow noopener\" title=\"https:\/\/www.tiktok.com\/@meristation\">nuestra cuenta de TikTok<\/a>. <\/p>\n<p class=\"\">\u00a1S\u00edguenos en ambas plataformas y, si est\u00e1s interesado en licenciar este contenido, pincha <a href=\"https:\/\/profesional.elpais.com\/soluciones-sindicacion?utm_medium=interno&amp;utm_source=crosslinking&amp;utm_campaign=sindicacion_as_pie_articulos\" target=\"_blank\" rel=\"nofollow noopener\" title=\"https:\/\/profesional.elpais.com\/soluciones-sindicacion?utm_medium=interno&amp;utm_source=crosslinking&amp;utm_campaign=sindicacion_as_pie_articulos\">aqu\u00ed<\/a>!<\/p>\n<p><script async src=\"\/\/www.tiktok.com\/embed.js\"><\/script><\/p>\n","protected":false},"excerpt":{"rendered":"El sector del hardware de PC y la electr\u00f3nica de consumo se enfrenta a una nueva crisis. El&hellip;\n","protected":false},"author":2,"featured_media":262850,"comment_status":"","ping_status":"","sticky":false,"template":"","format":"standard","meta":{"footnotes":""},"categories":[81],"tags":[119,123,124,25,24,117,121,122,23,118,120],"class_list":{"0":"post-262849","1":"post","2":"type-post","3":"status-publish","4":"format-standard","5":"has-post-thumbnail","7":"category-ciencia-y-tecnologia","8":"tag-ciencia","9":"tag-ciencia-y-tecnologia","10":"tag-cienciaytecnologia","11":"tag-es","12":"tag-espana","13":"tag-science","14":"tag-science-and-technology","15":"tag-scienceandtechnology","16":"tag-spain","17":"tag-technology","18":"tag-tecnologia"},"share_on_mastodon":{"url":"https:\/\/pubeurope.com\/@es\/115635809774804194","error":""},"_links":{"self":[{"href":"https:\/\/www.europesays.com\/es\/wp-json\/wp\/v2\/posts\/262849","targetHints":{"allow":["GET"]}}],"collection":[{"href":"https:\/\/www.europesays.com\/es\/wp-json\/wp\/v2\/posts"}],"about":[{"href":"https:\/\/www.europesays.com\/es\/wp-json\/wp\/v2\/types\/post"}],"author":[{"embeddable":true,"href":"https:\/\/www.europesays.com\/es\/wp-json\/wp\/v2\/users\/2"}],"replies":[{"embeddable":true,"href":"https:\/\/www.europesays.com\/es\/wp-json\/wp\/v2\/comments?post=262849"}],"version-history":[{"count":0,"href":"https:\/\/www.europesays.com\/es\/wp-json\/wp\/v2\/posts\/262849\/revisions"}],"wp:featuredmedia":[{"embeddable":true,"href":"https:\/\/www.europesays.com\/es\/wp-json\/wp\/v2\/media\/262850"}],"wp:attachment":[{"href":"https:\/\/www.europesays.com\/es\/wp-json\/wp\/v2\/media?parent=262849"}],"wp:term":[{"taxonomy":"category","embeddable":true,"href":"https:\/\/www.europesays.com\/es\/wp-json\/wp\/v2\/categories?post=262849"},{"taxonomy":"post_tag","embeddable":true,"href":"https:\/\/www.europesays.com\/es\/wp-json\/wp\/v2\/tags?post=262849"}],"curies":[{"name":"wp","href":"https:\/\/api.w.org\/{rel}","templated":true}]}}