{"id":262853,"date":"2025-11-30T00:27:08","date_gmt":"2025-11-30T00:27:08","guid":{"rendered":"https:\/\/www.europesays.com\/es\/262853\/"},"modified":"2025-11-30T00:27:08","modified_gmt":"2025-11-30T00:27:08","slug":"rubio-y-witkoff-se-reuniran-con-delegacion-de-ucrania-dw-30-11-2025","status":"publish","type":"post","link":"https:\/\/www.europesays.com\/es\/262853\/","title":{"rendered":"Rubio y Witkoff se reunir\u00e1n con delegaci\u00f3n de Ucrania \u2013 DW \u2013 30\/11\/2025"},"content":{"rendered":"<p>El jefe de la diplomacia de Estados Unidos, <a class=\"internal-link\" href=\"https:\/\/www.dw.com\/es\/marco-rubio\/t-42664691\" rel=\"nofollow noopener\" target=\"_blank\">Marco Rubio<\/a>, y el enviado especial del presidente Donald Trump, Steve Witkoff se reunir\u00e1n el domingo (30.11.2025) con negociadores ucranianos en Florida, inform\u00f3 un funcionario estadounidense.<\/p>\n<p>El presidente de <a class=\"internal-link\" href=\"https:\/\/www.dw.com\/es\/ucrania\/t-36925922\" rel=\"nofollow noopener\" target=\"_blank\">Ucrania<\/a>, <a class=\"internal-link\" href=\"https:\/\/www.dw.com\/es\/zelenski-volodimir\/t-47318346\" rel=\"nofollow noopener\" target=\"_blank\">Volodimir Zelenski<\/a>, hab\u00eda anunciado el s\u00e1bado que una delegaci\u00f3n se dirig\u00eda a Estados Unidos para conversar sobre el plan de Washington para poner fin a la guerra de Rusia con su vecino.<\/p>\n<p>Rubio y Witkoff estar\u00e1n acompa\u00f1ados por el yerno de Trump, Jared Kushner.<\/p>\n<p>\u00abEl di\u00e1logo basado en los puntos de Ginebra continuar\u00e1. La diplomacia se mantiene activa\u00bb, escribi\u00f3 Zelenski en su cuenta de Telegram.<\/p>\n<p>\u00abEl lado estadounidense est\u00e1 demostrando una visi\u00f3n constructiva, y en los pr\u00f3ximos d\u00edas pueden desarrollarse pasos para determinar c\u00f3mo llevar la guerra a un final digno\u00bb, agreg\u00f3.<\/p>\n<p>Previamente, Zelenski hab\u00eda informado en esta jornada de que el secretario del Consejo para la Seguridad de Ucrania, Rustem Um\u00e9rov, volv\u00eda a liderar la delegaci\u00f3n ucraniana.<\/p>\n<p>En Ginebra, <a class=\"internal-link\" href=\"https:\/\/www.dw.com\/es\/eeuu-y-ucrania-redactan-nueva-versi\u00f3n-del-plan-de-paz\/a-74856294\" rel=\"nofollow noopener\" target=\"_blank\">ucranianos y estadounidenses abordaron el plan de 28 puntos<\/a> con los que pacificar la guerra ruso-ucraniana, de cuyo inicio se cumplir\u00e1n cuatro a\u00f1os el pr\u00f3ximo mes de febrero.<\/p>\n<p>\u00abLa tarea est\u00e1 clara: de manera r\u00e1pida y significativa preparar la definici\u00f3n de los pasos para poner fin a la guerra. Ucrania contin\u00faa trabajando de forma constructiva tanto como sea posible con Estados Unidos\u00bb, acot\u00f3 el mandatario.<\/p>\n<p>Zelenski hablar\u00e1 con Macron en Par\u00eds<\/p>\n<p>El l\u00edder ucraniano\u00a0tiene previsto viajar el lunes a Par\u00eds para entrevistarse con su par franc\u00e9s, Emmanuele Macron, tras haber superado una crisis interna con la <a class=\"internal-link\" href=\"https:\/\/www.dw.com\/es\/ucrania-zelenski-anuncia-dimisi\u00f3n-de-su-m\u00e1s-cercano-asesor\/a-74945464\" rel=\"nofollow noopener\" target=\"_blank\">dimisi\u00f3n de su mano derecha, Andr\u00ed Yermak<\/a>, acusado de corrupci\u00f3n.<\/p>\n<p>Fue el El\u00edseo quien confirm\u00f3 este s\u00e1bado el viaje de Zelenski y lo inscribi\u00f3 en los avances diplom\u00e1ticos recientes, en concreto con la reuni\u00f3n de la Coalici\u00f3n de Voluntarios que tuvo lugar el pasado martes.<\/p>\n<p>Agreg\u00f3 que la reuni\u00f3n con Macron servir\u00e1 tambi\u00e9n para analizar la situaci\u00f3n actual y las condiciones de una paz duradera en el contexto de las negociaciones de Ginebra y el plan estadounidense.<\/p>\n<p>Los dos presidentes \u00abestudiar\u00e1n las garant\u00edas de seguridad\u00bb que puedan establecerse tras la firma de un alto el fuego en el marco de la coalici\u00f3n de voluntarios\u00bb, se\u00f1al\u00f3 el gobierno franc\u00e9s.<\/p>\n<p>La gestiones diplom\u00e1ticas de Ucrania suceden luego de que Rusia ha intensificado los ataques contra infraestructuras energ\u00e9ticas ucranianas y contra Kiev, que ha respondido atacando las exportaciones petroleras rusas.<\/p>\n<p>gs (afp, efe)\u00a0<\/p>\n<p>Rusia y Ucrania negocian entre bombardeos <video id=\"video-74906727\" controls=\"\" playsinline=\"\" preload=\"none\" poster=\"data:image\/png;base64,iVBORw0KGgoAAAANSUhEUgAAAAEAAAABCAQAAAC1HAwCAAAAC0lEQVR42mNkYAAAAAYAAjCB0C8AAAAASUVORK5CYII=\" data-id=\"74906727\" data-posterurl=\"https:\/\/static.dw.com\/image\/74903775_605.webp\" data-duration=\"02:21\"><\/p>\n<p class=\"vjs-no-js\">To view this video please enable JavaScript, and consider upgrading to a web browser that <a href=\"https:\/\/videojs.com\/html5-video-support\/\" target=\"_blank\" rel=\"nofollow noopener\">supports HTML5 video<\/a><\/p>\n<p><\/video><\/p>\n","protected":false},"excerpt":{"rendered":"El jefe de la diplomacia de Estados Unidos, Marco Rubio, y el enviado especial del presidente Donald Trump,&hellip;\n","protected":false},"author":2,"featured_media":262854,"comment_status":"","ping_status":"","sticky":false,"template":"","format":"standard","meta":{"footnotes":""},"categories":[42],"tags":[17,18,13,14,11,61,62,63,64,19,20,9,10,15,16,12,21,22,65,66,67],"class_list":{"0":"post-262853","1":"post","2":"type-post","3":"status-publish","4":"format-standard","5":"has-post-thumbnail","7":"category-internacional","8":"tag-breaking-news","9":"tag-breakingnews","10":"tag-featured-news","11":"tag-featurednews","12":"tag-headlines","13":"tag-internacional","14":"tag-international","15":"tag-international-news","16":"tag-internationalnews","17":"tag-latest-news","18":"tag-latestnews","19":"tag-news","20":"tag-noticias","21":"tag-noticias-destacadas","22":"tag-noticiasdestacadas","23":"tag-titulares","24":"tag-ultimas-noticias","25":"tag-ultimasnoticias","26":"tag-world","27":"tag-world-news","28":"tag-worldnews"},"share_on_mastodon":{"url":"https:\/\/pubeurope.com\/@es\/115635817352912055","error":""},"_links":{"self":[{"href":"https:\/\/www.europesays.com\/es\/wp-json\/wp\/v2\/posts\/262853","targetHints":{"allow":["GET"]}}],"collection":[{"href":"https:\/\/www.europesays.com\/es\/wp-json\/wp\/v2\/posts"}],"about":[{"href":"https:\/\/www.europesays.com\/es\/wp-json\/wp\/v2\/types\/post"}],"author":[{"embeddable":true,"href":"https:\/\/www.europesays.com\/es\/wp-json\/wp\/v2\/users\/2"}],"replies":[{"embeddable":true,"href":"https:\/\/www.europesays.com\/es\/wp-json\/wp\/v2\/comments?post=262853"}],"version-history":[{"count":0,"href":"https:\/\/www.europesays.com\/es\/wp-json\/wp\/v2\/posts\/262853\/revisions"}],"wp:featuredmedia":[{"embeddable":true,"href":"https:\/\/www.europesays.com\/es\/wp-json\/wp\/v2\/media\/262854"}],"wp:attachment":[{"href":"https:\/\/www.europesays.com\/es\/wp-json\/wp\/v2\/media?parent=262853"}],"wp:term":[{"taxonomy":"category","embeddable":true,"href":"https:\/\/www.europesays.com\/es\/wp-json\/wp\/v2\/categories?post=262853"},{"taxonomy":"post_tag","embeddable":true,"href":"https:\/\/www.europesays.com\/es\/wp-json\/wp\/v2\/tags?post=262853"}],"curies":[{"name":"wp","href":"https:\/\/api.w.org\/{rel}","templated":true}]}}