{"id":262855,"date":"2025-11-30T00:28:16","date_gmt":"2025-11-30T00:28:16","guid":{"rendered":"https:\/\/www.europesays.com\/es\/262855\/"},"modified":"2025-11-30T00:28:16","modified_gmt":"2025-11-30T00:28:16","slug":"una-nueva-manifestacion-contra-mazon-exige-ahora-que-el-ex-presidente-renuncie-a-su-acta-de-diputado-que-vaya-al-juzgado-el-mundo","status":"publish","type":"post","link":"https:\/\/www.europesays.com\/es\/262855\/","title":{"rendered":"Una nueva manifestaci\u00f3n contra Maz\u00f3n exige ahora que el ex presidente renuncie a su acta de diputado: &quot;Que vaya al juzgado&quot; &#8211; El Mundo"},"content":{"rendered":"<ol>\n<li><a href=\"https:\/\/news.google.com\/rss\/articles\/CBMijAFBVV95cUxNLV9WVXdFR2IxbUdMbnFHZ0NJX0VvWjFqUUZNSTdrR3IyUUlFUDg3aHc0dmIwTF9SNGhTWTl4SDJ2aE12QzZPV0VleHJxRXlUcVNnMlNsN2ZqUWZGdTc5bkhyb0ZLZUI4TUVRaWtlSXFXMXFZbkN0X3gwWWlfS2JYQUxtOGhTc0J5MWlmUtIBjAFBVV95cUxORWtxY2JydVY4dVp0dTNLMmc5Smw1LU9YcXM4SlZoRkNEU1A5U2pVSWdxb3RxUzJfSE5JNGhwRlhfdnNnRnB1TmNxVUVYOTNpYnRDeGZRdU1PNDlYMnJ4d2U1WU5SQnJNMFNIMjVHTTNMQ0NaOERzRUJDcnhqQk5JVUlUVHJCenZxYUxvOQ?oc=5\" target=\"_blank\" rel=\"nofollow noopener\">Una nueva manifestaci\u00f3n contra Maz\u00f3n exige ahora que el ex presidente renuncie a su acta de diputado: \u00abQue vaya al juzgado\u00bb<\/a>&nbsp;&nbsp;El Mundo<\/li>\n<li><a href=\"https:\/\/news.google.com\/rss\/articles\/CBMimgJBVV95cUxQTWtQazBBWDI3NWl1X0RuYVNUWEpHUU5mb1ZzTEJwamczOWYza0VnTTd5RHU5NlhNajFjdzd3aGhJRDBBY0NPdWNLZGNLUkpfUTdrVTBqQ1ZzQU11eFBXeDR5eFJLMjRfSWoxVDRaVi0zdkdlMEdQYTJmN05KYjJGc0FTX1lVRjhqZ3RLcC1oblFaenhwNnJKWlItUkZkd0RvbzhPcjdLdExEeUx0bDAtTXJTWnlYX3E0SnY3QzNaNXYwZGw1bjR1S3hHb1pJUzE4b21nXy1BSHdXNjJLXzI3YmtOdWdzd09rdV9NRW1GZUR3R3dWaGhFRlJuTmdieXZXQjJNNnhyUU8wRVZzU0VDSWVoRXlPUlpTSnc?oc=5\" target=\"_blank\" rel=\"nofollow noopener\">Una nueva manifestaci\u00f3n en Valencia pide a Maz\u00f3n que entregue el acta y declare en el juzgado por la dana<\/a>&nbsp;&nbsp;EL PA\u00cdS<\/li>\n<li><a href=\"https:\/\/news.google.com\/rss\/articles\/CBMivgFBVV95cUxPam4zUGxCaDF1QXdOWHVXQzZoVnBXYXpGUVF2YTE0UWQzc1UzVFpvRmNFN01KdXNhRFlwT1h6QmJEQ2pSSXByOVR1Q05yRHVFR05obG5nWVlOSlNVMzVCZkVROHNndFR1bTdGMFJLbnRycVZuc05aX0RMX0pkZ3lybjBucDBYT1ZtdWtaNUJlRWVneFdncVljY1ppMVo4OTBkN3BZVzZQRkswQlVfdk9EaWNIM2o5QVYyejFLU0ln?oc=5\" target=\"_blank\" rel=\"nofollow noopener\">La primera manifestaci\u00f3n tras la dimisi\u00f3n de Maz\u00f3n pide que deje el acta de diputado y declare ante la juez de Catarroja<\/a>&nbsp;&nbsp;ABC<\/li>\n<li><a href=\"https:\/\/news.google.com\/rss\/articles\/CBMirwFBVV95cUxQVXItZ3ByQS1TeVpteHh4M1ZnWWFsSEhYUHMzRW0yVlM3aTRfSVRmVmZwdmVoRDdjTHp4UTB5eDk3Y0ZZcnR5dmZnOWtKdkx1TkVES0FiOTl3NVY3T09FWW9GXzdiNmE2YThHaElwVjVtUTllZTRzczhiMHpOYmo0RF9oeWdibUdPMEJYOFVZSFJRNm9XWnFiamZYMlhkMlRWRFZwRjlUcXRCU1BraWVJ?oc=5\" target=\"_blank\" rel=\"nofollow noopener\">Una nueva manifestaci\u00f3n tras la dana pide que Maz\u00f3n deje las Corts<\/a>&nbsp;&nbsp;Levante-EMV<\/li>\n<li><a href=\"https:\/\/news.google.com\/rss\/articles\/CBMizwFBVV95cUxNSmFQY0Zfd2pJcGoyU0xxdUNuSE95cEhjcWFCamk0RzY3Qlp0MENzaEtKSUliUW5TdzM5TjBjMC1BTEk5WU5SQ1FWRy0zMHotTHZpdEZXQnZxWmNTVUtDdWxyTEV6QWJHVGN0MWFheGk4VG9XQ0NlTXRsck5Pd21ZcXVBV3Y2c2lCYjFMY1VrTnpBcjlrdTRzTDNpTkhqWVhPY2FwMnV4d0o1amNPQThMSUxaWkJ2QTk5b3dHMXNOZEtOVGxucmFGOVNyc2RNMFU?oc=5\" target=\"_blank\" rel=\"nofollow noopener\">Una nueva manifestaci\u00f3n reclama que Maz\u00f3n deje el acta de diputado: \u00abHa sido una persona nefasta\u00bb<\/a>&nbsp;&nbsp;elDiario.es<\/li>\n<\/ol>\n","protected":false},"excerpt":{"rendered":"Una nueva manifestaci\u00f3n contra Maz\u00f3n exige ahora que el ex presidente renuncie a su acta de diputado: \u00abQue&hellip;\n","protected":false},"author":2,"featured_media":262856,"comment_status":"","ping_status":"","sticky":false,"template":"","format":"standard","meta":{"footnotes":""},"categories":[8],"tags":[17,18,2007,242,1681,25,24,13,14,11,19,20,9,10,15,16,23,12,21,22,235],"class_list":{"0":"post-262855","1":"post","2":"type-post","3":"status-publish","4":"format-standard","5":"has-post-thumbnail","7":"category-espana","8":"tag-breaking-news","9":"tag-breakingnews","10":"tag-carlos-mazon","11":"tag-comunidad-valenciana","12":"tag-dana","13":"tag-es","14":"tag-espana","15":"tag-featured-news","16":"tag-featurednews","17":"tag-headlines","18":"tag-latest-news","19":"tag-latestnews","20":"tag-news","21":"tag-noticias","22":"tag-noticias-destacadas","23":"tag-noticiasdestacadas","24":"tag-spain","25":"tag-titulares","26":"tag-ultimas-noticias","27":"tag-ultimasnoticias","28":"tag-valencia"},"share_on_mastodon":{"url":"https:\/\/pubeurope.com\/@es\/115635821377800814","error":""},"_links":{"self":[{"href":"https:\/\/www.europesays.com\/es\/wp-json\/wp\/v2\/posts\/262855","targetHints":{"allow":["GET"]}}],"collection":[{"href":"https:\/\/www.europesays.com\/es\/wp-json\/wp\/v2\/posts"}],"about":[{"href":"https:\/\/www.europesays.com\/es\/wp-json\/wp\/v2\/types\/post"}],"author":[{"embeddable":true,"href":"https:\/\/www.europesays.com\/es\/wp-json\/wp\/v2\/users\/2"}],"replies":[{"embeddable":true,"href":"https:\/\/www.europesays.com\/es\/wp-json\/wp\/v2\/comments?post=262855"}],"version-history":[{"count":0,"href":"https:\/\/www.europesays.com\/es\/wp-json\/wp\/v2\/posts\/262855\/revisions"}],"wp:featuredmedia":[{"embeddable":true,"href":"https:\/\/www.europesays.com\/es\/wp-json\/wp\/v2\/media\/262856"}],"wp:attachment":[{"href":"https:\/\/www.europesays.com\/es\/wp-json\/wp\/v2\/media?parent=262855"}],"wp:term":[{"taxonomy":"category","embeddable":true,"href":"https:\/\/www.europesays.com\/es\/wp-json\/wp\/v2\/categories?post=262855"},{"taxonomy":"post_tag","embeddable":true,"href":"https:\/\/www.europesays.com\/es\/wp-json\/wp\/v2\/tags?post=262855"}],"curies":[{"name":"wp","href":"https:\/\/api.w.org\/{rel}","templated":true}]}}