{"id":262857,"date":"2025-11-30T00:29:16","date_gmt":"2025-11-30T00:29:16","guid":{"rendered":"https:\/\/www.europesays.com\/es\/262857\/"},"modified":"2025-11-30T00:29:16","modified_gmt":"2025-11-30T00:29:16","slug":"sevilla-se-ilumina-por-navidad-con-un-espectaculo-emotivo-en-la-avenida-de-la-constitucion-abc","status":"publish","type":"post","link":"https:\/\/www.europesays.com\/es\/262857\/","title":{"rendered":"Sevilla se ilumina por Navidad con un espect\u00e1culo emotivo en la avenida de la Constituci\u00f3n &#8211; ABC"},"content":{"rendered":"<ol>\n<li><a href=\"https:\/\/news.google.com\/rss\/articles\/CBMivwFBVV95cUxOZlNtMS1GOTUzdGd0NHJ6VlVJLVY4UDB6NDJMV0VSek5VRUkxTXIycXRzbTJDcjE1aU5rRGU1MmY2c3ZzV28xVDk1alNIRWRYaFQ1eXh0T2FHZFhYdzNoMHRRR1VvQ2dKRG9OMTdHSGNMS0hkMFlhR05XYlNvaWFwVkhGNWFsclZkaTVMZngxX2xpTndfTV9uT2dCRlJaM2pPQi1lX0NQVDJ2MmU3M1B0RTdzUnlNQktwQ3JUc1o2ONIBxAFBVV95cUxOT0F1Q3YtNU5CenV4OTRnNm0tWm15SWJyeHNfRlhsNElhZXJ2MWMyWVRJNGY1UDhzdGpaeWdNaHg0aEZtQWl5eHFZQTNOS2dwbzVINDdfbDJZVjFBVklfTFRIVHZlQl9meXJ4WEZuZm0yenBVTVNxU25pMmt3RHNZNHdxdU0wZXppcjZJRzdOY2FCcGlKcndNRHRYd2pLUHp2akRlbGZVQWswRVYxVUY0NFhvQXVHRjUyblgtX1BWWUt2VGoz?oc=5\" target=\"_blank\" rel=\"nofollow noopener\">Sevilla se ilumina por Navidad con un espect\u00e1culo emotivo en la avenida de la Constituci\u00f3n<\/a>&nbsp;&nbsp;ABC<\/li>\n<li><a href=\"https:\/\/news.google.com\/rss\/articles\/CBMiX0FVX3lxTE1yYlBGQi1ZcG5VNDNUd0ZzenIwdE5VbEJ4T2RtN3lxeE5DaFBlNEhoN2lUR2ZLVFN4UVNLdXlZajR2cWVYTzFTM2k4S3l4d0t2alpDUEdVdnhCSjVVQW5B?oc=5\" target=\"_blank\" rel=\"nofollow noopener\">Luces de Navidad<\/a>&nbsp;&nbsp;Ayuntamiento de Sevilla<\/li>\n<li><a href=\"https:\/\/news.google.com\/rss\/articles\/CBMirgFBVV95cUxQeWZ3TmNNUENabkdtbjlzRDZlOHBMcWVXMFJhV2dvek5LZFI4NlhiNFdlbEVvTmpGNjEyaTUwejVpRHU4OFlfV1lPWUluN21Sdnd4VktTbmZGQjdqWDdZeWpDMlg1WjBIbUpjNHV1eFVhdnZtWFM1ZzF6UnBvY29oS2tPWUdYWDhNOHJpX1RsU0JJc25JaE1TYVBGLXRDbllsTk1jbThQZ1hNakNfdUE?oc=5\" target=\"_blank\" rel=\"nofollow noopener\">Encendido de las luces de Navidad en Sevilla, en directo: \u00faltima hora del alumbrado<\/a>&nbsp;&nbsp;ABC<\/li>\n<li><a href=\"https:\/\/news.google.com\/rss\/articles\/CBMifkFVX3lxTE5TQzhoNS1Hbkc5OHNocW9jd1QwMGtkWHhaSERtREdkZWRJZV9EblFqQmprTlNXWU1lbW9pMW1sMGVOWEpaWU5xWmVOWEZCajlWU2lMYzdTdlR6Y3k3NEw0b3Y3ekdVdTNXd29vMVZLMi1IUnZpYXM3Nklibkd3dw?oc=5\" target=\"_blank\" rel=\"nofollow noopener\">Alumbrado de Navidad en Sevilla 2025: a qu\u00e9 hora se encienden las luces y qu\u00e9 calles se iluminan<\/a>&nbsp;&nbsp;El Mundo<\/li>\n<li><a href=\"https:\/\/news.google.com\/rss\/articles\/CBMirAFBVV95cUxNQUgyMTdEelNNRXlBSWVNWWtsT0dXbWtxOHVDYlhhSkVfTDROLTdUeEtRUEpIY25uNndzQV9JbUtwN0l1U1VXaGpfSmlHMlRsM0ZQcmFmWE1BSExySC0zdDRvTkNzMUxyUy1IXzN0cVhLeXhCOHBCRmJFWjBmZUg4SjRFNjlPaVFpUzVnMUtnSkQxN0hWMG14Tm1mc1RyR1JpMVc0VThiRWtpVFUx0gHAAUFVX3lxTE0tM2F2RXBPVkc0aXJVb2RKcXpoaWFXLXhNbWY5QUFWQVNsVFRUX3RBSC1WTEdTUkdabm1hbzVqUFNRX2pWSmJxY3daR2o0anNTRDRsTjRtSXM1VHJkd1NQRWctVGR3aXdWbmZnMzNocUo3aDk2RC1INzFOd3JYcWZfSHhLeHJZbFdtLXN3S3UtN0c4T2JoVzk3emU5c1lmQzUyaUpDSnhybm5FSjRVcWp3TEw3Ny1ldS16Q2hERjdUQQ?oc=5\" target=\"_blank\" rel=\"nofollow noopener\">El Bel\u00e9n iluminado m\u00e1s grande de Espa\u00f1a, en Sevilla<\/a>&nbsp;&nbsp;Cadena SER<\/li>\n<\/ol>\n","protected":false},"excerpt":{"rendered":"Sevilla se ilumina por Navidad con un espect\u00e1culo emotivo en la avenida de la Constituci\u00f3n&nbsp;&nbsp;ABC Luces de Navidad&nbsp;&nbsp;Ayuntamiento&hellip;\n","protected":false},"author":2,"featured_media":262858,"comment_status":"","ping_status":"","sticky":false,"template":"","format":"standard","meta":{"footnotes":""},"categories":[5],"tags":[14092,17,18,11298,19640,25,24,10392,13,14,11,23126,19,20,2951,9,10,15,16,1171,23,12,21,22],"class_list":{"0":"post-262857","1":"post","2":"type-post","3":"status-publish","4":"format-standard","5":"has-post-thumbnail","7":"category-titulares","8":"tag-avenida","9":"tag-breaking-news","10":"tag-breakingnews","11":"tag-constitucion","12":"tag-emotivo","13":"tag-es","14":"tag-espana","15":"tag-espectaculo","16":"tag-featured-news","17":"tag-featurednews","18":"tag-headlines","19":"tag-ilumina","20":"tag-latest-news","21":"tag-latestnews","22":"tag-navidad","23":"tag-news","24":"tag-noticias","25":"tag-noticias-destacadas","26":"tag-noticiasdestacadas","27":"tag-sevilla","28":"tag-spain","29":"tag-titulares","30":"tag-ultimas-noticias","31":"tag-ultimasnoticias"},"share_on_mastodon":{"url":"https:\/\/pubeurope.com\/@es\/115635825040347634","error":""},"_links":{"self":[{"href":"https:\/\/www.europesays.com\/es\/wp-json\/wp\/v2\/posts\/262857","targetHints":{"allow":["GET"]}}],"collection":[{"href":"https:\/\/www.europesays.com\/es\/wp-json\/wp\/v2\/posts"}],"about":[{"href":"https:\/\/www.europesays.com\/es\/wp-json\/wp\/v2\/types\/post"}],"author":[{"embeddable":true,"href":"https:\/\/www.europesays.com\/es\/wp-json\/wp\/v2\/users\/2"}],"replies":[{"embeddable":true,"href":"https:\/\/www.europesays.com\/es\/wp-json\/wp\/v2\/comments?post=262857"}],"version-history":[{"count":0,"href":"https:\/\/www.europesays.com\/es\/wp-json\/wp\/v2\/posts\/262857\/revisions"}],"wp:featuredmedia":[{"embeddable":true,"href":"https:\/\/www.europesays.com\/es\/wp-json\/wp\/v2\/media\/262858"}],"wp:attachment":[{"href":"https:\/\/www.europesays.com\/es\/wp-json\/wp\/v2\/media?parent=262857"}],"wp:term":[{"taxonomy":"category","embeddable":true,"href":"https:\/\/www.europesays.com\/es\/wp-json\/wp\/v2\/categories?post=262857"},{"taxonomy":"post_tag","embeddable":true,"href":"https:\/\/www.europesays.com\/es\/wp-json\/wp\/v2\/tags?post=262857"}],"curies":[{"name":"wp","href":"https:\/\/api.w.org\/{rel}","templated":true}]}}