{"id":262859,"date":"2025-11-30T00:33:10","date_gmt":"2025-11-30T00:33:10","guid":{"rendered":"https:\/\/www.europesays.com\/es\/262859\/"},"modified":"2025-11-30T00:33:10","modified_gmt":"2025-11-30T00:33:10","slug":"club-nautico-san-isidro-campeon-del-interclubes-senior","status":"publish","type":"post","link":"https:\/\/www.europesays.com\/es\/262859\/","title":{"rendered":"Club N\u00e1utico San Isidro Campe\u00f3n del Interclubes Senior"},"content":{"rendered":"<p><img fetchpriority=\"high\" decoding=\"async\" class=\"alignnone size-full wp-image-117604\" src=\"https:\/\/www.europesays.com\/es\/wp-content\/uploads\/2025\/11\/interclubes-senior-cn-san-isidro.jpeg\" alt=\"\" width=\"1903\" height=\"640\"  \/><\/p>\n<p>Club N\u00e1utico de San Isidro se alz\u00f3 con el campeonato en la Primera Divisi\u00f3n. Fue en Pinamar Links este s\u00e1bado, luego de terminar en el primer lugar con puntaje ideal y tras superar a CUBA y a R\u00edo Cuarto GC, que finalizaron con una unidad en sus respectivos scores. Nicol\u00e1s Cinto, Gonzalo Delia, Martin Torino, Emiliano Pimentel, Estanislao D\u00edaz Saubidet y Jorge Mendizabal fueron los responsables del triunfo del San Isidro.<\/p>\n<p>\t\t\t\t<a href=\"https:\/\/www.europesays.com\/es\/wp-content\/uploads\/2025\/11\/interclubes-senior-cordoba-gc.jpeg\"><img loading=\"lazy\" decoding=\"async\" width=\"1280\" height=\"724\" src=\"https:\/\/www.europesays.com\/es\/wp-content\/uploads\/2025\/11\/interclubes-senior-cordoba-gc.jpeg\" class=\"attachment-full size-full\" alt=\"\"  \/><\/a><\/p>\n<p>\t\t\t\t<a href=\"https:\/\/www.europesays.com\/es\/wp-content\/uploads\/2025\/11\/interclubes-senior-san-andres.jpg\"><img loading=\"lazy\" decoding=\"async\" width=\"1280\" height=\"724\" src=\"https:\/\/www.europesays.com\/es\/wp-content\/uploads\/2025\/11\/interclubes-senior-san-andres.jpg\" class=\"attachment-full size-full\" alt=\"\"  \/><\/a><\/p>\n<p>La Divisi\u00f3n Intermedia tambi\u00e9n jug\u00f3 en Pinamar Links. All\u00ed, C\u00f3rdoba GC se consagr\u00f3 como el mejor equipo del grupo y primer ascendido con tres puntos, siendo integrado por Pablo Lozada, Mat\u00edas Novillo Saravia, Diego Villagra, Alfredo Roque Allende y Jorge Ruival. El segundo ascenso correspondi\u00f3 a Olivos GC con dos unidades en su haber. En la Segunda Divisi\u00f3n, el San Andr\u00e9s GC fue el ganador de la primera promoci\u00f3n a Segunda con Mariano Olcese, Pablo Feeney, F\u00e9lix Zamudio, Pablo Patane, Federico Gonz\u00e1lez Sampaio y Federico Rathof. Ellos sumaron cuatro puntos, dos m\u00e1s que lo cosechado por Pilar Golf que tambi\u00e9n ascendi\u00f3.<\/p>\n<p>En Caril\u00f3 Golf se disputaron el resto de las Divisiones. En la Tercera, el equipo que se impuso fue el del CA Estudiantes de Paran\u00e1 con Nicol\u00e1s Evans, Sebasti\u00e1n Vivas, Valent\u00edn Mart\u00ednez, Mario Loretani. Fue con puntaje ideal y relegando a la segunda posici\u00f3n al GC Jos\u00e9 Jurado que tambi\u00e9n subi\u00f3 de categor\u00eda. En la Cuarta Divisi\u00f3n, el primer puesto correspondi\u00f3 a Club Newman con cuatro unidades, dos m\u00e1s que lo sumado por Nordelta GC. Francisco Sojo, Damian Pellandini, Martin Lanfranco, Mariano Dom\u00ednguez y \u00c1lvaro Merlo integraron el equipo de Newman. Finalmente, en la Quinta Divisi\u00f3n, Pablo Heizenreder, Luis Saavedra, Gustavo N\u00fa\u00f1ez, Jorge Dom\u00ednguez y Miguel Can\u00e9 le dieron el triunfo a Villa Gesell GC con cuatro unidades. Con dos, el equipo del Jockey Club de C\u00f3rdoba gan\u00f3 el segundo ascenso a la Cuarta Divisi\u00f3n.<\/p>\n<p>Vale destacar que Gonzalo De La Torre, Marcelo Aguirre, Pablo Rodr\u00edguez y Ra\u00fal D\u00edaz fueron los ganadores del Torneo Clasificatorio el mi\u00e9rcoles pasado, donde Villa Gesell GC obtuvo la segunda plaza clasificatoria a la Quinta Divisi\u00f3n.<\/p>\n","protected":false},"excerpt":{"rendered":"Club N\u00e1utico de San Isidro se alz\u00f3 con el campeonato en la Primera Divisi\u00f3n. Fue en Pinamar Links&hellip;\n","protected":false},"author":2,"featured_media":262860,"comment_status":"","ping_status":"","sticky":false,"template":"","format":"standard","meta":{"footnotes":""},"categories":[275],"tags":[168,25,24,329,23,167],"class_list":{"0":"post-262859","1":"post","2":"type-post","3":"status-publish","4":"format-standard","5":"has-post-thumbnail","7":"category-golf","8":"tag-deportes","9":"tag-es","10":"tag-espana","11":"tag-golf","12":"tag-spain","13":"tag-sports"},"share_on_mastodon":{"url":"https:\/\/pubeurope.com\/@es\/115635841341173027","error":""},"_links":{"self":[{"href":"https:\/\/www.europesays.com\/es\/wp-json\/wp\/v2\/posts\/262859","targetHints":{"allow":["GET"]}}],"collection":[{"href":"https:\/\/www.europesays.com\/es\/wp-json\/wp\/v2\/posts"}],"about":[{"href":"https:\/\/www.europesays.com\/es\/wp-json\/wp\/v2\/types\/post"}],"author":[{"embeddable":true,"href":"https:\/\/www.europesays.com\/es\/wp-json\/wp\/v2\/users\/2"}],"replies":[{"embeddable":true,"href":"https:\/\/www.europesays.com\/es\/wp-json\/wp\/v2\/comments?post=262859"}],"version-history":[{"count":0,"href":"https:\/\/www.europesays.com\/es\/wp-json\/wp\/v2\/posts\/262859\/revisions"}],"wp:featuredmedia":[{"embeddable":true,"href":"https:\/\/www.europesays.com\/es\/wp-json\/wp\/v2\/media\/262860"}],"wp:attachment":[{"href":"https:\/\/www.europesays.com\/es\/wp-json\/wp\/v2\/media?parent=262859"}],"wp:term":[{"taxonomy":"category","embeddable":true,"href":"https:\/\/www.europesays.com\/es\/wp-json\/wp\/v2\/categories?post=262859"},{"taxonomy":"post_tag","embeddable":true,"href":"https:\/\/www.europesays.com\/es\/wp-json\/wp\/v2\/tags?post=262859"}],"curies":[{"name":"wp","href":"https:\/\/api.w.org\/{rel}","templated":true}]}}