{"id":262864,"date":"2025-11-30T00:37:11","date_gmt":"2025-11-30T00:37:11","guid":{"rendered":"https:\/\/www.europesays.com\/es\/262864\/"},"modified":"2025-11-30T00:37:11","modified_gmt":"2025-11-30T00:37:11","slug":"el-ucam-cb-infantil-en-la-minicopa-con-un-techo-de-208-a-sus-13-anos-el-maliense-siby-sekou","status":"publish","type":"post","link":"https:\/\/www.europesays.com\/es\/262864\/","title":{"rendered":"El UCAM CB infantil, en la Minicopa con un techo de 2,08 a sus 13 a\u00f1os: el maliense Siby Sekou"},"content":{"rendered":"<p>MURCIA. El <strong>equipo infantil del UCAM Murcia Club Baloncesto Polymec<\/strong>, contar\u00e1 en la <a href=\"https:\/\/murciaplaza.com\/murciaplaza\/deportes-murcia\/el-equipo-infantil-del-ucam-cb-en-la-minicopa-frente-a-real-madrid-girona-y-granada\" rel=\"nofollow noopener\" target=\"_blank\"><strong>Minicopa Endesa<\/strong><\/a>\u00a0que afrontar\u00e1 <strong>desde este viernes en Valencia<\/strong>\u00a0con <strong>14 jugadores nacidos en 2012 -11 de ellos- y en 2013 -los tres restantes- <\/strong>y destaca la presencia d<strong>el\u00a0maliense Siby Sekou, <\/strong>un p\u00edvot que, <strong>con 13 a\u00f1os, mide ya 2,08 metros<\/strong>.<\/p>\n<p>El <a href=\"https:\/\/murciaplaza.com\/murciaplaza\/el-equipo-infantil-del-ucam-cb-se-queda-fuera-de-la-minicopa-endesa\" rel=\"nofollow noopener\" target=\"_blank\">cuadro murciano<\/a> est\u00e1 encuadrado <strong>en el grupo A con el Real Madrid, el B\u00e0squet Girona y el Oteclima Granada como rivales<\/strong>, frente a los que buscar\u00e1 <strong>plaza para la fase final que, se disputar\u00e1 igualmente en la capital del Turia durante el mes de febrero de 2026<\/strong>.<\/p>\n<p>Los granas, <strong>dirigidos por Pedro Casta\u00f1o<\/strong>\u00a0Casta\u00f1o, se presentar\u00e1n en esta exigente cita nacional con <strong>los bases Juan Murcia, Sergio S\u00e1nchez y Arthur Nicol\u00e1s Abril; los escoltas Leonardo Soriano, Rodrigo Belando, Nicol\u00e1s Ortiz y Germ\u00e1n Sanz; los aleros Pablo Gracia, Patricio Riquelme, Jes\u00fas Arroyo, Yeray Villarreal y Jakub Jan Marek; y los p\u00edvots Siby Sekou y Hannibal Villagordo.<\/strong><\/p>\n<p>Los m\u00e1s j\u00f3venes son Abril, Riquelme y Villarreal y el techo de la plantilla es <strong>Sekou, de 208 cent\u00edmetros<\/strong>. De los jugadores que acudir\u00e1n a esta fase, m\u00e1s de 200 en 16 equipos, <strong>s\u00f3lo el madridista Oumar Aziz, con su 2,10, es m\u00e1s alto que en interior del UCAM CB<\/strong>.\u00a0<\/p>\n","protected":false},"excerpt":{"rendered":"MURCIA. El equipo infantil del UCAM Murcia Club Baloncesto Polymec, contar\u00e1 en la Minicopa Endesa\u00a0que afrontar\u00e1 desde este&hellip;\n","protected":false},"author":2,"featured_media":262865,"comment_status":"","ping_status":"","sticky":false,"template":"","format":"standard","meta":{"footnotes":""},"categories":[269],"tags":[299,298,168,25,24,23,167],"class_list":{"0":"post-262864","1":"post","2":"type-post","3":"status-publish","4":"format-standard","5":"has-post-thumbnail","7":"category-baloncesto","8":"tag-baloncesto","9":"tag-basketball","10":"tag-deportes","11":"tag-es","12":"tag-espana","13":"tag-spain","14":"tag-sports"},"share_on_mastodon":{"url":"https:\/\/pubeurope.com\/@es\/115635856685839986","error":""},"_links":{"self":[{"href":"https:\/\/www.europesays.com\/es\/wp-json\/wp\/v2\/posts\/262864","targetHints":{"allow":["GET"]}}],"collection":[{"href":"https:\/\/www.europesays.com\/es\/wp-json\/wp\/v2\/posts"}],"about":[{"href":"https:\/\/www.europesays.com\/es\/wp-json\/wp\/v2\/types\/post"}],"author":[{"embeddable":true,"href":"https:\/\/www.europesays.com\/es\/wp-json\/wp\/v2\/users\/2"}],"replies":[{"embeddable":true,"href":"https:\/\/www.europesays.com\/es\/wp-json\/wp\/v2\/comments?post=262864"}],"version-history":[{"count":0,"href":"https:\/\/www.europesays.com\/es\/wp-json\/wp\/v2\/posts\/262864\/revisions"}],"wp:featuredmedia":[{"embeddable":true,"href":"https:\/\/www.europesays.com\/es\/wp-json\/wp\/v2\/media\/262865"}],"wp:attachment":[{"href":"https:\/\/www.europesays.com\/es\/wp-json\/wp\/v2\/media?parent=262864"}],"wp:term":[{"taxonomy":"category","embeddable":true,"href":"https:\/\/www.europesays.com\/es\/wp-json\/wp\/v2\/categories?post=262864"},{"taxonomy":"post_tag","embeddable":true,"href":"https:\/\/www.europesays.com\/es\/wp-json\/wp\/v2\/tags?post=262864"}],"curies":[{"name":"wp","href":"https:\/\/api.w.org\/{rel}","templated":true}]}}