{"id":262866,"date":"2025-11-30T00:38:08","date_gmt":"2025-11-30T00:38:08","guid":{"rendered":"https:\/\/www.europesays.com\/es\/262866\/"},"modified":"2025-11-30T00:38:08","modified_gmt":"2025-11-30T00:38:08","slug":"mardones-sale-al-rescate-del-racing-de-ferrol-que-empata-con-el-merida-2-2-la-voz-de-galicia","status":"publish","type":"post","link":"https:\/\/www.europesays.com\/es\/262866\/","title":{"rendered":"Mardones sale al rescate del Racing de Ferrol, que empata con el M\u00e9rida (2-2) &#8211; La Voz de Galicia"},"content":{"rendered":"<ol>\n<li><a href=\"https:\/\/news.google.com\/rss\/articles\/CBMi1wFBVV95cUxPMXJyVjFDWjJtRngxS1pBeGhNUzdTdDRtaEcyempuUnlXMTRnUzZ6SDdVSERzNVJKMjJPUVpmWjJaeHRXaWszX1R0NGN3V2VkMGFHMEVZakljVW1sOW5CWEZsVVk2UGs1Zmd4VDZ3QzBOZXAxTDBwLWZkbTE2WWJfalhSd2hfaFZnQ21uT3NtZXNYTFdGUUZQbFJnWXM3el9WeVVodEctSFRFazI5eGV4YVpEVVFvaWplWDRVNk9wU3FWeU5LM3Jxbll4QTJSQnNhZmtuQjEtd9IB8wFBVV95cUxPNlJrcllwXzNOdE8zQ0pOd3N3ZUsxZnJpeHA2NTJnb1NOcXFIN2x5X0RHb0RnSjZMT0pUSmVHejhKT2UyVnJwTWpHU3RjU0liTGtic0Iwbm9lbHlhSlMtNXVqTExVX2FUWmgyWmxUYlhGcEJna05PZ2FHcTE5endjUExKS1AxQTNQc1QwdHI5U0doSFhCNHE1YTlMQU1NdGFfZnRtZkRjbUxyZ0c1c2ZjeXlCUXVkOERHTl9XVjZydkh1N3hscVJhbmZvc2RrYlpkV2R0RFVXb2RFUXVNNlNnN1JBT3F0T0RVSlFzY0Zla3dnakU?oc=5\" target=\"_blank\" rel=\"nofollow noopener\">Mardones sale al rescate del Racing de Ferrol, que empata con el M\u00e9rida (2-2)<\/a>&nbsp;&nbsp;La Voz de Galicia<\/li>\n<li><a href=\"https:\/\/news.google.com\/rss\/articles\/CBMivwFBVV95cUxQZ3ExZ3p6WFhQWFFTcDBMS3V6SWlOMjdIendsUko4dVBpR1lqSF9pYjU2M0RLR2wxS3h1TlcwMjZqQ3ZsODg4RlRlN29oV05JWl96TGpXN3NPWlpXVW03SnQ2TnBKOTBGNkhyclBZN201ZWk5ZlhhUzhGSFF3cWFHb0hzUTc4RE04d1I1ZGd6Z2tucno3VXZEWV9Uc3pINTAtSzNJVzNlRi1FQU9LZ2UtSnV2ZkVCQUlGV0lpTUZYTdIBxAFBVV95cUxQa29RSzJHdGNTQm5Vb0VOb1RjZGlmbnZvZGdKQmp0b3VGdWhVaEZOUnMwLVo5cU1wdTgyQjVpdGVEemtjbHlZOEJWd2NBYmJTMjl1SFhnYkh3SjFyd2ZlRkJodnE0dmJrN2gtTURsUDJqSjFmbzYyTWY1VHRrcHVuU2xDbDFnRklnLUZVQXRMWV83bk9Bb2drOV9laTRPeUlTckh0Yzlkd3RwZENNQV94SEJscGdYVFhMbUk3Rk52eVJnai0z?oc=5\" target=\"_blank\" rel=\"nofollow noopener\">M\u00e9rida y Racing de Ferrol empatan en un final de locura<\/a>&nbsp;&nbsp;El Peri\u00f3dico Extremadura<\/li>\n<li><a href=\"https:\/\/news.google.com\/rss\/articles\/CBMi5gFBVV95cUxPZ0JIX3BrdXFOdVZ4aE9xSUpzYUpvX1FLZm5PZ0lYTGs1ZVVVc0M5ZkFJdmRNRWV6R25XZlFVUXdjbHhKU2w3RmZhTkFhMlhZaEh1WEJHZGR2OHN6MWM2SEUzM1RVemc4Z05YXzlJeVBVbTRTai1lbmNpdENhdHZkR1hUdWt0d3VyUXBSRld5ckJnZTJ4aVJFRnJXTVpWSWhfcGxBQk5jbjZzNTFiYlBnTmx4Tks4QU1EMkVGeEJqeTg4Q3lTUi1Qa2xPLW1FRFZXRlBMUlFleFpCTXNGaXh1UnZKOWpNZ9IBggJBVV95cUxQdnF3cjFKdmFwU0dnVzNuMjdXMVY0ZVdDdF9PdDRjX0FPYVoybEpZQUIxXzNuemFUQmt2VFpEbklVNy1tb2JkUXhLbHh4QUVlNDJjaG4xTlg4eGlOSXpMTEVpQlF1SW51ZURyYkF5QzJ4ZkRDLWpGaG9yQWsxcG9QVkRsbHlac2N1QVhaV0N6ZUlyTFRnR3Y0VFBQbktyWjhEdHFxY05Ea1llcDRfQnJpbFZBTE5xeWVvWGV0dlBmWnVuUWpOVjdwZzBuZXZ0SDEzbGtUYnlUSXJKUGI5S3F3MkFYWXktU0psYmk2YmhjQktQTy12MFdFLWc2dk9CdDYzVkE?oc=5\" target=\"_blank\" rel=\"nofollow noopener\">El capote de Fran Beltr\u00e1n a Pablo L\u00f3pez antes de la visita del M\u00e9rida al Racing Club Ferrol<\/a>&nbsp;&nbsp;La Voz de Galicia<\/li>\n<li><a href=\"https:\/\/news.google.com\/rss\/articles\/CBMilgFBVV95cUxOdzlnYUNUdFY2TjVuNHhxckUyMF8zSTBpVXEtRnBKQ3g0RWVHakZfM3JxeDdGdHFXTWZfeXhsRlhoRVBUME9sNVFpRy1EVVJPYWNiTnVyV2R0SlZEeDZZaWxKUTFvVmV5bFl2TG43djZuUG82VEJxdk5uYVZwVzR2Mm1xYldWUHlXUWVadzZvbFFna2FVUFE?oc=5\" target=\"_blank\" rel=\"nofollow noopener\">El M\u00e9rida, sin nada que perder en Ferrol<\/a>&nbsp;&nbsp;Hoy<\/li>\n<li><a href=\"https:\/\/news.google.com\/rss\/articles\/CBMiuwFBVV95cUxOaVVoSjIzenNGcFFoejYwaHZyLXlaVm9vWFlZcmt1cmZvXzQyM1NGZmJLSkhZUzVGdDZGZHlhRXBSN01jYTRhLUdzZXR5MzBYN0FEX194LU1mZFV2VGRCeFJaLWNTaWJBdGpTakVmcmgzNFcxd1IxT3NTQzlzcndKeGNYMnhQT3lERUN4bkI2emlVMUREMVBYUzhzMWNvaUdKcWVKcXJHeDdDLVdYQzYzN2lubmJGd2xQWlE0?oc=5\" target=\"_blank\" rel=\"nofollow noopener\">El Racing de Ferrol busca la redenci\u00f3n<\/a>&nbsp;&nbsp;Diario de Ferrol<\/li>\n<\/ol>\n","protected":false},"excerpt":{"rendered":"Mardones sale al rescate del Racing de Ferrol, que empata con el M\u00e9rida (2-2)&nbsp;&nbsp;La Voz de Galicia M\u00e9rida&hellip;\n","protected":false},"author":2,"featured_media":262867,"comment_status":"","ping_status":"","sticky":false,"template":"","format":"standard","meta":{"footnotes":""},"categories":[268],"tags":[168,25,24,280,282,6958,12815,281,23,167],"class_list":{"0":"post-262866","1":"post","2":"type-post","3":"status-publish","4":"format-standard","5":"has-post-thumbnail","7":"category-futbol","8":"tag-deportes","9":"tag-es","10":"tag-espana","11":"tag-football","12":"tag-futbol","13":"tag-primera-rfef","14":"tag-racing-de-ferrol","15":"tag-soccer","16":"tag-spain","17":"tag-sports"},"share_on_mastodon":{"url":"https:\/\/pubeurope.com\/@es\/115635860621293180","error":""},"_links":{"self":[{"href":"https:\/\/www.europesays.com\/es\/wp-json\/wp\/v2\/posts\/262866","targetHints":{"allow":["GET"]}}],"collection":[{"href":"https:\/\/www.europesays.com\/es\/wp-json\/wp\/v2\/posts"}],"about":[{"href":"https:\/\/www.europesays.com\/es\/wp-json\/wp\/v2\/types\/post"}],"author":[{"embeddable":true,"href":"https:\/\/www.europesays.com\/es\/wp-json\/wp\/v2\/users\/2"}],"replies":[{"embeddable":true,"href":"https:\/\/www.europesays.com\/es\/wp-json\/wp\/v2\/comments?post=262866"}],"version-history":[{"count":0,"href":"https:\/\/www.europesays.com\/es\/wp-json\/wp\/v2\/posts\/262866\/revisions"}],"wp:featuredmedia":[{"embeddable":true,"href":"https:\/\/www.europesays.com\/es\/wp-json\/wp\/v2\/media\/262867"}],"wp:attachment":[{"href":"https:\/\/www.europesays.com\/es\/wp-json\/wp\/v2\/media?parent=262866"}],"wp:term":[{"taxonomy":"category","embeddable":true,"href":"https:\/\/www.europesays.com\/es\/wp-json\/wp\/v2\/categories?post=262866"},{"taxonomy":"post_tag","embeddable":true,"href":"https:\/\/www.europesays.com\/es\/wp-json\/wp\/v2\/tags?post=262866"}],"curies":[{"name":"wp","href":"https:\/\/api.w.org\/{rel}","templated":true}]}}