{"id":262868,"date":"2025-11-30T00:39:15","date_gmt":"2025-11-30T00:39:15","guid":{"rendered":"https:\/\/www.europesays.com\/es\/262868\/"},"modified":"2025-11-30T00:39:15","modified_gmt":"2025-11-30T00:39:15","slug":"de-pequeno-nicolas-televisivo-a-empresario","status":"publish","type":"post","link":"https:\/\/www.europesays.com\/es\/262868\/","title":{"rendered":"de \u00abpeque\u00f1o Nicol\u00e1s\u00bb televisivo, a empresario"},"content":{"rendered":"<p>La vida de<strong> Jos\u00e9 Antonio Avil\u00e9s<\/strong> ha dado un giro radical desde que decidiese abandonar la televisi\u00f3n. El andaluz poco a poco se convert\u00eda en un rostro habitual de Telecinco, participando en diversos realities como Supervivientes. De hecho, <a href=\"https:\/\/okdiario.com\/look\/actualidad\/jose-antonio-aviles-contradicciones-mentiras-que-tendra-que-enfrentarse-948908\" rel=\"nofollow noopener\" target=\"_blank\">su imagen se vio salpicada por una gran pol\u00e9mica<\/a> al destaparse la gran cantidad de mentiras que hab\u00eda contado; entre las que destaca haber falsificado su t\u00edtulo universitario y obtener dinero a base de enga\u00f1os.<\/p>\n<p>Avil\u00e9s se vend\u00eda como un heredero millonario que hab\u00eda recibido hasta 19 millones de euros, adem\u00e1s de asegurar que<strong> era familia de Amancio Ortega y Florentino P\u00e9rez<\/strong>. Y no solo eso, sino que tambi\u00e9n presum\u00eda de ser imagen de concesionarios de lujo en C\u00f3rdoba, o se presentaba a eventos como estilista de famosas como Isa Pantoja. Sin embargo, la verdad respecto a su vida personal y profesional no tardaba en salir a la luz, lo que puso en el punto de mira la reputaci\u00f3n del andaluz.<\/p>\n<p>\n<img decoding=\"async\" loading=\"lazy\" class=\"size-medium wp-image-2435970\" alt=\"Jose\u0301 Antonio Avile\u0301s en 'As\u00ed es la vida'. (Foto: Telecinco)\" width=\"620\" height=\"349\"  src=\"https:\/\/www.europesays.com\/es\/wp-content\/uploads\/2025\/10\/placeholder.jpg\"  bad-src=\"https:\/\/www.europesays.com\/es\/wp-content\/uploads\/2025\/10\/placeholder.jpg\"\/><\/p>\n<p><img decoding=\"async\" loading=\"lazy\" class=\"size-medium wp-image-2435970\" src=\"https:\/\/www.europesays.com\/es\/wp-content\/uploads\/2025\/11\/jose-antonio-aviles-en-telecinco-620x349.jpg\" alt=\"Jose\u0301 Antonio Avile\u0301s en 'As\u00ed es la vida'. (Foto: Telecinco)\" width=\"620\" height=\"349\"  \/><\/p>\n<p> Jose\u0301 Antonio Avile\u0301s en \u2018As\u00ed es la vida\u2019. (Foto: Telecinco)\n<\/p>\n<p>Las mentiras de Jos\u00e9 Antonio Avil\u00e9s<\/p>\n<p>Las mentiras llegaron a afectar incluso a amigos y conocidos, como en el caso de Jorge Javier V\u00e1zquez, quien no dudaba en pedirle explicaciones. \u00ab\u00bfPor qu\u00e9 utilizaste mi nombre en una cl\u00ednica dental para hacerte un blanqueamiento que era para m\u00ed cuando todo el mundo sabe que yo llevo fundas?\u00bb, exig\u00eda saber el presentador.<\/p>\n<p>Sin embargo, gracias a ese esc\u00e1ndalo terminaba convirti\u00e9ndose en un colaborador asiduo de numerosos programas y tertulias. Con el tiempo, Jos\u00e9 Antonio aseguraba haberse redimido por completo y reconoc\u00eda sus errores, por lo que se pas\u00f3 a formar parte de la plantilla de As\u00ed es la vida. Al menos, hasta el a\u00f1o pasado, cuando<strong> cerr\u00f3 esa etapa de su vida para centrarse en una nueva: la de empresario<\/strong>. Un cambio que ha experimentado ya no solo a nivel profesional, sino tambi\u00e9n personal, ya que el cambio f\u00edsico que ha experimentado Avil\u00e9s es bastante notable. Pese a ello, se muestra muy agradecido con la oportunidad que le dieron en Telecinco.<\/p>\n<p>\n<img decoding=\"async\" loading=\"lazy\" class=\"size-medium wp-image-2435966\" alt=\"Jose\u0301 Antonio Avile\u0301s durante su paso por 'Supervivientes'. (Foto: Gtres)\" width=\"620\" height=\"349\"  src=\"https:\/\/www.europesays.com\/es\/wp-content\/uploads\/2025\/10\/placeholder.jpg\"  bad-src=\"https:\/\/www.europesays.com\/es\/wp-content\/uploads\/2025\/10\/placeholder.jpg\"\/><\/p>\n<p><img decoding=\"async\" loading=\"lazy\" class=\"size-medium wp-image-2435966\" src=\"https:\/\/www.europesays.com\/es\/wp-content\/uploads\/2025\/11\/jose-antonio-aviles-durante-su-paso-por-supervivientes-620x349.jpg\" alt=\"Jose\u0301 Antonio Avile\u0301s durante su paso por 'Supervivientes'. (Foto: Gtres)\" width=\"620\" height=\"349\"  \/><\/p>\n<p> Jose\u0301 Antonio Avile\u0301s durante su paso por \u2018Supervivientes\u2019. (Foto: Gtres)\n<\/p>\n<p>Una nueva etapa lejos de la televisi\u00f3n<\/p>\n<p>\u00abHace un a\u00f1o y, despu\u00e9s de haber finalizado una etapa profesional muy bonita pero con un futuro a la vista bastante incierto, se me present\u00f3 un nuevo reto profesional: un programa de televisi\u00f3n nuevo en el que me ofrecieron la posibilidad de seguir haciendo lo que me apasiona, que es trabajar en medios de comunicaci\u00f3n\u00bb, se sinceraba en sus redes sociales. Pese a ello, \u00e9l tiene claro que considera a Telecinco \u00absu casa\u00bb y que <strong>\u00abseguir\u00e1 siendo mi casa. Y cuando tenga que volver, pues volver\u00e9\u00bb<\/strong>, se\u00f1alaba al respecto.<\/p>\n<blockquote class=\"instagram-media\" style=\"background: #FFF; border: 0; border-radius: 3px; box-shadow: 0 0 1px 0 rgba(0,0,0,0.5),0 1px 10px 0 rgba(0,0,0,0.15); margin: 1px; max-width: 540px; min-width: 326px; padding: 0; width: calc(100% - 2px);\" data-instgrm-captioned=\"\" data-instgrm-permalink=\"https:\/\/www.instagram.com\/p\/C9F7FKksMq0\/?utm_source=ig_embed&amp;utm_campaign=loading\" data-instgrm-version=\"14\">\n<\/blockquote>\n<p>\u00abHa sido un aprendizaje continuo desde el inicio. He fallado, he fracasado, me he levantado, me he confundido, he pedido perd\u00f3n. <a href=\"https:\/\/okdiario.com\/look\/actualidad\/lagrimas-aviles-adicciones-mentiras-familia-1583422\" rel=\"nofollow noopener\" target=\"_blank\">Sobre todo me quedo con eso \u00faltimo, aprender a pedir perd\u00f3n<\/a>\u00bb.<\/p>\n<p>Ahora, Jos\u00e9 Antonio vive en C\u00f3rdoba, su ciudad natal, donde es el orgulloso\u00a0<strong>propietario de una helader\u00eda situada en el coraz\u00f3n de la ciudad. <\/strong>All\u00ed, adem\u00e1s de helados, tambi\u00e9n se sirven caf\u00e9s, zumos naturales y bebidas fr\u00edas. El complicado bache que sufr\u00eda en su salud, tambi\u00e9n le llevaba a cuidarse mucho m\u00e1s, y es que adem\u00e1s de haber sufrido un micro ictus, Avil\u00e9s tambi\u00e9n padece la enfermedad de Crohn, de ah\u00ed la dr\u00e1stica bajada de peso que ha experimentado.<\/p>\n<p>\n<img decoding=\"async\" loading=\"lazy\" class=\"wp-image-2435963 size-full\" alt=\"Jose\u0301 Antonio Avile\u0301s en la actualidad. (Foto: Redes sociales)\" width=\"1080\" height=\"1440\"  src=\"https:\/\/www.europesays.com\/es\/wp-content\/uploads\/2025\/10\/placeholder.jpg\"  bad-src=\"https:\/\/www.europesays.com\/es\/wp-content\/uploads\/2025\/10\/placeholder.jpg\"\/><\/p>\n<p><img decoding=\"async\" loading=\"lazy\" class=\"wp-image-2435963 size-full\" src=\"https:\/\/www.europesays.com\/es\/wp-content\/uploads\/2025\/11\/jose-antonio-aviles-en-la-actualidad.jpg\" alt=\"Jose\u0301 Antonio Avile\u0301s en la actualidad. (Foto: Redes sociales)\" width=\"1080\" height=\"1440\"  \/><\/p>\n<p> Jose\u0301 Antonio Avile\u0301s en la actualidad. (Foto: Redes sociales)\n<\/p>\n<p>\u00abCuando mi cuerpo llega a un peso, mi h\u00edgado no metaboliza de la misma forma que si metaboliza cuando tengo otro peso. Tengo el h\u00edgado graso y cuando rebaso los 90-91 kilos mi cuerpo empieza a engordar y engordar\u00bb.<\/p>\n<p>\t\t\t\t\t\t\t<script async src=\"\/\/www.instagram.com\/embed.js\"><\/script><\/p>\n","protected":false},"excerpt":{"rendered":"La vida de Jos\u00e9 Antonio Avil\u00e9s ha dado un giro radical desde que decidiese abandonar la televisi\u00f3n. El&hellip;\n","protected":false},"author":2,"featured_media":262869,"comment_status":"","ping_status":"","sticky":false,"template":"","format":"standard","meta":{"footnotes":""},"categories":[174],"tags":[255,146,147,25,24,256,65430,23],"class_list":{"0":"post-262868","1":"post","2":"type-post","3":"status-publish","4":"format-standard","5":"has-post-thumbnail","7":"category-famosos","8":"tag-celebrities","9":"tag-entertainment","10":"tag-entretenimiento","11":"tag-es","12":"tag-espana","13":"tag-famosos","14":"tag-jose-antonio-aviles-actualidad-empresario","15":"tag-spain"},"share_on_mastodon":{"url":"https:\/\/pubeurope.com\/@es\/115635864950260037","error":""},"_links":{"self":[{"href":"https:\/\/www.europesays.com\/es\/wp-json\/wp\/v2\/posts\/262868","targetHints":{"allow":["GET"]}}],"collection":[{"href":"https:\/\/www.europesays.com\/es\/wp-json\/wp\/v2\/posts"}],"about":[{"href":"https:\/\/www.europesays.com\/es\/wp-json\/wp\/v2\/types\/post"}],"author":[{"embeddable":true,"href":"https:\/\/www.europesays.com\/es\/wp-json\/wp\/v2\/users\/2"}],"replies":[{"embeddable":true,"href":"https:\/\/www.europesays.com\/es\/wp-json\/wp\/v2\/comments?post=262868"}],"version-history":[{"count":0,"href":"https:\/\/www.europesays.com\/es\/wp-json\/wp\/v2\/posts\/262868\/revisions"}],"wp:featuredmedia":[{"embeddable":true,"href":"https:\/\/www.europesays.com\/es\/wp-json\/wp\/v2\/media\/262869"}],"wp:attachment":[{"href":"https:\/\/www.europesays.com\/es\/wp-json\/wp\/v2\/media?parent=262868"}],"wp:term":[{"taxonomy":"category","embeddable":true,"href":"https:\/\/www.europesays.com\/es\/wp-json\/wp\/v2\/categories?post=262868"},{"taxonomy":"post_tag","embeddable":true,"href":"https:\/\/www.europesays.com\/es\/wp-json\/wp\/v2\/tags?post=262868"}],"curies":[{"name":"wp","href":"https:\/\/api.w.org\/{rel}","templated":true}]}}