{"id":262870,"date":"2025-11-30T00:40:10","date_gmt":"2025-11-30T00:40:10","guid":{"rendered":"https:\/\/www.europesays.com\/es\/262870\/"},"modified":"2025-11-30T00:40:10","modified_gmt":"2025-11-30T00:40:10","slug":"sobrevivio-a-los-nazis-y-se-convirtio-en-la-pintura-mas-cara-en-ser-subastada-la-historia-del-bildnis-elisabeth-lederer","status":"publish","type":"post","link":"https:\/\/www.europesays.com\/es\/262870\/","title":{"rendered":"Sobrevivi\u00f3 a los nazis y se convirti\u00f3 en la pintura m\u00e1s cara en ser subastada: la historia del \u201cBildnis Elisabeth Lederer\u201d"},"content":{"rendered":"<p><img alt=\"El retrato de Gustav Klimt\" class=\"global-image\" decoding=\"async\" fetchpriority=\"high\" height=\"1080\" loading=\"eager\" src=\"https:\/\/www.europesays.com\/es\/wp-content\/uploads\/2025\/11\/XCMNSPWDW5BXLDLYJ3OIXRJFBQ.jpg\" width=\"1920\"\/>El retrato de Gustav Klimt alcanz\u00f3 los USD 236,4 millones en Nueva York y se convirti\u00f3 en la obra de arte moderno m\u00e1s cara jam\u00e1s vendida (foto: REUTERS)<\/p>\n<p class=\"paragraph\">La obra <b>Bildnis Elisabeth Lederer <\/b>de <a href=\"https:\/\/www.infobae.com\/cultura\/2025\/11\/19\/una-pintura-de-klimt-se-vendio-por-usd-236-millones-y-es-la-obra-mas-cara-de-arte-moderno-subastada\/\" target=\"_blank\" rel=\"noreferrer nofollow noopener\" title=\"https:\/\/www.infobae.com\/cultura\/2025\/11\/19\/una-pintura-de-klimt-se-vendio-por-usd-236-millones-y-es-la-obra-mas-cara-de-arte-moderno-subastada\/\"><b>Gustav Klimt<\/b><\/a> protagoniz\u00f3 una noche hist\u00f3rica en <b>Nueva York<\/b>, al convertirse en la <b>pintura de arte moderno m\u00e1s cara jam\u00e1s subastada<\/b>. El retrato, que ayud\u00f3 a su modelo a <b>sobrevivir la persecuci\u00f3n nazi<\/b>, fue vendido por <b>USD 236,4 millones <\/b>en una intensa puja que redefini\u00f3 el mercado internacional del arte, seg\u00fan inform\u00f3 The Associated Press.<\/p>\n<p class=\"paragraph\">El Bildnis Elisabeth Lederer, realizado entre 1914 y 1916, retrata a la protagonista <a href=\"https:\/\/www.infobae.com\/cultura\/2025\/11\/20\/tras-el-record-de-klimt-frida-kahlo-podria-convertirse-en-la-artista-mas-cara-de-la-historia\/\" target=\"_blank\" rel=\"noreferrer nofollow noopener\" title=\"https:\/\/www.infobae.com\/cultura\/2025\/11\/20\/tras-el-record-de-klimt-frida-kahlo-podria-convertirse-en-la-artista-mas-cara-de-la-historia\/\"><b>Elisabeth Lederer<\/b><\/a>,<b> hija de una de las familias jud\u00edas m\u00e1s acaudaladas de Viena<\/b>. La obra, de 1,8 metros de altura, destaca por el manto de inspiraci\u00f3n oriental que envuelve a la joven. Pero su valor va m\u00e1s all\u00e1 de lo art\u00edstico o monetario: el cuadro fue fundamental para que ella escapara de la muerte durante la ocupaci\u00f3n nazi en Austria.<\/p>\n<p class=\"paragraph\">Tras la anexi\u00f3n de Austria por <b>Alemania<\/b> en 1938, los nazis confiscaron la vasta colecci\u00f3n de arte de la familia Lederer. Sin embargo, los retratos familiares fueron descartados por considerarlos \u201cdemasiado jud\u00edos\u201d, como detalla la <b>National Gallery of Canada<\/b>, donde el cuadro estuvo en pr\u00e9stamo. <\/p>\n<p class=\"paragraph\">La familia vio c\u00f3mo una parte invaluable de su legado fue destruida, pero esta pintura de Klimt logr\u00f3 sobrevivir al incendio que consumi\u00f3 otros trabajos del artista, resguardada en un castillo austriaco.<\/p>\n<p><img alt=\"El retrato 'Bildnis Elisabeth Lederer'\" class=\"global-image\" decoding=\"async\" fetchpriority=\"low\" height=\"1080\" loading=\"lazy\" src=\"https:\/\/www.europesays.com\/es\/wp-content\/uploads\/2025\/11\/FUHIZS2R25FCHJ3AQZU2D4KT2Q.jpg\" width=\"1920\"\/>El retrato &#8216;Bildnis Elisabeth Lederer&#8217; de Gustav Klimt se convirti\u00f3 en la pintura de arte moderno m\u00e1s cara subastada en Nueva York (foto: Wikipedia)<\/p>\n<p class=\"paragraph\">La capacidad de supervivencia de Lederer se debi\u00f3, en buena medida, a su <b>ingenio y a la relevancia misma del retrato<\/b>. Para protegerse, <b>invent\u00f3 una filiaci\u00f3n con Klimt<\/b>, pese a que el pintor no era jud\u00edo y hab\u00eda fallecido en 1918. Con ayuda de su ex cu\u00f1ado, quien ocupaba un alto cargo en el r\u00e9gimen nazi, consigui\u00f3 un documento que la reconoc\u00eda como descendiente del artista. Esta estrategia <b>le permiti\u00f3 eludir la deportaci\u00f3n y permanecer en Viena hasta su muerte por enfermedad en 1944<\/b>.<\/p>\n<p class=\"paragraph\">El retrato pertenec\u00eda a la colecci\u00f3n de <b>Leonard A. Lauder<\/b>, heredero de la firma The Est\u00e9e Lauder Companies, quien falleci\u00f3 este a\u00f1o a los 92 a\u00f1os, dejando una colecci\u00f3n valorada en m\u00e1s de USD 400 millones. Cinco obras de Klimt de su acervo alcanzaron en conjunto USD 392 millones en la misma subasta, una cifra que subraya la magnitud del evento de acuerdo con los datos brindados por Sotheby\u2019s. <\/p>\n<p class=\"paragraph\">La subasta, celebrada el pasado martes 18 de noviembre en la sede neoyorquina de <b>Sotheby\u2019s<\/b>, reuni\u00f3 obras y fortunas en una velada sin precedentes. Durante m\u00e1s de veinte minutos, compradores de todo el mundo participaron en una puja feroz por el retrato de Lederer, hasta llegar a los <b>USD 236,4 millones<\/b>, cifra r\u00e9cord para una obra de arte moderno.<\/p>\n<p class=\"paragraph\">Seg\u00fan la casa de subastas, esta venta super\u00f3 el anterior r\u00e9cord establecido por el retrato de <b>Marilyn Monroe<\/b> de <b>Andy Warhol<\/b>, vendido por USD 195 millones en 2022. La identidad del comprador del retrato de Lederer no fue revelada. <\/p>\n<p><img alt=\"El cuadro de Klimt sobrevivi\u00f3\" class=\"global-image\" decoding=\"async\" fetchpriority=\"low\" height=\"1080\" loading=\"lazy\" src=\"https:\/\/www.europesays.com\/es\/wp-content\/uploads\/2025\/11\/MMJQLYHZF5GGTKJPDY3WDFNR54.jpg\" width=\"1920\"\/>El cuadro de Klimt sobrevivi\u00f3 a la persecuci\u00f3n nazi y fue clave para la supervivencia de su modelo en Austria (foto: Wikipedia)<\/p>\n<p class=\"paragraph\">Adem\u00e1s del r\u00e9cord de Klimt, la subasta incluy\u00f3 piezas de <b>Vincent van Gogh, Henri Matisse<\/b> y <b>Edvard Munch<\/b>, confirmando la noche como uno de los momentos m\u00e1s destacados para el mercado del arte reciente, de acuerdo con The Associated Press.<\/p>\n<p class=\"paragraph\">Entre las ventas m\u00e1s singulares, destac\u00f3 la pieza \u201cAmerica\u201d, un inodoro de oro de 18 quilates creado por <b>Maurizio Cattelan<\/b>, que alcanz\u00f3 los <b>USD 12,1 millones<\/b>. <\/p>\n<p class=\"paragraph\">\u201cNo importa si comes un almuerzo de USD 200 o un perrito caliente de USD 2, <b>el resultado es el mismo<\/b>, al menos en lo que respecta al inodoro\u201d, afirm\u00f3 Cattelan, conocido por sus provocaciones como la famosa banana pegada a la pared, en declaraciones consignadas por The Associated Press.<\/p>\n<p><img alt=\"La subasta de Sotheby\u2019s en\" class=\"global-image\" decoding=\"async\" fetchpriority=\"low\" height=\"1080\" loading=\"lazy\" src=\"https:\/\/www.europesays.com\/es\/wp-content\/uploads\/2025\/11\/TBQ2V623CJBMJIBH3OUIVGNUUU.jpg\" width=\"1920\"\/>La subasta de Sotheby\u2019s en Nueva York reuni\u00f3 obras de Klimt, Van Gogh, Matisse y Munch en una noche sin precedentes para el arte moderno (foto: REUTERS)<\/p>\n<p class=\"paragraph\">La venta del retrato de Klimt no solo establece un <b>nuevo r\u00e9cord monetario<\/b>, sino que tambi\u00e9n resalta la profundidad de las historias personales tras el arte. El hecho de que una pintura haya sido instrumental para salvar una vida durante la persecuci\u00f3n nazi aporta una carga simb\u00f3lica que trasciende el dinero. <\/p>\n<p class=\"paragraph\">Como destac\u00f3 la casa de subastas, esta obra se convirti\u00f3 en un testimonio de \u201cla relaci\u00f3n entre la creaci\u00f3n art\u00edstica y el valor de mercado, una tensi\u00f3n que qued\u00f3 patente en una noche donde el arte y el dinero volvieron a cruzar sus caminos de forma elocuente\u201d. <\/p>\n","protected":false},"excerpt":{"rendered":"El retrato de Gustav Klimt alcanz\u00f3 los USD 236,4 millones en Nueva York y se convirti\u00f3 en la&hellip;\n","protected":false},"author":2,"featured_media":262871,"comment_status":"","ping_status":"","sticky":false,"template":"","format":"standard","meta":{"footnotes":""},"categories":[173],"tags":[229,233,231,230,232,234,146,147,25,24,23],"class_list":{"0":"post-262870","1":"post","2":"type-post","3":"status-publish","4":"format-standard","5":"has-post-thumbnail","7":"category-arte-y-diseno","8":"tag-arte","9":"tag-arte-y-diseno","10":"tag-arts","11":"tag-arts-and-design","12":"tag-design","13":"tag-diseno","14":"tag-entertainment","15":"tag-entretenimiento","16":"tag-es","17":"tag-espana","18":"tag-spain"},"share_on_mastodon":{"url":"https:\/\/pubeurope.com\/@es\/115635868457497382","error":""},"_links":{"self":[{"href":"https:\/\/www.europesays.com\/es\/wp-json\/wp\/v2\/posts\/262870","targetHints":{"allow":["GET"]}}],"collection":[{"href":"https:\/\/www.europesays.com\/es\/wp-json\/wp\/v2\/posts"}],"about":[{"href":"https:\/\/www.europesays.com\/es\/wp-json\/wp\/v2\/types\/post"}],"author":[{"embeddable":true,"href":"https:\/\/www.europesays.com\/es\/wp-json\/wp\/v2\/users\/2"}],"replies":[{"embeddable":true,"href":"https:\/\/www.europesays.com\/es\/wp-json\/wp\/v2\/comments?post=262870"}],"version-history":[{"count":0,"href":"https:\/\/www.europesays.com\/es\/wp-json\/wp\/v2\/posts\/262870\/revisions"}],"wp:featuredmedia":[{"embeddable":true,"href":"https:\/\/www.europesays.com\/es\/wp-json\/wp\/v2\/media\/262871"}],"wp:attachment":[{"href":"https:\/\/www.europesays.com\/es\/wp-json\/wp\/v2\/media?parent=262870"}],"wp:term":[{"taxonomy":"category","embeddable":true,"href":"https:\/\/www.europesays.com\/es\/wp-json\/wp\/v2\/categories?post=262870"},{"taxonomy":"post_tag","embeddable":true,"href":"https:\/\/www.europesays.com\/es\/wp-json\/wp\/v2\/tags?post=262870"}],"curies":[{"name":"wp","href":"https:\/\/api.w.org\/{rel}","templated":true}]}}