{"id":262872,"date":"2025-11-30T00:42:08","date_gmt":"2025-11-30T00:42:08","guid":{"rendered":"https:\/\/www.europesays.com\/es\/262872\/"},"modified":"2025-11-30T00:42:08","modified_gmt":"2025-11-30T00:42:08","slug":"nos-han-comunicado-que-no-habra-nueva-temporada","status":"publish","type":"post","link":"https:\/\/www.europesays.com\/es\/262872\/","title":{"rendered":"Nos han comunicado que no habr\u00e1 nueva temporada"},"content":{"rendered":"\n<p> <strong>RTVE ha decidido no renovar <\/strong><strong>El condensador de fluzo<\/strong><strong>, el programa de divulgaci\u00f3n hist\u00f3rica de La 2<\/strong>. La noticia la ha confirmado el coru\u00f1\u00e9s Miguel \u00c1ngel Cajigal, m\u00e1s conocido como El Barroquista, historiador del arte y uno de los colaboradores habituales del espacio.  <\/p>\n<p> El programa de LACOproductora, estrenado en enero de 2021, <strong>pone fin a su andadura, despu\u00e9s de cinco temporadas<\/strong>. La noticia ha pillado a muchos por sorpresa, ya que el formato hab\u00eda vuelto renovado a la parrilla en su \u00faltima etapa, con Maya Pixelskaya como nueva presentadora, nuevo plat\u00f3 retrofuturista y secciones renovadas como la de la historiadora del arte y creadora digital Sandra Moruiz, los Salsehitos de Galder Varas, o las Ruinas hist\u00f3ricas de Tom\u00e0s Fuentes e Ignasi Taltavull. <\/p>\n<p> <strong>\u00abNos han comunicado que no habr\u00e1 nueva temporada\u00bb, ha escrito El Barroquista en sus redes sociales<\/strong>. \u00abComo dijo gente m\u00e1s sabia que yo, es un milagro que este programa haya existido\u00bb. El colaborador se ha mostrado \u00aborgulloso del trabajo realizado y feliz de haberlo hecho con gente incre\u00edble\u00bb.  <\/p>\n<blockquote class=\"twitter-tweet\">\n<p lang=\"es\" dir=\"ltr\">Nos han comunicado que no habr\u00e1 nuevas temporadas de El Condensador de Fluzo.<\/p>\n<p>Como dijo gente m\u00e1s sab\u00eda que yo, es un milagro que este programa haya existido.<\/p>\n<p>Orgulloso del trabajo realizado y feliz de haberlo hecho con gente incre\u00edble.<\/p>\n<p>Hasta siempre, <a href=\"https:\/\/twitter.com\/hashtag\/FluzoForever?src=hash&amp;ref_src=twsrc%5Etfw\" rel=\"nofollow noopener\" target=\"_blank\">#FluzoForever<\/a>. <a href=\"https:\/\/t.co\/VpI4gvXsqZ\" rel=\"nofollow\">pic.twitter.com\/VpI4gvXsqZ<\/a><\/p>\n<p>\u2014 El Barroquista (@elbarroquista) <a href=\"https:\/\/twitter.com\/elbarroquista\/status\/1994732376400736568?ref_src=twsrc%5Etfw\" rel=\"nofollow noopener\" target=\"_blank\">November 29, 2025<\/a><\/p><\/blockquote>\n<p> \u00abLa verdad es que ha sido una experiencia preciosa. Y los que llevamos desde la temporada 1 vivimos cada una como la temporada final, porque <strong>sab\u00edamos que en cuanto los n\u00fameros flaqueasen, se acabar\u00eda<\/strong>\u00ab, ha a\u00f1adido el colaborador. \u00abEl reto era subir el nivel cada a\u00f1o y creo que se consigui\u00f3. En la \u00faltima temporada hubo secciones muy complejas\u00bb. <\/p>\n<p>                Maya Pixelskaya, presentadora de la T5 de &#8216;El condensador de fluzo&#8217;. (RTVE)            <\/p>\n<p> Su presentadora Maya Garc\u00eda, m\u00e1s conocida como Maya Pixelskaya, se ha hecho tambi\u00e9n eco del mensaje de su compa\u00f1ero: \u00abMe pregunt\u00e1is a menudo por el Fluzo, y aqu\u00ed est\u00e1 la respuesta\u00bb. Apenada por este final, Maya ha querido resaltar la importancia de haberse puesto al frente de este formato de La 2: \u00ab<strong>Trabajar en la quinta temporada fue una de mis mejores experiencias en esta profesi\u00f3n<\/strong>; lo recordar\u00e9 con orgullo y un enorme cari\u00f1o\u00bb. El Barroquista ha respondido tambi\u00e9n con cari\u00f1o a su mensaje: \u00abTrabajar contigo ha sido incre\u00edble\u00bb. <\/p>\n<p> Otra de las colaboradoras que tambi\u00e9n ha querido dejar su opini\u00f3n ha sido Isabel Mell\u00e9n, fil\u00f3sofa, historiadora del arte y escritora: \u00abSe acab\u00f3 El condensador de Fluzo. Al menos, tuve la inmensa fortuna de participar en su \u00faltima temporada. Fue una experiencia ef\u00edmera, pero superenriquecedora. Sobre todo por el maravilloso equipo humano que hay detr\u00e1s. Ha sido un honor aprender de gente tan grande\u00bb. <\/p>\n<p>                Cuarta temporada de &#8216;El condensador de fluzo&#8217;, con Raquel Martos. (RTVE)           Combinando el rigor con la diversi\u00f3n           <\/p>\n<p> El condensador de fluzo arranc\u00f3 sus emisiones el 7 de enero de 2021, por lo que el pr\u00f3ximo a\u00f1o hubiese cumplido cinco a\u00f1os. <strong>Naci\u00f3 como un programa de divulgaci\u00f3n hist\u00f3rica desde el humor y el entretenimiento<\/strong>, apto para todos los p\u00fablicos interesados en el pasado, sin importar su nivel de conocimiento, y que pretend\u00eda hacer la Historia amena, accesible y atractiva. Un espacio centrado tanto en los grandes hitos hist\u00f3ricos como en esas peque\u00f1as curiosidades o an\u00e9cdotas sorprendentes que nunca nos contaron en clase. <\/p>\n<p>                    Primera temporada de &#8216;El condensador de fluzo&#8217;, con Juan G\u00f3mez-Jurado. (RTVE)             <\/p>\n<p> <strong>Cada semana, analizaba un tema concreto desde el punto de vista de la Historia universal<\/strong>. Los grandes cr\u00edmenes, los descubrimientos m\u00e1s alucinantes, los grandes desastres, las principales conquistas, etc. han tenido cabida en este espacio, que en su primera temporada corri\u00f3 a cargo de uno de los escritores m\u00e1s importantes de nuestro pa\u00eds,<strong> Juan G\u00f3mez-Jurado<\/strong>. A partir de la segunda temporada, El condensador de fluzo pas\u00f3 a manos de la c\u00f3mica y escritora <strong>Raquel Martos<\/strong>, que se mantuvo al frente del mismo durante tres temporadas. <\/p>\n<p> El programa ha mantenido siempre una audiencia muy fiel cada semana, aunque es cierto que el n\u00famero de espectadores no dej\u00f3 de bajar de una a otra temporada. En su \u00faltima temporada, el programa arranc\u00f3 con fuerza (3,2% y 429.000), sin embargo,<strong> la reubicaci\u00f3n del espacio del jueves al s\u00e1bado le pas\u00f3 factura<\/strong>. Sus \u00faltimas entregas se quedaron por debajo del 2% con menos de 200.000 seguidores. <\/p>\n<p> \u00abLo de los cambios de d\u00eda y hora de la \u00faltima temporada era un indicio importante\u00bb, ha asegurado El Barroquista. \u00abLa verdad es que estamos muy contentos con el trabajo. <strong>Es un honor haber hecho un hueco en el <\/strong><strong>prime time<\/strong><strong> de la televisi\u00f3n p\u00fablica para la historia y la historia del arte<\/strong>\u00ab. <\/p>\n<p> <strong>Evoluci\u00f3n de las audiencias<\/strong> <\/p>\n<ul class=\"bodyList bodyList--unordered\">\n<li class=\"bodyList__item\">Temporada 1 (enero-abril 2021): 2,6% y 473.000<\/li>\n<li class=\"bodyList__item\">Temporada 2 (enero-abril 2022): 3% y 468.000<\/li>\n<li class=\"bodyList__item\">Temporada 3 (enero-marzo 2023): 2,6% y 394.000<\/li>\n<li class=\"bodyList__item\">Temporada 4 (enero-abril 2024): 2,5% y 340.000<\/li>\n<li class=\"bodyList__item\">Temporada 5 (enero-abril 2025): 2,4% y 266.000<\/li>\n<\/ul>\n<p> <strong>RTVE ha decidido no renovar <\/strong><strong>El condensador de fluzo<\/strong><strong>, el programa de divulgaci\u00f3n hist\u00f3rica de La 2<\/strong>. La noticia la ha confirmado el coru\u00f1\u00e9s Miguel \u00c1ngel Cajigal, m\u00e1s conocido como El Barroquista, historiador del arte y uno de los colaboradores habituales del espacio.  <\/p>\n<p>              <script async src=\"https:\/\/platform.twitter.com\/widgets.js\" charset=\"utf-8\"><\/script><\/p>\n","protected":false},"excerpt":{"rendered":"RTVE ha decidido no renovar El condensador de fluzo, el programa de divulgaci\u00f3n hist\u00f3rica de La 2. La&hellip;\n","protected":false},"author":2,"featured_media":262873,"comment_status":"","ping_status":"","sticky":false,"template":"","format":"standard","meta":{"footnotes":""},"categories":[171],"tags":[146,147,25,24,23,214],"class_list":{"0":"post-262872","1":"post","2":"type-post","3":"status-publish","4":"format-standard","5":"has-post-thumbnail","7":"category-tv","8":"tag-entertainment","9":"tag-entretenimiento","10":"tag-es","11":"tag-espana","12":"tag-spain","13":"tag-tv"},"share_on_mastodon":{"url":"https:\/\/pubeurope.com\/@es\/115635876238761796","error":""},"_links":{"self":[{"href":"https:\/\/www.europesays.com\/es\/wp-json\/wp\/v2\/posts\/262872","targetHints":{"allow":["GET"]}}],"collection":[{"href":"https:\/\/www.europesays.com\/es\/wp-json\/wp\/v2\/posts"}],"about":[{"href":"https:\/\/www.europesays.com\/es\/wp-json\/wp\/v2\/types\/post"}],"author":[{"embeddable":true,"href":"https:\/\/www.europesays.com\/es\/wp-json\/wp\/v2\/users\/2"}],"replies":[{"embeddable":true,"href":"https:\/\/www.europesays.com\/es\/wp-json\/wp\/v2\/comments?post=262872"}],"version-history":[{"count":0,"href":"https:\/\/www.europesays.com\/es\/wp-json\/wp\/v2\/posts\/262872\/revisions"}],"wp:featuredmedia":[{"embeddable":true,"href":"https:\/\/www.europesays.com\/es\/wp-json\/wp\/v2\/media\/262873"}],"wp:attachment":[{"href":"https:\/\/www.europesays.com\/es\/wp-json\/wp\/v2\/media?parent=262872"}],"wp:term":[{"taxonomy":"category","embeddable":true,"href":"https:\/\/www.europesays.com\/es\/wp-json\/wp\/v2\/categories?post=262872"},{"taxonomy":"post_tag","embeddable":true,"href":"https:\/\/www.europesays.com\/es\/wp-json\/wp\/v2\/tags?post=262872"}],"curies":[{"name":"wp","href":"https:\/\/api.w.org\/{rel}","templated":true}]}}