{"id":262874,"date":"2025-11-30T00:44:35","date_gmt":"2025-11-30T00:44:35","guid":{"rendered":"https:\/\/www.europesays.com\/es\/262874\/"},"modified":"2025-11-30T00:44:35","modified_gmt":"2025-11-30T00:44:35","slug":"alberto-rey-propone-tres-peliculas-de-estreno-para-ir-al-cine-este-fin-de-semana-en-video","status":"publish","type":"post","link":"https:\/\/www.europesays.com\/es\/262874\/","title":{"rendered":"Alberto Rey propone tres pel\u00edculas de estreno para ir al cine este fin\u00a0de\u00a0semana, en v\u00eddeo"},"content":{"rendered":"<p class=\"L6-news-detail__text\">Los viernes los <b><a title=\"cines\" href=\"https:\/\/www.lasexta.com\/temas\/cine-1\" target=\"_blank\" rel=\"nofollow noopener\">cines<\/a><\/b> renuevan sus carteleras con nuevos estrenos. Por ese motivo, <b><a title=\"Alberto Rey\" href=\"https:\/\/www.lasexta.com\/temas\/alberto_rey-1\" target=\"_blank\" rel=\"nofollow noopener\">Alberto Rey<\/a><\/b> visita Zapeando para proponer tres pel\u00edculas perfectas para disfrutar de un fin de semana de cine. La primera es una pel\u00edcula de animaci\u00f3n: la segunda parte de &#8216;<b>Zootr\u00f3polis<\/b>&#8216;.<\/p>\n<p>\u00abPerfecta para llevar a los ni\u00f1os\u00bb<\/p>\n<p class=\"L6-news-detail__text\">\u00abJudy, la conejita, y Nick, el zorro, vuelven para resolver el caso de <b>un misterioso reptil<\/b> que va a poner patas arriba la metr\u00f3poli de los mam\u00edferos\u00bb, cuenta Isabel Forner. Alberto cuenta que \u00abes una pel\u00edcula mon\u00edsima, perfecta para <b>llevar a los ni\u00f1os<\/b> sin que como adulto sientas que te est\u00e1n robando neuronas\u00bb. El experto en cine le da tres &#8216;Albertitos&#8217; y medio.<\/p>\n<p>&#8216;Pu\u00f1ales por la espalda: de entre los muertos&#8217;<\/p>\n<p class=\"L6-news-detail__text\">La siguiente propuesta es &#8216;<b>Pu\u00f1ales por la espalda: de entre los muertos<\/b>&#8216;, la tercera parte de la saga. \u00abUn nuevo caso para el detective Benoit Blanc, interpretado por <b>Daniel Craig<\/b>\u00ab, indica Nacho Garc\u00eda. La pel\u00edcula cuenta con un reparto de excepci\u00f3n: adem\u00e1s de Craig, est\u00e1n <b>Glenn Close, Josh Brolin, Mila Kunis o Jeremy Renner<\/b>. \u00abEs tan buena y tan divertida como la primera\u00bb, comenta Alberto.<\/p>\n<p class=\"L6-news-detail__text\">El experto en cine se\u00f1ala que el director del film \u00abest\u00e1 haciendo lo mismo que se hac\u00eda en los a\u00f1os 70 con las <b>adaptaciones de Agatha Christie<\/b>: tramas enrevesadas o repartos espectaculares que se mantienen <b>en vilo hasta el \u00faltimo minuto<\/b> para saber qui\u00e9n es el asesino\u00bb. Rey otorga tres &#8216;Albertitos&#8217; y medio al film.<\/p>\n<p>&#8216;N\u00faremberg&#8217;<\/p>\n<p class=\"L6-news-detail__text\">Este viernes tambi\u00e9n se estrena &#8216;<b>N\u00faremberg<\/b>&#8216;, \u00abque cuenta la historia de un psiquiatra estadounidense encargado de determinar si los oficiales nazis son <b>aptos para ser juzgados<\/b> en los juicios de N\u00faremberg y que se ver\u00e1 inmerso en una compleja <b>batalla de ingenio<\/b> con Hermann G\u00f6ring, la mano derecha de Hitler\u00bb, indica M\u00f3nica Cruz.<\/p>\n<p class=\"L6-news-detail__text\">El filme est\u00e1 protagonizado por <b>Russell Crowe y Rami Malek<\/b>. \u00abEs una pel\u00edcula que se queda un poco a medias de casi todo\u00bb, expone Alberto. \u00ab<b>Crowe est\u00e1 super oscarizable<\/b>\u00ab, a\u00f1ade, \u00aby Malek sigue dando bastante repel\u00fas\u00bb. El periodista se\u00f1ala que la pel\u00edcula es \u00abmediocre\u00bb en otros aspectos, pero \u00ab<b>muy buena<\/b>\u00bb a la hora de transmitir el horror que se vivi\u00f3 en los juicios. Rey decide dar tres &#8216;Albertitos&#8217;.<\/p>\n<p class=\"L6-news-detail__text\"><b><a title=\"*Sigue a laSexta en Google. Toda la actualidad y el mejor contenido aqu\u00ed.\" href=\"https:\/\/profile.google.com\/cp\/CgkvbS8wZG5xejA\" target=\"_blank\" rel=\"nofollow noopener\">*Sigue a laSexta en Google. Toda la actualidad y el mejor contenido aqu\u00ed.<\/a><\/b><\/p>\n<p class=\"L6-support-news-video__title\">\u00a1Feliz cumplea\u00f1os!<\/p>\n<p>            <a href=\"https:\/\/www.lasexta.com\/programas\/zapeando\/video-conoce-nuestra-encantadora-isabel-forner-asi-seria-trailer-biopic_202511286929c5336e5e5012dcd27ffa.html\" class=\"L6-news__link\" rel=\"nofollow noopener\" target=\"_blank\"><br \/>\n                V\u00cdDEO | Conoce a nuestra &#8216;encantadora&#8217;\u00a0Isabel\u00a0Forner: as\u00ed ser\u00eda el tr\u00e1iler de su biopic<\/p>\n<p class=\"recirculation-video-desc\">La zapeadora cumple a\u00f1os este viernes, por eso el programa ha preparado un regalo muy especial para ella: el tr\u00e1iler de su propia pel\u00edcula biogr\u00e1fica. Desc\u00fabrelo en el v\u00eddeo principal.<\/p>\n<p>            <\/a><\/p>\n","protected":false},"excerpt":{"rendered":"Los viernes los cines renuevan sus carteleras con nuevos estrenos. Por ese motivo, Alberto Rey visita Zapeando para&hellip;\n","protected":false},"author":2,"featured_media":262875,"comment_status":"","ping_status":"","sticky":false,"template":"","format":"standard","meta":{"footnotes":""},"categories":[169],"tags":[177,146,147,25,24,176,175,23],"class_list":{"0":"post-262874","1":"post","2":"type-post","3":"status-publish","4":"format-standard","5":"has-post-thumbnail","7":"category-cine","8":"tag-cine","9":"tag-entertainment","10":"tag-entretenimiento","11":"tag-es","12":"tag-espana","13":"tag-film","14":"tag-movies","15":"tag-spain"},"share_on_mastodon":{"url":"https:\/\/pubeurope.com\/@es\/115635884288228418","error":""},"_links":{"self":[{"href":"https:\/\/www.europesays.com\/es\/wp-json\/wp\/v2\/posts\/262874","targetHints":{"allow":["GET"]}}],"collection":[{"href":"https:\/\/www.europesays.com\/es\/wp-json\/wp\/v2\/posts"}],"about":[{"href":"https:\/\/www.europesays.com\/es\/wp-json\/wp\/v2\/types\/post"}],"author":[{"embeddable":true,"href":"https:\/\/www.europesays.com\/es\/wp-json\/wp\/v2\/users\/2"}],"replies":[{"embeddable":true,"href":"https:\/\/www.europesays.com\/es\/wp-json\/wp\/v2\/comments?post=262874"}],"version-history":[{"count":0,"href":"https:\/\/www.europesays.com\/es\/wp-json\/wp\/v2\/posts\/262874\/revisions"}],"wp:featuredmedia":[{"embeddable":true,"href":"https:\/\/www.europesays.com\/es\/wp-json\/wp\/v2\/media\/262875"}],"wp:attachment":[{"href":"https:\/\/www.europesays.com\/es\/wp-json\/wp\/v2\/media?parent=262874"}],"wp:term":[{"taxonomy":"category","embeddable":true,"href":"https:\/\/www.europesays.com\/es\/wp-json\/wp\/v2\/categories?post=262874"},{"taxonomy":"post_tag","embeddable":true,"href":"https:\/\/www.europesays.com\/es\/wp-json\/wp\/v2\/tags?post=262874"}],"curies":[{"name":"wp","href":"https:\/\/api.w.org\/{rel}","templated":true}]}}