{"id":262878,"date":"2025-11-30T00:46:10","date_gmt":"2025-11-30T00:46:10","guid":{"rendered":"https:\/\/www.europesays.com\/es\/262878\/"},"modified":"2025-11-30T00:46:10","modified_gmt":"2025-11-30T00:46:10","slug":"la-vacunacion-sin-cita-de-gripe-se-mantiene-este-domingo-solo-para-ninos-y-se-aplaza-para-el-resto-de-poblacion-al-sabado-13-de-diciembre","status":"publish","type":"post","link":"https:\/\/www.europesays.com\/es\/262878\/","title":{"rendered":"La vacunaci\u00f3n sin cita de gripe se mantiene este domingo solo para ni\u00f1os y se aplaza para el resto de poblaci\u00f3n al s\u00e1bado 13 de diciembre"},"content":{"rendered":"<p class=\"article-epigraph\">Cuatro equipos de Enfermer\u00eda han administrado 3.024 dosis hoy en el Hospital Nuestra Se\u00f1ora de Gracia de Zaragoza\u00a0<\/p>\n<p>\n        Actualizado 29\/11\/2025 19:56\n    <\/p>\n<p>    <a class=\"category\" href=\"https:\/\/www.aragonhoy.es\/sanidad\" rel=\"nofollow noopener\" target=\"_blank\">Sanidad<\/a><\/p>\n<p class=\"paragraph\">La jornada extraordinaria de vacunaci\u00f3n contra la gripe celebrada en el Hospital Nuestra Se\u00f1ora de Gracia de Zaragoza hoy ha sido un \u00e9xito rotundo de participaci\u00f3n ciudadana.<\/p>\n<p class=\"paragraph\">La afluencia de ciudadanos ha superado cualquier previsi\u00f3n l\u00f3gica ya que se han administrado en una sola jornada 3.024 vacunas, lo que supera la cifra de la \u00faltima convocatoria sin cita de la temporada pasada, que alcanz\u00f3 las 1.711 dosis en dos d\u00edas.<\/p>\n<p class=\"paragraph\">Las neveras del Hospital Provincial tienen capacidad para 600 vacunas, que se han ido reponiendo a lo largo del d\u00eda para atender a la demanda. Tras diez horas de vacunaci\u00f3n ininterrumpida, se ha decidido que la jornada de ma\u00f1ana se aplaza al pr\u00f3ximo s\u00e1bado 13 de diciembre para dejar stock suficiente en los centros de salud durante toda la semana.<\/p>\n<p class=\"paragraph\">El punto de vacunaci\u00f3n sin cita de ma\u00f1ana se mantiene para los ni\u00f1os, pero se reprograma para el resto de la poblaci\u00f3n.<\/p>\n<p>    <strong id=\"m90-89-91\">Reprogramada la jornada de adultos<\/strong>Declaraciones de Nuria Gay\u00e1n, directora general de Salud P\u00fablica<\/p>\n<p>    <strong id=\"m104-103-105\">La directora explica las dosis administradas<\/strong><\/p>\n<p class=\"paragraph\">Mientras, los ciudadanos que lo deseen y pertenezcan a los grupos de poblaci\u00f3n a los que se les recomienda esta medida pueden solicitar cita para vacunarse en su centro de salud.<\/p>\n<p class=\"paragraph\">La directora general de Salud P\u00fablica del Gobierno de Arag\u00f3n, Nuria Gay\u00e1n, ha agradecido la alta respuesta de la ciudadan\u00eda ya que se hizo un llamamiento ante la actual situaci\u00f3n de epidemia de gripe y la poblaci\u00f3n ha respondido. \u201cLa ciudadan\u00eda ha demostrado una respuesta ejemplar, que confirma la confianza en la vacunaci\u00f3n como herramienta de salud p\u00fablica\u201d, ha dicho.<\/p>\n<p class=\"paragraph\">Mayte Clares, directora de Enfermer\u00eda del SALUD, ha agradecido el comportamiento de los ciudadanos que a pesar de la alta respuesta se han mostrado pacientes ya que ha habido momentos en que el turno para vacunarse ha sido de una hora de duraci\u00f3n.<\/p>\n<p class=\"paragraph\">Para atender a todos los ciudadanos, se han montado cuatro puntos de vacunaci\u00f3n en el c\u00e9ntrico hospital, lo que supon\u00edan una quincena de personas trabajando para administrar las dosis. Clares tambi\u00e9n ha querido agradecer el esfuerzo de todo el personal en estas iniciativas extraordinarias.<\/p>\n","protected":false},"excerpt":{"rendered":"Cuatro equipos de Enfermer\u00eda han administrado 3.024 dosis hoy en el Hospital Nuestra Se\u00f1ora de Gracia de Zaragoza\u00a0&hellip;\n","protected":false},"author":2,"featured_media":262879,"comment_status":"","ping_status":"","sticky":false,"template":"","format":"standard","meta":{"footnotes":""},"categories":[92],"tags":[25,24,165,166,23,65431],"class_list":{"0":"post-262878","1":"post","2":"type-post","3":"status-publish","4":"format-standard","5":"has-post-thumbnail","7":"category-salud","8":"tag-es","9":"tag-espana","10":"tag-health","11":"tag-salud","12":"tag-spain","13":"tag-vacunacion-cita-gripe-mantiene-domingo-ninos-aplaza-resto-poblacion-sabado-13-diciembre"},"share_on_mastodon":{"url":"https:\/\/pubeurope.com\/@es\/115635892121627019","error":""},"_links":{"self":[{"href":"https:\/\/www.europesays.com\/es\/wp-json\/wp\/v2\/posts\/262878","targetHints":{"allow":["GET"]}}],"collection":[{"href":"https:\/\/www.europesays.com\/es\/wp-json\/wp\/v2\/posts"}],"about":[{"href":"https:\/\/www.europesays.com\/es\/wp-json\/wp\/v2\/types\/post"}],"author":[{"embeddable":true,"href":"https:\/\/www.europesays.com\/es\/wp-json\/wp\/v2\/users\/2"}],"replies":[{"embeddable":true,"href":"https:\/\/www.europesays.com\/es\/wp-json\/wp\/v2\/comments?post=262878"}],"version-history":[{"count":0,"href":"https:\/\/www.europesays.com\/es\/wp-json\/wp\/v2\/posts\/262878\/revisions"}],"wp:featuredmedia":[{"embeddable":true,"href":"https:\/\/www.europesays.com\/es\/wp-json\/wp\/v2\/media\/262879"}],"wp:attachment":[{"href":"https:\/\/www.europesays.com\/es\/wp-json\/wp\/v2\/media?parent=262878"}],"wp:term":[{"taxonomy":"category","embeddable":true,"href":"https:\/\/www.europesays.com\/es\/wp-json\/wp\/v2\/categories?post=262878"},{"taxonomy":"post_tag","embeddable":true,"href":"https:\/\/www.europesays.com\/es\/wp-json\/wp\/v2\/tags?post=262878"}],"curies":[{"name":"wp","href":"https:\/\/api.w.org\/{rel}","templated":true}]}}