{"id":262882,"date":"2025-11-30T00:48:23","date_gmt":"2025-11-30T00:48:23","guid":{"rendered":"https:\/\/www.europesays.com\/es\/262882\/"},"modified":"2025-11-30T00:48:23","modified_gmt":"2025-11-30T00:48:23","slug":"descubre-que-ofertas-estan-conquistando-el-black-friday-antes-de-que-desaparezcan","status":"publish","type":"post","link":"https:\/\/www.europesays.com\/es\/262882\/","title":{"rendered":"descubre qu\u00e9 ofertas est\u00e1n conquistando el Black Friday antes de que desaparezcan"},"content":{"rendered":"<p data-gtm-element-container=\"modulo-texto-link\" class=\"paragraph\">Ya quedan pocas horas para que acabe oficialmente el fin de semana del Black Friday, as\u00ed que si ten\u00edas pensado comprar regalos de Navidad o actualizar electrodom\u00e9sticos, dispositivos&#8230; es el momento. Algunas ofertas se han acabado, otras, hasta han mejorado. Por eso, te recomiendo que si ves algo que te llame la atenci\u00f3n, no te lo pienses mucho. Yo, por ejemplo, me he quedado sin la oferta del papel higi\u00e9nico que uso. Estaba y cuando he vuelto ya no.<\/p>\n<p>        Lee tambi\u00e9n<\/p>\n<p>    Andrea V\u00e1zquez<\/p>\n<p>             <img loading=\"lazy\" decoding=\"async\" data-full-src=\"https:\/\/www.lavanguardia.com\/uploads\/2025\/11\/28\/6929fd283fe71.jpeg\" alt=\"Las ofertas de Black Friday siguen vigentes este s\u00e1bado\" width=\"104\" height=\"108\" src=\"https:\/\/www.europesays.com\/es\/wp-content\/uploads\/2025\/11\/6929fd283fe71.jpeg\" class=\"lazy\"\/><\/p>\n<p data-gtm-element-container=\"modulo-texto-link\" class=\"paragraph\">A continuaci\u00f3n te dejo los productos que est\u00e1n arrasando este domingo. Algunos son de primera necesidad, otros para equipar la casa o a ti misma\/o. Echa un ojo a los fichajes que he hecho de las ofertas que est\u00e1n a\u00fan en marcha en muchas de las tiendas online que suelo rastrear y que est\u00e1n arrasando este domingo.<\/p>\n<p>Ofertas que est\u00e1n arrasando el domingo de Black Friday<\/p>\n<p>Plum\u00edfero plum\u00f3n l\u00ednea A de Bimba y Lola<\/p>\n<p>                <img loading=\"lazy\" decoding=\"async\" data-full-src=\"https:\/\/www.lavanguardia.com\/uploads\/2025\/11\/29\/692b227bc8a56.jpeg\" alt=\"Plum\u00edfero plum\u00f3n l\u00ednea A de Bimba y Lola\" width=\"449\" height=\"337\" src=\"https:\/\/www.europesays.com\/es\/wp-content\/uploads\/2025\/11\/692b227bc8a56.jpeg\" class=\"lazy\"\/><\/p>\n<p class=\"caption-title \">Plum\u00edfero plum\u00f3n l\u00ednea A de Bimba y Lola.<\/p>\n<p>                    El Corte Ingl\u00e9s<\/p>\n<p data-gtm-element-container=\"modulo-texto-link\" class=\"paragraph\">Plum\u00edfero Bimba y Lola de mujer en tejido t\u00e9cnico negro brillante, corte l\u00ednea A con cuello alto, mangas rectas largas y cierre cremallera m\u00e1s botones presi\u00f3n para un look urbano sofisticado. Bolsillos con vivo abotonado, cremalleras laterales pr\u00e1cticas y logo bordado exterior que elevan su dise\u00f1o premium. Relleno 100% pluma\/plum\u00f3n responsable asegura calidez ligera y transpirabilidad ideal para invierno elegante.<\/p>\n<p>    <a style=\"width: auto; font-family: sans-serif; font-weight: 700; font-size: 16px; line-height: 18px; color: #ffffff; background: #000000; border-radius: 5px; display: inline-block; padding: 16px 17px; text-transform: uppercase;\" href=\"https:\/\/redirect.prd.themonetise.es\/short\/616825d2b3c546da98aaeffedc2dfc8d?puqs=1\" target=\"_blank\" title=\"textoBoton\" rel=\"nofollow noopener\">Comprar en El Corte Ingl\u00e9s con un 55% de descuento<\/a><\/p>\n<p>Samsung Galaxy S25 Ultra 512GB<\/p>\n<p>                <img loading=\"lazy\" decoding=\"async\" data-full-src=\"https:\/\/www.lavanguardia.com\/uploads\/2025\/11\/29\/692b2af00ad54.jpeg\" alt=\"Samsung Galaxy S25 Ultra 512GB\" width=\"449\" height=\"337\" src=\"https:\/\/www.europesays.com\/es\/wp-content\/uploads\/2025\/11\/692b2af00ad54.jpeg\" class=\"lazy\"\/><\/p>\n<p class=\"caption-title \">Samsung Galaxy S25 Ultra 512GB.<\/p>\n<p>                    Amazon<\/p>\n<p data-gtm-element-container=\"modulo-texto-link\" class=\"paragraph\">Samsung Galaxy S25 Ultra eleva la IA m\u00f3vil con Galaxy AI que anticipa necesidades, automatiza tareas diarias y optimiza uso v\u00eda chat inteligente, m\u00e1s garant\u00eda exclusiva Amazon de 4 a\u00f1os total. Dise\u00f1o redondeado con marco titanio duradero y S Pen integrado fusiona elegancia moderna, mientras ProVisual Engine en c\u00e1mara cu\u00e1druple (200 MP principal OIS) captura\/editar im\u00e1genes pro con luz superior d\u00eda\/noche. Snapdragon 8 Elite for Galaxy potencia gaming hiperrealista con ray tracing, bater\u00eda optimizada mDNIe para autonom\u00eda extendida, Now Bar r\u00e1pido y widgets personalizables en One UI 7.<\/p>\n<p>Patinete el\u00e9ctrico F2 Pro E\u00a0Segway-Ninebot<\/p>\n<p>                <img loading=\"lazy\" decoding=\"async\" data-full-src=\"https:\/\/www.lavanguardia.com\/uploads\/2024\/03\/20\/65faa7b49dba7.jpeg\" alt=\"Patinete el\u00e9ctrico Segway-Ninebot F2 Pro E\" width=\"449\" height=\"359\" src=\"https:\/\/www.europesays.com\/es\/wp-content\/uploads\/2025\/11\/65faa7b49dba7.jpeg\" class=\"lazy\"\/><\/p>\n<p class=\"caption-title \">Patinete el\u00e9ctrico Segway-Ninebot F2 Pro E<\/p>\n<p>                    Amazon<\/p>\n<p data-gtm-element-container=\"modulo-texto-link\" class=\"paragraph\">Segway-Ninebot F2 Pro E alcanza 25 km\/h con motor trasero 900W que sube pendientes del 22%, autonom\u00eda de 55 km (bater\u00eda 460 Wh) y neum\u00e1ticos autorreparables 10\u201d para conducci\u00f3n suave en baches. Incluye intermitentes integrados, suspensi\u00f3n delantera 35 mm, TCS antideslizante, doble frenado (disco delantero + electr\u00f3nico trasero), luces LED 13,5 m y IPX5 para seguridad total. Homologado para adultos hasta 120 kg, plegable con app personalizable y modos Eco\/Drive\/Sport para trayectos urbanos eficientes.<\/p>\n<p>1 euros por darte de alta en Movistar Plus+<\/p>\n<p>                <img loading=\"lazy\" decoding=\"async\" data-full-src=\"https:\/\/www.lavanguardia.com\/uploads\/2025\/11\/27\/6928bb6875022.jpeg\" alt=\"Si te das de alta hoy podr\u00e1s ver el FC Barcelona - Atl\u00e9tico de Madrid por solo 1 euro desde el sof\u00e1 de tu casa\" width=\"449\" height=\"221\" src=\"https:\/\/www.europesays.com\/es\/wp-content\/uploads\/2025\/11\/6928bb6875022.jpeg\" class=\"lazy\"\/><\/p>\n<p class=\"caption-title \">Si te das de alta hoy podr\u00e1s ver el FC Barcelona &#8211; Atl\u00e9tico de Madrid por solo 1 euro desde el sof\u00e1 de tu casa.<\/p>\n<p>                    Movistar Plus+<\/p>\n<p data-gtm-element-container=\"modulo-texto-link\" class=\"paragraph\">Queda menos para que puedas darte de alta en Movistar Plus+ con la superoferta de Black Friday. Y es que hoy a\u00fan te costar\u00e1 1 euro el primer mes, eso quiere decir que podr\u00e1s ver el partidazo de LaLiga EA Sports entre el FC Barcelona y el Atl\u00e9tico de Madrid que se disputa el pr\u00f3ximo martes 2 de diciembre en el Camp Nou. Tambi\u00e9n el partido de Champions del Real Madrid contra el Mancheste City del 10 de diciembre. Esta plataforma de streaming no tiene permanencia y la cuota mensual es de 9,99 euros al mes (impuestos incluidos).<\/p>\n<p>    <a style=\"width: auto; font-family: sans-serif; font-weight: 700; font-size: 16px; line-height: 18px; color: #ffffff; background: #000000; border-radius: 5px; display: inline-block; padding: 16px 17px; text-transform: uppercase;\" href=\"https:\/\/redirect.prd.themonetise.es\/short\/c6c611798c8b46b29e738e7385b57db9?puqs=1\" target=\"_blank\" title=\"textoBoton\" rel=\"nofollow noopener\">Movistar Plus+ Black Friday 1 \u20ac el primer mes<\/a><\/p>\n<p>Rowenta Comfort Compact<\/p>\n<p>                <img loading=\"lazy\" decoding=\"async\" data-full-src=\"https:\/\/www.lavanguardia.com\/uploads\/2025\/11\/28\/69298eba5e365.jpeg\" alt=\"Rowenta Comfort Compact - Calefactor bajo consumo 2000 W, 2 velocidades, termostato mec\u00e1nico funci\u00f3n anti-heladas, Silence 44 dBA, modo Eco, ventilador aire fr\u00edo, f\u00e1cil transporte\" width=\"449\" height=\"337\" src=\"https:\/\/www.europesays.com\/es\/wp-content\/uploads\/2025\/11\/69298eba5e365.jpeg\" class=\"lazy\"\/><\/p>\n<p class=\"caption-title \">Dispone de modo eco.<\/p>\n<p>                    Amazon<\/p>\n<p data-gtm-element-container=\"modulo-texto-link\" class=\"paragraph\">Calefactor el\u00e9ctrico bajo consumo con ventilador que emite calor r\u00e1pido y uniforme para salones, dormitorios o despachos de 25-35 m\u00b2, ahorrando hasta 50% energ\u00eda en modo 1000W m\u00ednimo frente a m\u00e1xima potencia. Potencia ajustable (1000W silencioso prolongado \/ 2000W r\u00e1pido), termostato seleccionable y modo ventilador fr\u00edo para uso anual sin molestias al dormir o estudiar. Compacto con asa transportable, dise\u00f1o estable y protecci\u00f3n sobrecalentamiento, no apto ba\u00f1os.<\/p>\n<p>Plancha de ropa Power Steam Ultra de<br \/>Russell Hobbs<\/p>\n<p>                <img loading=\"lazy\" decoding=\"async\" data-full-src=\"https:\/\/www.lavanguardia.com\/uploads\/2024\/04\/11\/6617cb3c2afd7.jpeg\" alt=\"Plancha de Ropa Power Steam Ultra de Russell Hobbs\" width=\"449\" height=\"285\" src=\"https:\/\/www.europesays.com\/es\/wp-content\/uploads\/2025\/11\/6617cb3c2afd7.jpeg\" class=\"lazy\"\/><\/p>\n<p class=\"caption-title \">Plancha de Ropa Power Steam Ultra de Russell Hobbs<\/p>\n<p>                    Amazon<\/p>\n<p data-gtm-element-container=\"modulo-texto-link\" class=\"paragraph\">Russell Hobbs Power Steam Ultra ofrece suela cer\u00e1mica deslizante con punta precisi\u00f3n, ranuras botones y asa suave para planchado eficiente, m\u00e1s cable 3 m y apagado autom\u00e1tico por seguridad. Potencia 3100 W con golpe vapor 210 g, continuo 70 g\/min, vapor vertical y pulverizaci\u00f3n para arrugas dif\u00edciles en seco o h\u00famedo. Dep\u00f3sito 350 ml, funciones antigoteo, antical y autolimpieza facilitan mantenimiento sin manchas.<\/p>\n<p>Generador solar port\u00e1til\u00a0BLUETTI Elite 30 V2<\/p>\n<p>                <img loading=\"lazy\" decoding=\"async\" data-full-src=\"https:\/\/www.lavanguardia.com\/uploads\/2025\/11\/18\/691ca437b889c.jpeg\" alt=\"BLUETTI Elite 30 V2\" width=\"449\" height=\"337\" src=\"https:\/\/www.europesays.com\/es\/wp-content\/uploads\/2025\/11\/691ca437b889c.jpeg\" class=\"lazy\"\/><\/p>\n<p class=\"caption-title \">BLUETTI Elite 30 V2<\/p>\n<p>                    BLUETTI<\/p>\n<p data-gtm-element-container=\"modulo-texto-link\" class=\"paragraph\">BLUETTI Elite 30 V2 es una estaci\u00f3n port\u00e1til ligera de 4,3 kg con 600W continua (pico 1500W), bater\u00eda LiFePO4 288Wh y 8 salidas para camping, viajes o emergencias dom\u00e9sticas. Carga completa CA en 70 min (8 m\u00e9todos: solar hasta 200W, coche), modo SAI 10 ms para cortes imperceptibles y app Bluetooth\/Wi-Fi para control inteligente. Silenciosa 3000 ciclos vida \u00fatil, incluye cables CA\/coche pero cable solar aparte para m\u00e1xima versatilidad.<\/p>\n<p>Rizador pelo ondas\u00a0Remington<\/p>\n<p>                <img loading=\"lazy\" decoding=\"async\" data-full-src=\"https:\/\/www.lavanguardia.com\/uploads\/2025\/11\/29\/692b2eb3d856d.jpeg\" alt=\"Rizador pelo ondas Remington\" width=\"449\" height=\"337\" src=\"https:\/\/www.europesays.com\/es\/wp-content\/uploads\/2025\/11\/692b2eb3d856d.jpeg\" class=\"lazy\"\/><\/p>\n<p class=\"caption-title \">Rizador pelo ondas Remington.<\/p>\n<p>                    Amazon<\/p>\n<p data-gtm-element-container=\"modulo-texto-link\" class=\"paragraph\">Remington PROluxe CI91X1 rizador de ondas cer\u00e1mica con Grip Tech antideslizante crea 4 estilos ajustables: ondas marcadas, sirena ca\u00edda, playeras sueltas y desenfadadas con barril c\u00f3nico 25-38 mm. Tecnolog\u00eda OPTIheat distribuye calor preciso hasta 210\u00b0C en 5 niveles digitales para ondas duraderas 24 horas, calentamiento 30 seg, apagado auto 60 min y cable giratorio 3 m. Modo Pro+ 185\u00b0C cuida cabello sensible con resultados profesionales sin tirones.<\/p>\n<p>Succionador de cl\u00edtoris\u00a0Platanomel\u00f3n<\/p>\n<p>                <img loading=\"lazy\" decoding=\"async\" data-full-src=\"https:\/\/www.lavanguardia.com\/uploads\/2024\/07\/16\/6696b7f42c211.jpeg\" alt=\"Mambo de Platanomel\u00f3n\" width=\"449\" height=\"311\" src=\"https:\/\/www.europesays.com\/es\/wp-content\/uploads\/2025\/11\/6696b7f42c211.jpeg\" class=\"lazy\"\/><\/p>\n<p class=\"caption-title \">Mambo de Platanomel\u00f3n<\/p>\n<p>                    Amazon<\/p>\n<p data-gtm-element-container=\"modulo-texto-link\" class=\"paragraph\">Mambo de Platanomel\u00f3n ofrece 14 velocidades progresivas de succi\u00f3n Oh! Tech que estimula el cl\u00edtoris externa, interna y profundamente para orgasmos r\u00e1pidos e intensos, adaptable con 2 boquillas intercambiables. Dise\u00f1o ergon\u00f3mico sumergible (IPX7) para ducha o ba\u00f1era, silicona hipoalerg\u00e9nica suave, recarga USB magn\u00e9tica con hasta 480 min. de autonom\u00eda y se mantiene de pie para higiene \u00f3ptima. Compacto, discreto y f\u00e1cil de limpiar, garantiza placer personalizado sin contacto directo.<\/p>\n<p>Altavoz Bluetooth\u00a0Beats Pill<\/p>\n<p>                <img loading=\"lazy\" decoding=\"async\" data-full-src=\"https:\/\/www.lavanguardia.com\/uploads\/2025\/11\/29\/692b29293c572.jpeg\" alt=\"Altavoz Bluetooth Beats Pill\" width=\"449\" height=\"337\" src=\"https:\/\/www.europesays.com\/es\/wp-content\/uploads\/2025\/11\/692b29293c572.jpeg\" class=\"lazy\"\/><\/p>\n<p class=\"caption-title \">Altavoz Bluetooth Beats Pill.<\/p>\n<p>                    Amazon<\/p>\n<p data-gtm-element-container=\"modulo-texto-link\" class=\"paragraph\">Beats Pill entrega sonido potente que llena cualquier espacio con woofer ovalado a medida que mueve 90% m\u00e1s aire para graves profundos sin distorsi\u00f3n, incluso a m\u00e1ximo volumen, m\u00e1s agudos n\u00edtidos y tonos medios intensos. Ofrece 24 horas autonom\u00eda, carga r\u00e1pida USB-C para dispositivos externos, IP67 resistente a agua\/polvo, cord\u00f3n extra\u00edble y silicona protectora para m\u00e1xima portabilidad. Compatibilidad Apple\/Android con emparejamiento r\u00e1pido, audio sin p\u00e9rdida, modo est\u00e9reo dual, llamadas y asistentes de voz integrados.<\/p>\n<p>        Lee tambi\u00e9n<\/p>\n<p>    Oriol Ribalta<\/p>\n<p>             <img loading=\"lazy\" decoding=\"async\" data-full-src=\"https:\/\/www.lavanguardia.com\/uploads\/2025\/11\/29\/692ad3a2ec068.jpeg\" alt=\"Mejores ofertas en m\u00f3viles del Black Friday 2025\" width=\"334\" height=\"164\" src=\"https:\/\/www.europesays.com\/es\/wp-content\/uploads\/2025\/11\/692ad3a2ec068.jpeg\" class=\"lazy\"\/><\/p>\n<p>        Lee tambi\u00e9n<\/p>\n<p>    Carlos Dom\u00ednguez<\/p>\n<p>             <img loading=\"lazy\" decoding=\"async\" data-full-src=\"https:\/\/www.lavanguardia.com\/uploads\/2025\/11\/28\/6929e44bbcd2d.jpeg\" alt=\"Descubre la mejor selecci\u00f3n de altavoces y barras de sonido en oferta por el Black Friday\" width=\"334\" height=\"164\" src=\"https:\/\/www.europesays.com\/es\/wp-content\/uploads\/2025\/11\/6929e44bbcd2d.r_d.547-232.jpeg\" class=\"lazy\"\/><\/p>\n<p>        Lee tambi\u00e9n<\/p>\n<p>    Andrea V\u00e1zquez<\/p>\n<p>             <img loading=\"lazy\" decoding=\"async\" data-full-src=\"https:\/\/www.lavanguardia.com\/uploads\/2025\/11\/29\/692af4bb5f684.jpeg\" alt=\"Adidas rebaja sus superventas como las Samba por el Black Friday\" width=\"334\" height=\"164\" src=\"https:\/\/www.europesays.com\/es\/wp-content\/uploads\/2025\/11\/692af4bb5f684.r_d.435-178.jpeg\" class=\"lazy\"\/><\/p>\n","protected":false},"excerpt":{"rendered":"Ya quedan pocas horas para que acabe oficialmente el fin de semana del Black Friday, as\u00ed que si&hellip;\n","protected":false},"author":2,"featured_media":262883,"comment_status":"","ping_status":"","sticky":false,"template":"","format":"standard","meta":{"footnotes":""},"categories":[81],"tags":[119,123,124,25,24,117,121,122,23,118,120],"class_list":{"0":"post-262882","1":"post","2":"type-post","3":"status-publish","4":"format-standard","5":"has-post-thumbnail","7":"category-ciencia-y-tecnologia","8":"tag-ciencia","9":"tag-ciencia-y-tecnologia","10":"tag-cienciaytecnologia","11":"tag-es","12":"tag-espana","13":"tag-science","14":"tag-science-and-technology","15":"tag-scienceandtechnology","16":"tag-spain","17":"tag-technology","18":"tag-tecnologia"},"share_on_mastodon":{"url":"https:\/\/pubeurope.com\/@es\/115635900728192712","error":""},"_links":{"self":[{"href":"https:\/\/www.europesays.com\/es\/wp-json\/wp\/v2\/posts\/262882","targetHints":{"allow":["GET"]}}],"collection":[{"href":"https:\/\/www.europesays.com\/es\/wp-json\/wp\/v2\/posts"}],"about":[{"href":"https:\/\/www.europesays.com\/es\/wp-json\/wp\/v2\/types\/post"}],"author":[{"embeddable":true,"href":"https:\/\/www.europesays.com\/es\/wp-json\/wp\/v2\/users\/2"}],"replies":[{"embeddable":true,"href":"https:\/\/www.europesays.com\/es\/wp-json\/wp\/v2\/comments?post=262882"}],"version-history":[{"count":0,"href":"https:\/\/www.europesays.com\/es\/wp-json\/wp\/v2\/posts\/262882\/revisions"}],"wp:featuredmedia":[{"embeddable":true,"href":"https:\/\/www.europesays.com\/es\/wp-json\/wp\/v2\/media\/262883"}],"wp:attachment":[{"href":"https:\/\/www.europesays.com\/es\/wp-json\/wp\/v2\/media?parent=262882"}],"wp:term":[{"taxonomy":"category","embeddable":true,"href":"https:\/\/www.europesays.com\/es\/wp-json\/wp\/v2\/categories?post=262882"},{"taxonomy":"post_tag","embeddable":true,"href":"https:\/\/www.europesays.com\/es\/wp-json\/wp\/v2\/tags?post=262882"}],"curies":[{"name":"wp","href":"https:\/\/api.w.org\/{rel}","templated":true}]}}