{"id":262884,"date":"2025-11-30T00:49:13","date_gmt":"2025-11-30T00:49:13","guid":{"rendered":"https:\/\/www.europesays.com\/es\/262884\/"},"modified":"2025-11-30T00:49:13","modified_gmt":"2025-11-30T00:49:13","slug":"el-gobierno-de-trump-tacha-a-mercadona-de-fenomeno-cultural-por-su-dominio","status":"publish","type":"post","link":"https:\/\/www.europesays.com\/es\/262884\/","title":{"rendered":"El Gobierno de Trump tacha a Mercadona de \u00abfen\u00f3meno cultural\u00bb por su dominio"},"content":{"rendered":"<p class=\"c-paragraph\">El Departamento de Agricultura de <a href=\"https:\/\/www.20minutos.es\/tags\/temas\/eeuu.html\" title=\"EEUU\" rel=\"nofollow noopener\" target=\"_blank\">EEUU\u00a0<\/a>(USDA, por sus siglas en ingl\u00e9s) ha definido a <b><a href=\"https:\/\/www.20minutos.es\/tags\/instituciones-empresas\/mercadona.html\" title=\"Mercadona\" rel=\"nofollow noopener\" target=\"_blank\">Mercadona <\/a>como un \u00abfen\u00f3meno cultural\u00bb en Espa\u00f1a. <\/b>As\u00ed lo recoge en su informe anual<a href=\"https:\/\/www.fas.usda.gov\/data\/spain-retail-foods-annual-1\" rel=\"nofollow noreferrer noopener\" target=\"_blank\">\u00a0Retail Foods Spain 2025<\/a>, publicado este mes, en el que analiza las tendencias y la evoluci\u00f3n del comercio minorista en el pa\u00eds. El documento destaca que, m\u00e1s all\u00e1 de su posici\u00f3n dominante en el mercado, la empresa presidida por <a href=\"https:\/\/www.20minutos.es\/tags\/personas\/juan-roig.html\" title=\"Juan Roig\" rel=\"nofollow noopener\" target=\"_blank\">Juan Roig <\/a>ha logrado un impacto social y de consumo que trasciende lo comercial.<\/p>\n<p class=\"c-paragraph\">El informe subraya que el panorama del comercio minorista en Espa\u00f1a contin\u00faa fragmentado en 2025, sobre todo en lo que respecta al sector alimentario. A pesar de que existe una gran variedad de cadenas y operadores, l<b>a competencia se concentra en un pu\u00f1ado de marcas, con Mercadona como l\u00edder indiscutible.<\/b> As\u00ed, recalca que el gigante valenciano mantiene ventas \u00abcasi tres veces superiores\u00bb a las de su competidor m\u00e1s cercano, <a href=\"https:\/\/www.20minutos.es\/tags\/instituciones-empresas\/carrefour.html\" title=\"Carrefour\" rel=\"nofollow noopener\" target=\"_blank\">Carrefour<\/a>, una distancia que, seg\u00fan el USDA, refuerza su influencia en los h\u00e1bitos de compra de los consumidores.<\/p>\n<p class=\"c-paragraph\">\u00abSe prev\u00e9 que la incertidumbre econ\u00f3mica y la reducci\u00f3n de la renta disponible persistan en 2025, lo que llevar\u00e1 a los consumidores a <b>centrarse en los art\u00edculos esenciales y a reducir las compras impulsivas<\/b>, lo que obligar\u00e1 a los minoristas a maximizar su eficiencia para mantener los m\u00e1rgenes\u00bb, apunta el informe de la Administraci\u00f3n Trump.<\/p>\n<p class=\"c-paragraph\">EEUU valora tambi\u00e9n la relevancia de las marcas blancas, un factor clave en el crecimiento de Mercadona. \u00ab<b>M\u00e1s all\u00e1 de su posici\u00f3n en el mercado, Mercadona se considera un fen\u00f3meno cultural en Espa\u00f1a<\/b>, conocida por su amplia oferta de alimentos espa\u00f1oles y sus marcas blancas como Hacendado\u00bb, manifiesta. Las ense\u00f1as propias, como Hacendado o Deliplus, se han convertido en referentes para millones de hogares.<\/p>\n<p class=\"c-paragraph\">El informe menciona adem\u00e1s un estudio de Aldi que refleja que\u00a0<b>los hogares espa\u00f1oles destinan el 44% de su presupuesto de compra a productos de marca blanca,<\/b> una cifra que ilustra las prioridades de los clientes.\u00a0\u00abLas marcas blancas son muy populares en Espa\u00f1a, impulsadas por la atenci\u00f3n que prestan los consumidores al precio y la relaci\u00f3n calidad-precio\u00bb.<\/p>\n<p class=\"c-paragraph\">Si bien Mercadona domina el mercado, el informe recuerda que <b>otros competidores mantienen un peso significativo. <\/b>Carrefour conserva una cuota notable, aunque muy inferior a la de la compa\u00f1\u00eda valenciana, y Lidl contin\u00faa siendo una de las cadenas de mayor crecimiento gracias a su enfoque en precios bajos y productos de marca propia.<\/p>\n","protected":false},"excerpt":{"rendered":"El Departamento de Agricultura de EEUU\u00a0(USDA, por sus siglas en ingl\u00e9s) ha definido a Mercadona como un \u00abfen\u00f3meno&hellip;\n","protected":false},"author":2,"featured_media":262885,"comment_status":"","ping_status":"","sticky":false,"template":"","format":"standard","meta":{"footnotes":""},"categories":[80],"tags":[5063,82,95,94,25,24,65433,4973,23,936],"class_list":{"0":"post-262884","1":"post","2":"type-post","3":"status-publish","4":"format-standard","5":"has-post-thumbnail","7":"category-economia","8":"tag-administracion","9":"tag-business","10":"tag-economia","11":"tag-economy","12":"tag-es","13":"tag-espana","14":"tag-fenomeno-cultural","15":"tag-mercadona","16":"tag-spain","17":"tag-trump"},"share_on_mastodon":{"url":"https:\/\/pubeurope.com\/@es\/115635903764365764","error":""},"_links":{"self":[{"href":"https:\/\/www.europesays.com\/es\/wp-json\/wp\/v2\/posts\/262884","targetHints":{"allow":["GET"]}}],"collection":[{"href":"https:\/\/www.europesays.com\/es\/wp-json\/wp\/v2\/posts"}],"about":[{"href":"https:\/\/www.europesays.com\/es\/wp-json\/wp\/v2\/types\/post"}],"author":[{"embeddable":true,"href":"https:\/\/www.europesays.com\/es\/wp-json\/wp\/v2\/users\/2"}],"replies":[{"embeddable":true,"href":"https:\/\/www.europesays.com\/es\/wp-json\/wp\/v2\/comments?post=262884"}],"version-history":[{"count":0,"href":"https:\/\/www.europesays.com\/es\/wp-json\/wp\/v2\/posts\/262884\/revisions"}],"wp:featuredmedia":[{"embeddable":true,"href":"https:\/\/www.europesays.com\/es\/wp-json\/wp\/v2\/media\/262885"}],"wp:attachment":[{"href":"https:\/\/www.europesays.com\/es\/wp-json\/wp\/v2\/media?parent=262884"}],"wp:term":[{"taxonomy":"category","embeddable":true,"href":"https:\/\/www.europesays.com\/es\/wp-json\/wp\/v2\/categories?post=262884"},{"taxonomy":"post_tag","embeddable":true,"href":"https:\/\/www.europesays.com\/es\/wp-json\/wp\/v2\/tags?post=262884"}],"curies":[{"name":"wp","href":"https:\/\/api.w.org\/{rel}","templated":true}]}}