{"id":262888,"date":"2025-11-30T00:57:11","date_gmt":"2025-11-30T00:57:11","guid":{"rendered":"https:\/\/www.europesays.com\/es\/262888\/"},"modified":"2025-11-30T00:57:11","modified_gmt":"2025-11-30T00:57:11","slug":"david-puig-saldra-como-lider-del-torneo-en-australia-por-quinta-vez-en-su-carrera","status":"publish","type":"post","link":"https:\/\/www.europesays.com\/es\/262888\/","title":{"rendered":"David Puig saldr\u00e1 como l\u00edder del torneo en Australia por quinta vez en su carrera"},"content":{"rendered":"<p>&#13;<br \/>\n        &#13;<br \/>\n&#13;<br \/>\n        &#13;<\/p>\n<p>            <a href=\"https:\/\/ten-golf.com\/wp-content\/uploads\/2025\/05\/puigpga25livmiami.webp\" data-caption=\"David Puig. (Photo by Charles Laberge\/LIV Golf)\" rel=\"nofollow noopener\" target=\"_blank\"><img decoding=\"async\" loading=\"lazy\" width=\"666\" height=\"444\" class=\"entry-thumb td-modal-image\" src=\"https:\/\/www.europesays.com\/es\/wp-content\/uploads\/2025\/11\/puigpga25livmiami-666x444.webp.webp\"   alt=\"David Puig, en el LIV Golf de Miami. (Photo by Charles Laberge\/LIV Golf)\" title=\"LIV Golf Miami - Practice Round\"\/><\/a>David Puig. (Photo by Charles Laberge\/LIV Golf)<\/p>\n<p>            David Puig anunci\u00f3 en septiembre de 2022 que se hac\u00eda profesional. S\u00f3lo dos meses despu\u00e9s estaba saliendo en el partido estelar de la \u00faltima jornada en el International Series de Marruecos. Parti\u00f3 como l\u00edder con dos golpes de ventaja y termin\u00f3 en la tercera posici\u00f3n<\/p>\n<p>Para seguir leyendo, Suscr\u00edbete<\/p>\n<p>    Subscription OptionsMENSUAL<\/p>\n<p>Unlimited  Entradas<\/p>\n<p>Unlimited  Galer\u00edas<\/p>\n<p>Unlimited  \u00c1lbumes<\/p>\n<p>Unlimited  P\u00e1ginas<\/p>\n<p>ANUAL + LIBRO<\/p>\n<p>Unlimited  Entradas<\/p>\n<p>Unlimited  Galer\u00edas<\/p>\n<p>Unlimited  \u00c1lbumes<\/p>\n<p>Unlimited  P\u00e1ginas<\/p>\n<p>ANUAL<\/p>\n<p>Unlimited  Entradas<\/p>\n<p>Unlimited  Galer\u00edas<\/p>\n<p>Unlimited  \u00c1lbumes<\/p>\n<p>Unlimited  P\u00e1ginas<\/p>\n<p>    Recibe 30 mulligans para gastar en <a href=\"https:\/\/thegame.ten-golf.com\" target=\"_blank\" rel=\"nofollow noopener\">TheGame<\/a> junto a tu suscripci\u00f3n anual (al final de la temporada se quitar\u00e1n los mulligans no gastados)<\/p>\n<p>    Pincha <a href=\"https:\/\/ten-golf.com\/tengolf-pone-en-marcha-el-muro-de-pago-y-crea-el-club-tengolf\" target=\"_blank\" rel=\"nofollow noopener\">aqu\u00ed<\/a> para saber m\u00e1s sobre las distintas suscripciones<\/p>\n<p>        &#13;<br \/>\n&#13;<br \/>\n        &#13;<br \/>\n            &#13;<br \/>\n            &#13;<br \/>\n&#13;<\/p>\n<p class=\"join-telegram\"><img decoding=\"async\" class=\"loading\" src=\"https:\/\/www.europesays.com\/es\/wp-content\/uploads\/2025\/11\/telegram-icon.png\" alt=\"\"\/> S\u00edguenos tambi\u00e9n en <a href=\"https:\/\/telegram.org\/\" target=\"_blank\" style=\"font-weight: normal;\" rel=\"nofollow noopener\">Telegram<\/a> en el canal <a href=\"https:\/\/t.me\/tengolf\" target=\"_blank\" rel=\"nofollow\">@tengolf<\/a><\/p>\n<p>        &#13;<br \/>\n        <a class=\"will-load\" name=\"end-article\" data-id=\"post-212870\"\/>&#13;<\/p>\n","protected":false},"excerpt":{"rendered":"&#13; &#13; &#13; &#13; David Puig. (Photo by Charles Laberge\/LIV Golf) David Puig anunci\u00f3 en septiembre de 2022&hellip;\n","protected":false},"author":2,"featured_media":262889,"comment_status":"","ping_status":"","sticky":false,"template":"","format":"standard","meta":{"footnotes":""},"categories":[275],"tags":[56225,62044,7058,168,7316,25,24,329,968,65434,65435,336,339,340,1909,1910,62045,23,167],"class_list":{"0":"post-262888","1":"post","2":"type-post","3":"status-publish","4":"format-standard","5":"has-post-thumbnail","7":"category-golf","8":"tag-asian-tour","9":"tag-bmw-australian-pga-championship","10":"tag-david-puig","11":"tag-deportes","12":"tag-dp-world-tour","13":"tag-es","14":"tag-espana","15":"tag-golf","16":"tag-liv-golf","17":"tag-liv-greenbrier","18":"tag-liv-houston","19":"tag-notificacion","20":"tag-portada-america","21":"tag-portada-global","22":"tag-portada-top","23":"tag-portada-top-america","24":"tag-royal-queensland-golf-club","25":"tag-spain","26":"tag-sports"},"share_on_mastodon":{"url":"https:\/\/pubeurope.com\/@es\/115635935778487663","error":""},"_links":{"self":[{"href":"https:\/\/www.europesays.com\/es\/wp-json\/wp\/v2\/posts\/262888","targetHints":{"allow":["GET"]}}],"collection":[{"href":"https:\/\/www.europesays.com\/es\/wp-json\/wp\/v2\/posts"}],"about":[{"href":"https:\/\/www.europesays.com\/es\/wp-json\/wp\/v2\/types\/post"}],"author":[{"embeddable":true,"href":"https:\/\/www.europesays.com\/es\/wp-json\/wp\/v2\/users\/2"}],"replies":[{"embeddable":true,"href":"https:\/\/www.europesays.com\/es\/wp-json\/wp\/v2\/comments?post=262888"}],"version-history":[{"count":0,"href":"https:\/\/www.europesays.com\/es\/wp-json\/wp\/v2\/posts\/262888\/revisions"}],"wp:featuredmedia":[{"embeddable":true,"href":"https:\/\/www.europesays.com\/es\/wp-json\/wp\/v2\/media\/262889"}],"wp:attachment":[{"href":"https:\/\/www.europesays.com\/es\/wp-json\/wp\/v2\/media?parent=262888"}],"wp:term":[{"taxonomy":"category","embeddable":true,"href":"https:\/\/www.europesays.com\/es\/wp-json\/wp\/v2\/categories?post=262888"},{"taxonomy":"post_tag","embeddable":true,"href":"https:\/\/www.europesays.com\/es\/wp-json\/wp\/v2\/tags?post=262888"}],"curies":[{"name":"wp","href":"https:\/\/api.w.org\/{rel}","templated":true}]}}