{"id":262890,"date":"2025-11-30T00:58:33","date_gmt":"2025-11-30T00:58:33","guid":{"rendered":"https:\/\/www.europesays.com\/es\/262890\/"},"modified":"2025-11-30T00:58:33","modified_gmt":"2025-11-30T00:58:33","slug":"espana-se-queda-sin-su-septima-ensaladera-en-bolonia","status":"publish","type":"post","link":"https:\/\/www.europesays.com\/es\/262890\/","title":{"rendered":"Espa\u00f1a se queda sin su s\u00e9ptima Ensaladera en Bolonia"},"content":{"rendered":"<p class=\"v-mdl-ath__p v-mdl-ath__p--2\">\nCristi\u00e1n Ram\u00f3n Cobos\n<\/p>\n<p class=\"v-mdl-ath__p v-mdl-ath__p--3\">\nMadrid\n<\/p>\n<p class=\"v-mdl-ath__p v-mdl-ath__p--6\">\nDomingo, 23 de noviembre 2025, 08:03<\/p>\n<p>| Actualizado 20:05h.<\/p>\n<p class=\"v-p\">Espa\u00f1a perdi\u00f3 ante Italia en Bolonia y se tiene que conformar con sus seis Ensaladeras alzadas al cielo, lo que no es cualquier cosa. Desde aquel partido decisivo de Juan Carlos Ferrero en el Sant Jordi en el a\u00f1o 2000, hasta el triunfo conseguido ante Canad\u00e1 en 2019, el equipo nacional sum\u00f3 seis t\u00edtulos en 19 a\u00f1os. Una haza\u00f1a que marc\u00f3 una \u00e9poca del tenis espa\u00f1ol. Pero todav\u00eda quieren sumar m\u00e1s y este domingo, el equipo capitaneado por <a href=\"https:\/\/www.elnortedecastilla.es\/deportes\/tenis\/copa-davis\/david-ferrer-vamos-tener-carlos-alcaraz-vuelvo-ver-luz-20251118171439-ntrc.html\" target=\"_blank\" data-voc-vtm-id=\"in-text-traffic\" title=\"David Ferrer\" rel=\"nofollow noopener\">David Ferrer<\/a> buscar\u00e1 levantar su s\u00e9ptima Copa Davis de su historia.<\/p>\n<p class=\"v-p\">Despu\u00e9s de confirmar la gesta, tras <a href=\"https:\/\/www.elnortedecastilla.es\/deportes\/tenis\/copa-davis\/espana-machada-final-copa-davis-20251122194034-ntrc.html\" target=\"_blank\" data-voc-vtm-id=\"in-text-traffic\" title=\"eliminar a Alemania en semifinales\" rel=\"nofollow noopener\">eliminar a Alemania en semifinales<\/a>, contra todo pron\u00f3stico teniendo en cuenta la ausencia de <a href=\"https:\/\/www.elnortedecastilla.es\/deportes\/tenis\/copa-davis\/alcaraz-baja-copa-davis-20251118101412-ntrc.html\" target=\"_blank\" data-voc-vtm-id=\"in-text-traffic\" title=\"Carlos Alcaraz\" rel=\"nofollow noopener\">Carlos Alcaraz<\/a> por unos problemas f\u00edsicos, Espa\u00f1a disputaba ante <a href=\"https:\/\/www.elnortedecastilla.es\/deportes\/tenis\/copa-davis\/sinner-musetti-berrettini-cobolli-20251122194719-ntrc.html\" target=\"_blank\" data-voc-vtm-id=\"in-text-traffic\" title=\"Italia\" rel=\"nofollow noopener\">Italia<\/a> su und\u00e9cima final de Copa Davis con la posibilidad de a\u00f1adir una nueva Ensaladera en la vitrina. Delante, la necesidad de hacer otra machada. Los de Ferrer ya se hab\u00edan encargado de demostrar que nada es imposible, pero los transalpinos supieron marcar territorio sin llegar al dobles.<\/p>\n<p><img decoding=\"async\" loading=\"lazy\" src=\"https:\/\/www.europesays.com\/es\/wp-content\/uploads\/2025\/11\/Clipboard-0156-kHEC-U240320790279z1G-650x455@RC.jpg\" class=\"v-a-img\" width=\"650\" height=\"455\" alt=\"El primer equipo espa\u00f1ol que logr\u00f3 ganar la Copa Davis\" data-voc-vtm-id=\"in-text-traffic\"\/><\/p>\n<p>El primer equipo espa\u00f1ol que logr\u00f3 ganar la Copa Davis<\/p>\n<p>Efe<\/p>\n<p><img loading=\"lazy\" decoding=\"async\" src=\"https:\/\/www.europesays.com\/es\/wp-content\/uploads\/2025\/11\/Clipboard-0156-kHEC-U240320790279NZD-1920x1344@RC.jpg\" class=\"v-mdl__img-z\" width=\"1920\" height=\"1344\" alt=\"\"\/><\/p>\n<p>Todo comenz\u00f3 en el Palau Sant Jordi (2000)<\/p>\n<p class=\"v-p\">Todo comenz\u00f3 en el Palau Sant Jordi de Barcelona. Albert Costa, \u00c1lex Corretja, Juan Carlos Ferrero y Joan Balcells formaron el combinado que disput\u00f3 la final ante la Australia de Lleyton Hewitt sobre la arcilla de la Ciudad Condal. Despu\u00e9s de dos finales perdidas ante Australia, cuando el tenis todav\u00eda se ve\u00eda en blanco y negro en 1965 y 1967, el cambio de siglo sent\u00f3 bien al deporte nacional, con un primer \u00e9xito en grupo, como revancha ante los australianos.<\/p>\n<p class=\"v-p\">Ferrero logr\u00f3 el punto definitivo a pesar de tener solo 20 a\u00f1os. En la retina de los aficionados que llenaron el Palau Sant Jordi de Barcelona quedar\u00e1 en el recuerdo un encuentro de much\u00edsima tensi\u00f3n, en el que el jugador australiano perdi\u00f3 las formas en varias ocasiones. Sin embargo, el ahora entrenador de Alcaraz, mantuvo la cabeza fr\u00eda y se llev\u00f3 el triunfo en cuatro sets (6-2 7-6(5) 4-6 6-4), sumando la primera &#8216;Ensaladera&#8217; para el equipo espa\u00f1ol.<\/p>\n<p><img decoding=\"async\" loading=\"lazy\" src=\"https:\/\/www.europesays.com\/es\/wp-content\/uploads\/2025\/11\/Clipboard-0155-kHEC-U240320790279E0E-650x455@RC.jpg\" class=\"v-a-img\" width=\"650\" height=\"455\" alt=\"El equipo espa\u00f1ol, con la segunda 'Ensaladera'.\" data-voc-vtm-id=\"in-text-traffic\"\/><\/p>\n<p>El equipo espa\u00f1ol, con la segunda &#8216;Ensaladera&#8217;.<\/p>\n<p>Efe<\/p>\n<p><img loading=\"lazy\" decoding=\"async\" src=\"https:\/\/www.europesays.com\/es\/wp-content\/uploads\/2025\/11\/Clipboard-0155-kHEC-U2403207902794eD-1920x1344@RC.jpg\" class=\"v-mdl__img-z\" width=\"1920\" height=\"1344\" alt=\"\"\/><\/p>\n<p>La Davis del Nadal adolescente (2004)<\/p>\n<p class=\"v-p\">La segunda lleg\u00f3 cuatro a\u00f1os despu\u00e9s, en 2004, con un Rafa Nadal adolescente. Despu\u00e9s de perder la final de 2003 ante Australia -otra vez-, Sevilla fue el escenario de una nueva final. De nuevo fue sobre tierra batida y Estados Unidos, que se hab\u00eda presentado con un aut\u00e9ntico equipazo, termin\u00f3 sucumbiendo ante la &#8216;Armada&#8217;.<\/p>\n<p class=\"v-p\">Poco se pod\u00eda esperar de aquel chaval de pelo largo, que apenas ten\u00eda 18 a\u00f1os, pero Jordi Arrese sorprendi\u00f3 d\u00e1ndole a Rafa Nadal la responsabilidad de jugar el primer punto, dejando en el banco a Juan Carlos Ferrero. Una decisi\u00f3n controvertida que sali\u00f3 a la perfecci\u00f3n. El jovenc\u00edsimo manacorense de 18 a\u00f1os super\u00f3 a Andy Roddick el viernes, y Espa\u00f1a cerrar\u00eda la eliminatoria con la raqueta de Carlos Moy\u00e1 en el cuarto partido, de nuevo ante un Roddick que cont\u00f3 todos sus partidos por derrotas.<\/p>\n<p><img decoding=\"async\" loading=\"lazy\" src=\"https:\/\/www.europesays.com\/es\/wp-content\/uploads\/2025\/11\/Clipboard-0154-kHEC-U240320790279yBB-650x455@RC.jpg\" class=\"v-a-img\" width=\"650\" height=\"455\" alt=\"El equipo de 2008 levanta la 'Ensaladera'.\" data-voc-vtm-id=\"in-text-traffic\"\/><\/p>\n<p>El equipo de 2008 levanta la &#8216;Ensaladera&#8217;.<\/p>\n<p>Efe<\/p>\n<p><img loading=\"lazy\" decoding=\"async\" src=\"https:\/\/www.europesays.com\/es\/wp-content\/uploads\/2025\/11\/Clipboard-0154-kHEC-U240320790279xfC-1920x1344@RC.jpg\" class=\"v-mdl__img-z\" width=\"1920\" height=\"1344\" alt=\"\"\/><\/p>\n<p>La gesta de Mar de Plata (2008)<\/p>\n<p class=\"v-p\">Sin duda, el triunfo m\u00e1s meritorio lleg\u00f3 en 2008. Por tres razones: el lugar, Mar del Plata, ante la anfitriona, Argentina; la ausencia de Nadal, agotado por el apretado calendario de aquella temporada; y la superficie dura, muy perjudicial para el juego espa\u00f1ol. El combinado nacional, capitaneado por Emilio S\u00e1nchez Vicario, estuvo formado por David Ferrer, Feliciano L\u00f3pez, Fernando Verdasco y Marcel Granollers. Espa\u00f1a nunca hab\u00eda ganado a domicilio la Copa Davis y acud\u00eda a la cita como tapada y sin su principal estrella.<\/p>\n<p class=\"v-p\">El equipo argentino era, de largo, el claro favorito. David Nalbandi\u00e1n, Juan Mart\u00edn del Potro, Agust\u00edn Calleri y Jos\u00e9 Acasuso integraban aquel cuarteto que acab\u00f3 descomponi\u00e9ndose por las disputas internas en un fin de semana trepidante. Ante la lesi\u00f3n de Juan Mart\u00edn del Potro, Acasuso fue el elegido para disputar el cuarto punto y se vio superado por un Verdasco colosal, sobreviviendo al ambiente infernal propuesto por la hinchada argentina. En cinco sets (6-3, 6-7(3), 4-6, 6-3 y 6-1), Espa\u00f1a conquist\u00f3 su Copa Davis m\u00e1s preciada.<\/p>\n<p><img decoding=\"async\" loading=\"lazy\" src=\"https:\/\/www.europesays.com\/es\/wp-content\/uploads\/2025\/11\/Clipboard-0152-kHEC-U240320790279IiF-650x455@RC.jpg\" class=\"v-a-img\" width=\"650\" height=\"455\" alt=\"El capit\u00e1n Albert Costa manteado por los jugadores.\" data-voc-vtm-id=\"in-text-traffic\"\/><\/p>\n<p>El capit\u00e1n Albert Costa manteado por los jugadores.<\/p>\n<p>Efe<\/p>\n<p><img loading=\"lazy\" decoding=\"async\" src=\"https:\/\/www.europesays.com\/es\/wp-content\/uploads\/2025\/11\/Clipboard-0152-kHEC-U240320790279W7E-1920x1344@RC.jpg\" class=\"v-mdl__img-z\" width=\"1920\" height=\"1344\" alt=\"\"\/><\/p>\n<p>De vuelta a Barcelona (2009)<\/p>\n<p class=\"v-p\">No sufri\u00f3 tanto Espa\u00f1a s\u00f3lo un a\u00f1o despu\u00e9s. De nuevo el Palau Sant Jordi acogi\u00f3 un triunfo may\u00fasculo marcado por el regreso de rafa Nadal donde el combinado nacional se alz\u00f3 hacia su victoria m\u00e1s c\u00f3moda. Un 5-0 ante la Rep\u00fablica Checa. David Ferrer encarril\u00f3 la eliminatoria en el segundo punto, despu\u00e9s de que Nadal arrollara a Tomas Berdych, levantando dos sets en contra ante Radek Stepanek. Posterioemente Feliciano y Verdasco sellaron la victoria en el dobles. Paliza tremenda para alegr\u00eda de Albert Costa, entonces capit\u00e1n.<\/p>\n<p><img decoding=\"async\" loading=\"lazy\" src=\"https:\/\/www.europesays.com\/es\/wp-content\/uploads\/2025\/11\/Clipboard-0150-kHEC-U240320790279neC-650x455@RC.jpg\" class=\"v-a-img\" width=\"650\" height=\"455\" alt=\"El equipo de 2011 levanta la Copa Davis\" data-voc-vtm-id=\"in-text-traffic\"\/><\/p>\n<p>El equipo de 2011 levanta la Copa Davis<\/p>\n<p>Efe<\/p>\n<p><img loading=\"lazy\" decoding=\"async\" src=\"https:\/\/www.europesays.com\/es\/wp-content\/uploads\/2025\/11\/Clipboard-0151-kHEC-U240320790279xVH-1920x1344@RC.jpg\" class=\"v-mdl__img-z\" width=\"1920\" height=\"1344\" alt=\"\"\/><\/p>\n<p>Sevilla tambi\u00e9n es talism\u00e1n (2011)<\/p>\n<p class=\"v-p\">La quinta lleg\u00f3 en 2011. Volvi\u00f3 a disputarse en Sevilla, en el estadio de La Cartuja, de nuevo frente a Argentina y con el mismo cuarteto: Feliciano L\u00f3pez, Fernando Verdasco, David Ferrer y Rafa Nadal. Para variar, fue Nadal quien cerr\u00f3 la nueva &#8216;Ensaladera&#8217;.<\/p>\n<p class=\"v-p\">En el cuarto punto, despu\u00e9s de la ca\u00edda en el dobles, el mejor tenista espa\u00f1ol de todos los tiempos comenz\u00f3 dubitativo ante Del Potro cayendo 1-6 en el primer set, pero firm\u00f3 una remontada sobresaliente 6-4, 6-1 y 7-6. La relaci\u00f3n entre el n\u00famero 1 y la Copa Davis, iniciada en 2004, segu\u00eda siendo indestructible. La segunda alegr\u00eda para Albert Costa.<\/p>\n<p><img decoding=\"async\" loading=\"lazy\" src=\"https:\/\/www.europesays.com\/es\/wp-content\/uploads\/2025\/11\/Clipboard-0148-kHEC-U240320790279dGH-650x455@RC.jpg\" class=\"v-a-img\" width=\"650\" height=\"455\" alt=\"El equipo de 2019 celebra la victoria\" data-voc-vtm-id=\"in-text-traffic\"\/><\/p>\n<p>El equipo de 2019 celebra la victoria<\/p>\n<p>Efe<\/p>\n<p><img loading=\"lazy\" decoding=\"async\" src=\"https:\/\/www.europesays.com\/es\/wp-content\/uploads\/2025\/11\/Clipboard-0148-kHEC-U24032079027908D-1920x1344@RC.jpg\" class=\"v-mdl__img-z\" width=\"1920\" height=\"1344\" alt=\"\"\/><\/p>\n<p>La sexta, acortada y diferente (2019)<\/p>\n<p class=\"v-p\">Con esta tendencia de los \u00e9xitos del tenis espa\u00f1ol que se fueron alargando en este comienzo de siglo XXI, Espa\u00f1a volvi\u00f3 a reinar en el planeta en el torneo por equipos. Una Copa Davis diferente, acortada y mucho m\u00e1s igualada en la que el conjunto nacional tuvo que sortear muchos problemas: el fallecimiento del padre de Roberto Bautista o las lesiones de Pablo Carre\u00f1o y Marcel Granollers. Pero todos empujaron para levantar la sexta. Nadal, con ocho triunfos, volvi\u00f3 a erigirse como el h\u00e9roe del combinado espa\u00f1ol.<\/p>\n<p>Reporta un error<\/p>\n","protected":false},"excerpt":{"rendered":"Cristi\u00e1n Ram\u00f3n Cobos Madrid Domingo, 23 de noviembre 2025, 08:03 | Actualizado 20:05h. Espa\u00f1a perdi\u00f3 ante Italia en&hellip;\n","protected":false},"author":2,"featured_media":262891,"comment_status":"","ping_status":"","sticky":false,"template":"","format":"standard","meta":{"footnotes":""},"categories":[274],"tags":[20106,43843,168,65436,25,24,15327,23,167,327,326],"class_list":{"0":"post-262890","1":"post","2":"type-post","3":"status-publish","4":"format-standard","5":"has-post-thumbnail","7":"category-tenis","8":"tag-bolonia","9":"tag-buscara","10":"tag-deportes","11":"tag-ensaladera","12":"tag-es","13":"tag-espana","14":"tag-septima","15":"tag-spain","16":"tag-sports","17":"tag-tenis","18":"tag-tennis"},"share_on_mastodon":{"url":"https:\/\/pubeurope.com\/@es\/115635941766020188","error":""},"_links":{"self":[{"href":"https:\/\/www.europesays.com\/es\/wp-json\/wp\/v2\/posts\/262890","targetHints":{"allow":["GET"]}}],"collection":[{"href":"https:\/\/www.europesays.com\/es\/wp-json\/wp\/v2\/posts"}],"about":[{"href":"https:\/\/www.europesays.com\/es\/wp-json\/wp\/v2\/types\/post"}],"author":[{"embeddable":true,"href":"https:\/\/www.europesays.com\/es\/wp-json\/wp\/v2\/users\/2"}],"replies":[{"embeddable":true,"href":"https:\/\/www.europesays.com\/es\/wp-json\/wp\/v2\/comments?post=262890"}],"version-history":[{"count":0,"href":"https:\/\/www.europesays.com\/es\/wp-json\/wp\/v2\/posts\/262890\/revisions"}],"wp:featuredmedia":[{"embeddable":true,"href":"https:\/\/www.europesays.com\/es\/wp-json\/wp\/v2\/media\/262891"}],"wp:attachment":[{"href":"https:\/\/www.europesays.com\/es\/wp-json\/wp\/v2\/media?parent=262890"}],"wp:term":[{"taxonomy":"category","embeddable":true,"href":"https:\/\/www.europesays.com\/es\/wp-json\/wp\/v2\/categories?post=262890"},{"taxonomy":"post_tag","embeddable":true,"href":"https:\/\/www.europesays.com\/es\/wp-json\/wp\/v2\/tags?post=262890"}],"curies":[{"name":"wp","href":"https:\/\/api.w.org\/{rel}","templated":true}]}}