{"id":262892,"date":"2025-11-30T00:59:14","date_gmt":"2025-11-30T00:59:14","guid":{"rendered":"https:\/\/www.europesays.com\/es\/262892\/"},"modified":"2025-11-30T00:59:14","modified_gmt":"2025-11-30T00:59:14","slug":"para-bardet-hay-que-tener-calma-con-paul-seixas","status":"publish","type":"post","link":"https:\/\/www.europesays.com\/es\/262892\/","title":{"rendered":"Para Bardet hay que tener calma con Paul Seixas"},"content":{"rendered":"<p data-start=\"185\" data-end=\"648\"><strong>En Francia vuelve a sonar un nombre que despierta nostalgias de grandeza: Paul Seixas<\/strong>, apenas 19 a\u00f1os, ya convertido por algunos en la promesa que devolver\u00e1 al ciclismo franc\u00e9s la \u00e9pica de los ochenta.<\/p>\n<p data-start=\"185\" data-end=\"648\">El chaval ha ganado el Tour del Porvenir 2025 y se ha colado <a href=\"https:\/\/joanseguidor.com\/paul-seixas-tour-francia\/\" target=\"_blank\" rel=\"noopener nofollow\">tercero<\/a> en el Europeo, <strong>solo por detr\u00e1s de dos t\u00f3tems como Poga\u010dar y Evenepoel<\/strong>.<\/p>\n<p><a class=\"wppaslink\" href=\"https:\/\/joanseguidor.com\/pas\/ccmm-valenciana\/44016\/0\" target=\"_blank\" rel=\"nofollow noopener\"><img decoding=\"async\" src=\"data:image\/svg+xml,%3Csvg%20xmlns=\" http:=\"\" alt=\"CCMM Valenciana\" border=\"0\" data-lazy-src=\"https:\/\/www.europesays.com\/es\/wp-content\/uploads\/2025\/11\/1764464352_141_tl-joanseguidorcom-1024x140-1.png\"\/><\/a><\/p>\n<p data-start=\"185\" data-end=\"648\">Y con eso bast\u00f3 para alimentar un fuego medi\u00e1tico que, para muchos, arde demasiado fuerte y demasiado pronto.<\/p>\n<p data-start=\"650\" data-end=\"1074\"><strong>Entre quienes piden calma aparece una voz autorizada: Romain Bardet<\/strong>.<\/p>\n<p data-start=\"650\" data-end=\"1074\">El ya retirado corredor de Picnic conoce bien ese v\u00e9rtigo.<\/p>\n<p data-start=\"650\" data-end=\"1074\"><strong>\u00c9l tambi\u00e9n carg\u00f3, hace casi una d\u00e9cada, con la etiqueta de \u201cnuevo grande\u201d tras sus podios en el Tour y en Dauphin\u00e9<\/strong>.<\/p>\n<p data-start=\"650\" data-end=\"1074\">Y quiz\u00e1 por eso sus palabras destilan una mezcla de protecci\u00f3n y experiencia: \u201cMe inquieta un poco todo este ruido. Las expectativas son alt\u00edsimas, y eso pesa en los j\u00f3venes\u201d.<\/p>\n<p data-start=\"1076\" data-end=\"1607\">Bardet no se refiere solo al ruido externo.<\/p>\n<p data-start=\"1076\" data-end=\"1607\">Habla del deporte tal y como es hoy: <strong>un ciclismo donde el profesionalismo empieza cada vez m\u00e1s pronto<\/strong>, donde el margen para equivocarse es m\u00ednimo y donde la presi\u00f3n se acumula como fatiga invisible.<\/p>\n<p data-start=\"1076\" data-end=\"1607\">\u201cPara ser profesional ya se les exige much\u00edsimo desde muy j\u00f3venes. El nivel es enorme y las demandas mentales, a\u00fan mayores\u201d.<\/p>\n<p data-start=\"1076\" data-end=\"1607\">Por eso insiste en algo que parece obvio pero que cuesta mantener: <strong>el disfrute, la ligereza, la capacidad de seguir pedaleando con la sonrisa interior intacta<\/strong>.<\/p>\n<p data-start=\"1609\" data-end=\"1969\">En su reflexi\u00f3n aparece inevitablemente el caso de <strong>Poga\u010dar y aquella tercera semana del Tour 2025<\/strong> en la que el esloveno pareci\u00f3 apagarse antes de que se supiera lo de su rodilla.<\/p>\n<p data-start=\"1609\" data-end=\"1969\">Una muestra \u2014dice Bardet\u2014 de que incluso los talentos m\u00e1s luminosos necesitan respirar, reencontrar ese \u201cflujo interior\u201d capaz de sostener la excelencia con el paso de los a\u00f1os.<\/p>\n<p data-start=\"1609\" data-end=\"1969\"><a href=\"https:\/\/www.turismodecastellon.com\/es\/que-hacer\/rutaCicloturismo\" rel=\"nofollow noopener\" target=\"_blank\"><img loading=\"lazy\" decoding=\"async\" class=\"aligncenter wp-image-66569 size-medium\" src=\"data:image\/svg+xml,%3Csvg%20xmlns=\" http:=\"\" alt=\"\" width=\"300\" height=\"293\" data-lazy- data-lazy- data-lazy-src=\"https:\/\/www.europesays.com\/es\/wp-content\/uploads\/2025\/10\/bn-castellon-cycling-1024x1000-3-300x293.gif\"\/><\/a><\/p>\n<p data-start=\"1971\" data-end=\"2454\">Y ah\u00ed es donde vuelve Seixas.<\/p>\n<p data-start=\"1971\" data-end=\"2454\"><strong>El mensaje no es frenar su progresi\u00f3n, sino protegerla<\/strong>: evitar que lo quemen a base de calendarios interminables o expectativas desorbitadas.<\/p>\n<p data-start=\"1971\" data-end=\"2454\">Bardet recuerda que un profesional puede disputar m\u00e1s de diez veces las mismas carreras, sin apenas renovaci\u00f3n, y que eso puede erosionar la motivaci\u00f3n.<\/p>\n<p data-start=\"1971\" data-end=\"2454\"><strong>Mejor introducir al joven franc\u00e9s en el WorldTour con cuentagotas<\/strong>, permiti\u00e9ndole descubrir territorios nuevos, manteniendo viva la llama de la curiosidad.<\/p>\n<p data-start=\"2456\" data-end=\"2797\" data-is-last-node=\"\" data-is-only-node=\"\">\u201cHay que conservar el asombro. Si se hace bien, dentro de dos o tres a\u00f1os Paul seguir\u00e1 teniendo ganas de descubrir carreras que a\u00fan no conoce\u201d, concluye Bardet. Un recordatorio simple y, quiz\u00e1 por eso, tan necesario: antes que futuro Hinault, Seixas es un chico que acaba de empezar.<\/p>\n<p data-start=\"2456\" data-end=\"2797\" data-is-last-node=\"\" data-is-only-node=\"\">Conviene dejarle pedalear al ritmo de su propia historia.<\/p>\n<p>Imagen: A.S.O.\/ Tony Esnault<\/p>\n<p data-start=\"2456\" data-end=\"2797\" data-is-last-node=\"\" data-is-only-node=\"\"><strong><a href=\"https:\/\/terresdelebre.travel\/cycling\/es\/deportivo\" target=\"_blank\" rel=\"noopener nofollow\"><img loading=\"lazy\" decoding=\"async\" class=\"aligncenter\" src=\"data:image\/svg+xml,%3Csvg%20xmlns=\" http:=\"\" alt=\"\" width=\"1024\" height=\"400\" data-lazy-src=\"https:\/\/www.europesays.com\/es\/wp-content\/uploads\/2025\/10\/1024x400-cicloturisme-joanseguidor.jpg\"\/><\/a><\/strong><\/p>\n","protected":false},"excerpt":{"rendered":"En Francia vuelve a sonar un nombre que despierta nostalgias de grandeza: Paul Seixas, apenas 19 a\u00f1os, ya&hellip;\n","protected":false},"author":2,"featured_media":203535,"comment_status":"","ping_status":"","sticky":false,"template":"","format":"standard","meta":{"footnotes":""},"categories":[273],"tags":[313,312,168,25,24,2548,55806,65437,23,167],"class_list":{"0":"post-262892","1":"post","2":"type-post","3":"status-publish","4":"format-standard","5":"has-post-thumbnail","7":"category-ciclismo","8":"tag-ciclismo","9":"tag-cycling","10":"tag-deportes","11":"tag-es","12":"tag-espana","13":"tag-featured","14":"tag-paul-seixas","15":"tag-romain-bardet","16":"tag-spain","17":"tag-sports"},"share_on_mastodon":{"url":"https:\/\/pubeurope.com\/@es\/115635943030882285","error":""},"_links":{"self":[{"href":"https:\/\/www.europesays.com\/es\/wp-json\/wp\/v2\/posts\/262892","targetHints":{"allow":["GET"]}}],"collection":[{"href":"https:\/\/www.europesays.com\/es\/wp-json\/wp\/v2\/posts"}],"about":[{"href":"https:\/\/www.europesays.com\/es\/wp-json\/wp\/v2\/types\/post"}],"author":[{"embeddable":true,"href":"https:\/\/www.europesays.com\/es\/wp-json\/wp\/v2\/users\/2"}],"replies":[{"embeddable":true,"href":"https:\/\/www.europesays.com\/es\/wp-json\/wp\/v2\/comments?post=262892"}],"version-history":[{"count":0,"href":"https:\/\/www.europesays.com\/es\/wp-json\/wp\/v2\/posts\/262892\/revisions"}],"wp:featuredmedia":[{"embeddable":true,"href":"https:\/\/www.europesays.com\/es\/wp-json\/wp\/v2\/media\/203535"}],"wp:attachment":[{"href":"https:\/\/www.europesays.com\/es\/wp-json\/wp\/v2\/media?parent=262892"}],"wp:term":[{"taxonomy":"category","embeddable":true,"href":"https:\/\/www.europesays.com\/es\/wp-json\/wp\/v2\/categories?post=262892"},{"taxonomy":"post_tag","embeddable":true,"href":"https:\/\/www.europesays.com\/es\/wp-json\/wp\/v2\/tags?post=262892"}],"curies":[{"name":"wp","href":"https:\/\/api.w.org\/{rel}","templated":true}]}}