{"id":262899,"date":"2025-11-30T01:04:17","date_gmt":"2025-11-30T01:04:17","guid":{"rendered":"https:\/\/www.europesays.com\/es\/262899\/"},"modified":"2025-11-30T01:04:17","modified_gmt":"2025-11-30T01:04:17","slug":"montehermoso-expone-el-anillo-verde-desde-miradas-diferentes","status":"publish","type":"post","link":"https:\/\/www.europesays.com\/es\/262899\/","title":{"rendered":"Montehermoso expone el Anillo Verde desde miradas diferentes"},"content":{"rendered":"<p>El Centro Cultural Montehermoso acoge la exposici\u00f3n <strong data-start=\"254\" data-end=\"293\">\u2018Anillo verde. Miradas divergentes\u2019<\/strong>, un proyecto que re\u00fane a nueve artistas locales en torno a un mismo territorio: el Anillo Verde de Vitoria-Gasteiz. La muestra podr\u00e1 visitarse hasta el <strong data-start=\"446\" data-end=\"465\">14 de diciembre<\/strong>.<\/p>\n<p>La exposici\u00f3n forma parte del ciclo <strong>P<\/strong><b>hotobook <\/b>y nace como cierre de la primera edici\u00f3n de <strong>Zona P<b>hotobook <\/b>, <\/strong>un programa que Montehermoso puso en marcha este verano para acercar el universo del fotolibro al p\u00fablico.<\/p>\n<p>\t\t\t\t\t\t\tPUBLICIDAD &#8211; SIGUE LEYENDO ABAJO<br \/>\n\t\t\t\t\t\t\t<a rel=\"noreferrer nofollow noopener\" href=\"https:\/\/www.ecoisola.es\/\" target=\"_blank\"><br \/>\n\t\t\t\t\t\t\t\t<img decoding=\"async\" width=\"400px\" height=\"400px\" layout=\"responsive\" data-category=\"banner-ecoisola\" id=\"segundoparr\" class=\"banclick\" src=\"https:\/\/www.europesays.com\/es\/wp-content\/uploads\/2025\/11\/publicidad-segundo-parrafo-62.gif\"\/><br \/>\n\t\t\t\t\t\t\t<\/a><\/p>\n<p>Un proyecto que impulsa el fot\u00f3grafo <strong data-start=\"606\" data-end=\"623\">David Salcedo<\/strong>, que ha acompa\u00f1ado a las participantes en el proceso.<\/p>\n<p><img fetchpriority=\"high\" decoding=\"async\" class=\"aligncenter wp-image-276300 size-full\" title=\"anillo verde. miradas divergentes\" src=\"https:\/\/www.europesays.com\/es\/wp-content\/uploads\/2025\/11\/anillo-verde.jpg.webp.jpeg\" alt=\"anillo verde. miradas divergentes\" width=\"2560\" height=\"1707\"  \/><\/p>\n<p>Proceso creativo conjunto<\/p>\n<p>Todo arranc\u00f3 con un taller sobre narrativa visual en el que cada artista sali\u00f3 a recorrer el Anillo Verde con una premisa sencilla: buscar im\u00e1genes que contaran algo <strong>desde su propia mirada<\/strong>.<\/p>\n<p>\t\t\t\t\t\tPUBLICIDAD &#8211; SIGUE LEYENDO ABAJO<br \/>\n\t\t\t\t\t\t<a rel=\"noreferrer nofollow noopener\" href=\"https:\/\/www.hyundai.es\/concesionarios\/autolasa\/gama-hibrida-electrica\" target=\"_blank\"><br \/>\n\t\t\t\t\t\t\t<img decoding=\"async\" width=\"400px\" height=\"400px\" layout=\"responsive\" data-category=\"banner-Hyundai-autolasa\" id=\"quintoparr\" class=\"banclick\" src=\"https:\/\/www.europesays.com\/es\/wp-content\/uploads\/2025\/10\/publicidad-quinto-parrafo-33.gif\"\/><br \/>\n\t\t\t\t\t\t<\/a><\/p>\n<p>Entre febrero y septiembre de 2025 cada fot\u00f3grafo fue <strong>reuniendo material<\/strong>. Despu\u00e9s, durante varias sesiones online, revisaron junto a Salcedo todas las im\u00e1genes y decidieron cu\u00e1les encajaban en la narrativa com\u00fan.<\/p>\n<p><img loading=\"lazy\" decoding=\"async\" class=\"aligncenter wp-image-276301 size-full\" title=\"anillo verde. miradas divergentes\" src=\"https:\/\/www.europesays.com\/es\/wp-content\/uploads\/2025\/11\/anillo-verde.-miradas-divergentes.jpg.webp.jpeg\" alt=\"anillo verde. miradas divergentes\" width=\"2560\" height=\"1920\"  \/><\/p>\n<p>La selecci\u00f3n final sum\u00f3 <strong data-start=\"1176\" data-end=\"1195\">188 fotograf\u00edas<\/strong>. Con ellas, cada participante construy\u00f3 su propio relato visual, una historia abierta que muestra c\u00f3mo un mismo camino puede multiplicarse seg\u00fan qui\u00e9n lo mire.<\/p>\n<p>Ese proceso colectivo culmin\u00f3 en <strong data-start=\"1390\" data-end=\"1412\">\u2018Camino de vuelta\u2019<\/strong>, un fanzine de <strong data-start=\"1428\" data-end=\"1446\">31 fotograf\u00edas<\/strong> que funciona como una especie de mapa coral: nueve voces, nueve recorridos y un mismo territorio reinterpretado.<\/p>\n<p>\t\t\t\t\t\t\tPUBLICIDAD &#8211; SIGUE LEYENDO ABAJO<br \/>\n\t\t\t\t\t\t\t<a rel=\"noreferrer nofollow noopener\" href=\"https:\/\/www.bakh.es\/\" target=\"_blank\"><br \/>\n\t\t\t\t\t\t\t\t<img decoding=\"async\" width=\"400px\" height=\"400px\" layout=\"responsive\" data-category=\"banner-bakh\" id=\"novparr\" class=\"banclick\" src=\"https:\/\/www.europesays.com\/es\/wp-content\/uploads\/2025\/11\/publicidad-noveno-parrafo-66.jpg\"\/><br \/>\n\t\t\t\t\t\t\t<\/a><\/p>\n<p>Quienes firman la exposici\u00f3n son: Aitziber Iriondo L\u00f3pez de Munain, \u00c1ngeles Cruz Carro (Chiqui), Carolina Cubero Vicente, Elena Beltr\u00e1n de Guevara, Itziar Agirre Murua, Leire S\u00e1nchez Montoya, Oihana Garitazo Korkostegi, Silvia Terreros Mart\u00ednez y Toni Gangsteiz.<\/p>\n<p>Horario de la exposici\u00f3n<\/p>\n<p>Los trabajos puede visitarse en el siguiente horario:<\/p>\n<ul>\n<li>De martes a s\u00e1bado, de 11:00 a 14:00 y de 17:00 a 20:00.<\/li>\n<li>Domingos y festivos, de 11:00 a 14:00<\/li>\n<\/ul>\n<p><img loading=\"lazy\" decoding=\"async\" class=\"aligncenter wp-image-276307 size-full\" title=\"anillo verde\" src=\"https:\/\/www.europesays.com\/es\/wp-content\/uploads\/2025\/11\/anilloverde.jpg.webp.jpeg\" alt=\"anillo verde\" width=\"830\" height=\"499\"  \/><\/p>\n<p>Zona Photobook<\/p>\n<p>El contexto de Zona Photobook ayuda a entender el esp\u00edritu que atraviesa esta exposici\u00f3n.<\/p>\n<p>El programa, impulsado por Montehermoso este verano, gira en torno al fotolibro y busca acercar este formato al p\u00fablico mientras fomenta encuentros y sinergias entre creadores.<\/p>\n<p>Su actividad central es <strong data-start=\"2309\" data-end=\"2332\">\u2018Hariak eta argiak\u2019<\/strong>, el club mensual de degustaci\u00f3n de fotolibros guiado por <strong data-start=\"2390\" data-end=\"2408\">Yone Est\u00edvariz<\/strong> y <strong data-start=\"2411\" data-end=\"2430\">Sara Berasaluce<\/strong>, que est\u00e1 teniendo una gran acogida entre los vecinos de la ciudad.<\/p>\n<p>Adem\u00e1s, con la mirada puesta en Navidad, Montehermoso ha programado un <strong data-start=\"2571\" data-end=\"2608\">taller de edici\u00f3n de fotos a mano<\/strong> para todas las edades, impartido por la artista local <strong data-start=\"2663\" data-end=\"2680\">Nerea Lecuona<\/strong><\/p>\n<p>Las inscripciones se abrir\u00e1n el <strong data-start=\"2714\" data-end=\"2732\">1 de diciembre<\/strong> y podr\u00e1n realizarse por tel\u00e9fono, por correo electr\u00f3nico o de manera presencial.<a href=\"https:\/\/www.montehermoso.net\/pagina.php?home=1&amp;id_p=2083\" rel=\"nofollow noopener\" target=\"_blank\"> Toda la informaci\u00f3n detallada del ciclo est\u00e1 disponible en la web del centro.<\/a><\/p>\n<p>\u00a0<\/p>\n","protected":false},"excerpt":{"rendered":"El Centro Cultural Montehermoso acoge la exposici\u00f3n \u2018Anillo verde. Miradas divergentes\u2019, un proyecto que re\u00fane a nueve artistas&hellip;\n","protected":false},"author":2,"featured_media":262900,"comment_status":"","ping_status":"","sticky":false,"template":"","format":"standard","meta":{"footnotes":""},"categories":[173],"tags":[229,233,231,230,232,234,146,147,25,24,23],"class_list":{"0":"post-262899","1":"post","2":"type-post","3":"status-publish","4":"format-standard","5":"has-post-thumbnail","7":"category-arte-y-diseno","8":"tag-arte","9":"tag-arte-y-diseno","10":"tag-arts","11":"tag-arts-and-design","12":"tag-design","13":"tag-diseno","14":"tag-entertainment","15":"tag-entretenimiento","16":"tag-es","17":"tag-espana","18":"tag-spain"},"share_on_mastodon":{"url":"https:\/\/pubeurope.com\/@es\/115635963337914349","error":""},"_links":{"self":[{"href":"https:\/\/www.europesays.com\/es\/wp-json\/wp\/v2\/posts\/262899","targetHints":{"allow":["GET"]}}],"collection":[{"href":"https:\/\/www.europesays.com\/es\/wp-json\/wp\/v2\/posts"}],"about":[{"href":"https:\/\/www.europesays.com\/es\/wp-json\/wp\/v2\/types\/post"}],"author":[{"embeddable":true,"href":"https:\/\/www.europesays.com\/es\/wp-json\/wp\/v2\/users\/2"}],"replies":[{"embeddable":true,"href":"https:\/\/www.europesays.com\/es\/wp-json\/wp\/v2\/comments?post=262899"}],"version-history":[{"count":0,"href":"https:\/\/www.europesays.com\/es\/wp-json\/wp\/v2\/posts\/262899\/revisions"}],"wp:featuredmedia":[{"embeddable":true,"href":"https:\/\/www.europesays.com\/es\/wp-json\/wp\/v2\/media\/262900"}],"wp:attachment":[{"href":"https:\/\/www.europesays.com\/es\/wp-json\/wp\/v2\/media?parent=262899"}],"wp:term":[{"taxonomy":"category","embeddable":true,"href":"https:\/\/www.europesays.com\/es\/wp-json\/wp\/v2\/categories?post=262899"},{"taxonomy":"post_tag","embeddable":true,"href":"https:\/\/www.europesays.com\/es\/wp-json\/wp\/v2\/tags?post=262899"}],"curies":[{"name":"wp","href":"https:\/\/api.w.org\/{rel}","templated":true}]}}