{"id":262901,"date":"2025-11-30T01:06:12","date_gmt":"2025-11-30T01:06:12","guid":{"rendered":"https:\/\/www.europesays.com\/es\/262901\/"},"modified":"2025-11-30T01:06:12","modified_gmt":"2025-11-30T01:06:12","slug":"el-irrisorio-e-inusual-premio-que-se-lleva-el-ganador-de-bailando-con-las-estrellas-y-que-cuesta-creer","status":"publish","type":"post","link":"https:\/\/www.europesays.com\/es\/262901\/","title":{"rendered":"El irrisorio e inusual premio que se lleva el ganador de &#8216;Bailando con las Estrellas&#8217; y que cuesta creer"},"content":{"rendered":"<p>&#8216;Bailando con las estrellas&#8217; ha concluido este s\u00e1bado 29 de noviembre su segunda edici\u00f3n en Telecinco, la tercera si contamos con la que emiti\u00f3 TVE en el a\u00f1o 2018. Tras 12 semanas de intensa competici\u00f3n, el talent presentado por <a href=\"https:\/\/eltelevisero.huffingtonpost.es\/2025\/11\/bailando-con-las-estrellas-el-ultimo-proyecto-de-jesus-vazquez-ante-su-posible-adios-a-mediaset-23-anos-despues\/\" data-type=\"link\" data-id=\"https:\/\/eltelevisero.huffingtonpost.es\/2025\/11\/bailando-con-las-estrellas-el-ultimo-proyecto-de-jesus-vazquez-ante-su-posible-adios-a-mediaset-23-anos-despues\/\" rel=\"nofollow noopener\" target=\"_blank\">Jes\u00fas V\u00e1zquez<\/a> y Valeria Mazza ha celebrado su gran final.   <\/p>\n<p>Tras exhibirse con tres actuaciones cada uno y sumarse los votos del jurado y el p\u00fablico, Jorge Gonz\u00e1lez, Nerea Rodr\u00edguez, Nona Sobo y Anabel Pantoja son los cuatro finalistas que ten\u00edan que luchar por la victoria tomando el relevo de Mar\u00eda Isabel, la ganadora del a\u00f1o pasado. <\/p>\n<p>Una vez se conozca el veredicto final, muchos espectadores se preguntan ahora con qu\u00e9 premio se alza el ganador de este concurso como suele ser habitual en cada programa. Lo habitual en los concursos en los que participan famosos es que el premio sea solidario y se done a una ONG.<\/p>\n<p>Sin embargo, a gran diferencia de otros formatos como &#8216;MasterChef Celebrity&#8217;, &#8216;Tu cara me suena&#8217; o &#8216;El desaf\u00edo&#8217;, en &#8216;Bailando con las Estrellas&#8217; no hay compensaci\u00f3n econ\u00f3mica, ni siquiera ben\u00e9fica, para destinar a una ONG. Tampoco hay \u00a0beca formativa para optar a seguir desarroll\u00e1ndose en la disciplina del baile.<\/p>\n<p>De esta manera, el ganador del talent de Telecinco \u00fanicamente recibe la satisfacci\u00f3n personal y la gloria de convertirse en el mejor bailar\u00edn  del programa y el trofeo oficial de &#8216;Bailando con las Estrellas&#8217;.<\/p>\n","protected":false},"excerpt":{"rendered":"&#8216;Bailando con las estrellas&#8217; ha concluido este s\u00e1bado 29 de noviembre su segunda edici\u00f3n en Telecinco, la tercera&hellip;\n","protected":false},"author":2,"featured_media":262902,"comment_status":"","ping_status":"","sticky":false,"template":"","format":"standard","meta":{"footnotes":""},"categories":[171],"tags":[146,147,25,24,23,214],"class_list":{"0":"post-262901","1":"post","2":"type-post","3":"status-publish","4":"format-standard","5":"has-post-thumbnail","7":"category-tv","8":"tag-entertainment","9":"tag-entretenimiento","10":"tag-es","11":"tag-espana","12":"tag-spain","13":"tag-tv"},"share_on_mastodon":{"url":"https:\/\/pubeurope.com\/@es\/115635970531816091","error":""},"_links":{"self":[{"href":"https:\/\/www.europesays.com\/es\/wp-json\/wp\/v2\/posts\/262901","targetHints":{"allow":["GET"]}}],"collection":[{"href":"https:\/\/www.europesays.com\/es\/wp-json\/wp\/v2\/posts"}],"about":[{"href":"https:\/\/www.europesays.com\/es\/wp-json\/wp\/v2\/types\/post"}],"author":[{"embeddable":true,"href":"https:\/\/www.europesays.com\/es\/wp-json\/wp\/v2\/users\/2"}],"replies":[{"embeddable":true,"href":"https:\/\/www.europesays.com\/es\/wp-json\/wp\/v2\/comments?post=262901"}],"version-history":[{"count":0,"href":"https:\/\/www.europesays.com\/es\/wp-json\/wp\/v2\/posts\/262901\/revisions"}],"wp:featuredmedia":[{"embeddable":true,"href":"https:\/\/www.europesays.com\/es\/wp-json\/wp\/v2\/media\/262902"}],"wp:attachment":[{"href":"https:\/\/www.europesays.com\/es\/wp-json\/wp\/v2\/media?parent=262901"}],"wp:term":[{"taxonomy":"category","embeddable":true,"href":"https:\/\/www.europesays.com\/es\/wp-json\/wp\/v2\/categories?post=262901"},{"taxonomy":"post_tag","embeddable":true,"href":"https:\/\/www.europesays.com\/es\/wp-json\/wp\/v2\/tags?post=262901"}],"curies":[{"name":"wp","href":"https:\/\/api.w.org\/{rel}","templated":true}]}}