{"id":262903,"date":"2025-11-30T01:09:10","date_gmt":"2025-11-30T01:09:10","guid":{"rendered":"https:\/\/www.europesays.com\/es\/262903\/"},"modified":"2025-11-30T01:09:10","modified_gmt":"2025-11-30T01:09:10","slug":"flamengo-es-tetracampeon-de-la-libertadores-gloria-con-la-firma-de-filipe-luis","status":"publish","type":"post","link":"https:\/\/www.europesays.com\/es\/262903\/","title":{"rendered":"Flamengo es tetracampe\u00f3n de la Libertadores: gloria con la firma de Filipe Lu\u00eds"},"content":{"rendered":"<p>    <img src=\"https:\/\/www.europesays.com\/es\/wp-content\/uploads\/2025\/11\/2025-11-29T233A383A03Z-90554895.jpg\" width=\"1024\" height=\"682\" alt=\"\" loading=\"eager\" decoding=\"sync\" fetchpriority=\"high\"\/><\/p>\n<p>            afp_tickers        <\/p>\n<p>        Este contenido fue publicado en    <\/p>\n<p>        30 noviembre 2025 &#8211; 01:26\n<\/p>\n<p>El Flamengo de Filipe Lu\u00eds se consagr\u00f3 campe\u00f3n de la Copa Libertadores de Am\u00e9rica tras vencer 1-0 al Palmeiras este s\u00e1bado en la final brasile\u00f1a, en Lima, con gol del central Danilo.<\/p>\n<p>Equipo de autor, con la firma de un entrenador joven que apenas asumi\u00f3 el mando el a\u00f1o pasado, el Fla se convierte en el primer club de Brasil que alcanza el tetracampeonato en el m\u00e1ximo torneo de clubes del f\u00fatbol sudamericano, al sumar este triunfo a los obtenidos en 1981, 2019 y 2022.<\/p>\n<p>Danilo aprovech\u00f3 un c\u00f3rner cobrado por el creativo uruguayo Giorgian de Arrascaeta para anotar de cabeza en el minuto 67, un tanto que desat\u00f3 el \u00e9xtasis de millares de aficionados rubro-negros en las tribunas del Estadio Monumental de Lima.<\/p>\n<p>\u00abHemos trabajado un mont\u00f3n la pelota quieta. Sab\u00eda que \u00edbamos a tener una ocasi\u00f3n y aprovech\u00e9\u00bb, festej\u00f3 el veterano Danilo, de 34 a\u00f1os.<\/p>\n<p>El polifuncional defensa, que esta temporada ha entrado en la \u00f3rbita del italiano Carlo Ancelotti en la selecci\u00f3n de Brasil, se convirti\u00f3 en el primer futbolista de la historia en ganar dos veces la Libertadores (con Santos en 2011) y la Champions (con Real Madrid en 2016 y 2017).<\/p>\n<p>Unos 50.000 torcedores brasile\u00f1os llenaron la capital de Per\u00fa, seg\u00fan estimaciones oficiales, para ver la s\u00e9ptima coronaci\u00f3n seguida de un cuadro de la tierra de Pel\u00e9 en la Gloria Eterna.<\/p>\n<p>\u00abNuestra hinchada lo merec\u00eda, nosotros lo merec\u00edamos\u00bb, dijo por su parte De Arrascaeta, galardonado como el mejor jugador del torneo.<\/p>\n<p>\u2013 Ideas claras \u2013<\/p>\n<p>Fiel a la idea de juego de Filipe Lu\u00eds, muy vistosa pese a tener como uno de sus maestros al correoso argentino Diego Simeone, el Fla se hizo due\u00f1o del bal\u00f3n y lanz\u00f3 avisos al Palmeiras, con disparos desviados de Bruno Henrique y Samuel Lino, cuando el juego bordaba el cuarto de hora.<\/p>\n<p>El Verd\u00e3o, sin embargo, se estabilizaba y Vitor Roque, con un testarazo peligroso, recordaba por qu\u00e9 es uno de los delanteros del momento en el f\u00fatbol brasile\u00f1o.<\/p>\n<p>Tal vez por problemas para traducir posesi\u00f3n en llegadas al arco de Carlos Miguel y extra\u00f1ando la pegada del lesionado goleador Pedro, el equipo rubro-negro se pintaba de amarillo, con amonestaciones a De Arrascaeta, el chileno Erick Pulgar y Jorginho. Mediocampo en alerta.<\/p>\n<p>El caso de Pulgar reflej\u00f3 cierta frustraci\u00f3n, con una entrada muy dura sobre Bruno Fuchs a manera de venganza por una falta previa recibida por De Arrascaeta.<\/p>\n<p>Todo Palmeiras reclam\u00f3 una tarjeta roja. El \u00e1rbitro argentino Dar\u00edo Herrera prefiri\u00f3 zanjar el asunto con la cartulina amarilla.<\/p>\n<p>Reencontr\u00f3 acierto Flamengo cuando el colombiano Jorge Carrascal empez\u00f3 a tener mayor movilidad.<\/p>\n<p>Un pase profundo de Carrascal gener\u00f3 la mejor ocasi\u00f3n del primer tiempo, al borde del descanso, al encontrar a Bruno Henrique en el \u00e1rea de frente al arco y con espacio. Carlos Miguel, con una r\u00e1pida salida, neutraliz\u00f3 ese ataque.<\/p>\n<p>Flamengo sigui\u00f3 contando con las mejores oportunidades en el arranque de la segunda mitad. Y el gol de Danilo, por fin, inauguraba el marcador.\u00a0<\/p>\n<p>Sin perder tiempo, Ferreira respondi\u00f3 con la entrada de Felipe Anderson y el uruguayo Facundo Torres. Tocaba ir arriba.<\/p>\n<p>Lo hizo con mucho empuje, pero sin meter en demasiados problemas al guardameta rubro-negro, el argentino Agust\u00edn Rossi.<\/p>\n<p>Un patad\u00f3n a las nubes de Vitor Roque represent\u00f3 la \u00faltima esperanza del Palmeiras de empatar.<\/p>\n<p>\u00abCreo que nos debimos atrever a jugar un poco m\u00e1s\u00bb, lament\u00f3 el delantero palmeirense Jos\u00e9 Manuel L\u00f3pez.<\/p>\n<p>\u2013 \u00bfDoblete? \u2013<\/p>\n<p>Filipe Lu\u00eds, de 40 a\u00f1os, se convierte en el segundo brasile\u00f1o que levanta la Copa Libertadores como futbolista y como entrenador, uni\u00e9ndose a Renato Ga\u00facho, quien lo hizo con Gremio en cancha en 1983 y en el banco en 2017.<\/p>\n<p>Como jugador, el exlateral lo hizo con los rojinegros en 2019 y 2022.<\/p>\n<p>Los uruguayos Luis Cubilla y Juan Mart\u00edn Mujica y los argentinos Roberto Ferreiro, Humberto Maschio, Jos\u00e9 Omar Pastoriza, Nery Pumpido y Marcelo Gallardo completan la lista de campeones de la Libertadores en ambos roles.<\/p>\n<p>Su Flamengo busca ahora completar un doblete con la liga brasile\u00f1a.<\/p>\n<p>El equipo carioca lidera el Brasileir\u00e3o con cinco puntos de ventaja sobre el Palmeiras y apenas dos partidos por disputar. El mi\u00e9rcoles puede ser campe\u00f3n, en su partido contra el Cear\u00e1 en el Maracan\u00e1.<\/p>\n<p>Solo el Santos de Pel\u00e9 en 1962 y 1963, el Fla de 2019 (con el propio Filipe Lu\u00eds en el campo) y el Botafogo de 2024 han conseguido el par de coronas en una misma temporada.<\/p>\n<p>Flamengo, adem\u00e1s, se gana el derecho a jugar la Copa Intercontinental en diciembre, la Recopa Sudamericana 2026 y el Mundial de Clubes 2029.<\/p>\n<p>erc\/raa\/<\/p>\n","protected":false},"excerpt":{"rendered":"afp_tickers Este contenido fue publicado en 30 noviembre 2025 &#8211; 01:26 El Flamengo de Filipe Lu\u00eds se consagr\u00f3&hellip;\n","protected":false},"author":2,"featured_media":262904,"comment_status":"","ping_status":"","sticky":false,"template":"","format":"standard","meta":{"footnotes":""},"categories":[93],"tags":[168,25,24,281,23,3020,167,90],"class_list":{"0":"post-262903","1":"post","2":"type-post","3":"status-publish","4":"format-standard","5":"has-post-thumbnail","7":"category-deportes","8":"tag-deportes","9":"tag-es","10":"tag-espana","11":"tag-soccer","12":"tag-spain","13":"tag-sport","14":"tag-sports","15":"tag-ticker"},"share_on_mastodon":{"url":"https:\/\/pubeurope.com\/@es\/115635983707511779","error":""},"_links":{"self":[{"href":"https:\/\/www.europesays.com\/es\/wp-json\/wp\/v2\/posts\/262903","targetHints":{"allow":["GET"]}}],"collection":[{"href":"https:\/\/www.europesays.com\/es\/wp-json\/wp\/v2\/posts"}],"about":[{"href":"https:\/\/www.europesays.com\/es\/wp-json\/wp\/v2\/types\/post"}],"author":[{"embeddable":true,"href":"https:\/\/www.europesays.com\/es\/wp-json\/wp\/v2\/users\/2"}],"replies":[{"embeddable":true,"href":"https:\/\/www.europesays.com\/es\/wp-json\/wp\/v2\/comments?post=262903"}],"version-history":[{"count":0,"href":"https:\/\/www.europesays.com\/es\/wp-json\/wp\/v2\/posts\/262903\/revisions"}],"wp:featuredmedia":[{"embeddable":true,"href":"https:\/\/www.europesays.com\/es\/wp-json\/wp\/v2\/media\/262904"}],"wp:attachment":[{"href":"https:\/\/www.europesays.com\/es\/wp-json\/wp\/v2\/media?parent=262903"}],"wp:term":[{"taxonomy":"category","embeddable":true,"href":"https:\/\/www.europesays.com\/es\/wp-json\/wp\/v2\/categories?post=262903"},{"taxonomy":"post_tag","embeddable":true,"href":"https:\/\/www.europesays.com\/es\/wp-json\/wp\/v2\/tags?post=262903"}],"curies":[{"name":"wp","href":"https:\/\/api.w.org\/{rel}","templated":true}]}}