{"id":262905,"date":"2025-11-30T01:10:14","date_gmt":"2025-11-30T01:10:14","guid":{"rendered":"https:\/\/www.europesays.com\/es\/262905\/"},"modified":"2025-11-30T01:10:14","modified_gmt":"2025-11-30T01:10:14","slug":"el-sergas-cita-a-casi-un-millon-de-gallegos-para-probar-la-vacuna-del-virus-respiratorio-sincitial","status":"publish","type":"post","link":"https:\/\/www.europesays.com\/es\/262905\/","title":{"rendered":"El Sergas cita a casi un mill\u00f3n de gallegos para probar la vacuna del virus respiratorio sincitial"},"content":{"rendered":"<p class=\"ft-text\">El Servizo Galego de Sa\u00fade (Sergas) y el Instituto de <a class=\"ft-link ft-link--decoration\" href=\"https:\/\/www.farodevigo.es\/tags\/ciencia\/\" rel=\"nofollow noopener\" target=\"_blank\">Investigaci\u00f3n<\/a> Sanitaria de Santiago (IDIS) comenzaron este viernes el ensayo Sincigal, con el que la Administraci\u00f3n gallega comprobar\u00e1 la eficacia de la <strong>vacuna Abrysvo frente al virus respiratorio sincitial (VRS)<\/strong>. Se trata de una medicaci\u00f3n ya aprobada por las autoridades sanitarias para la prevenci\u00f3n de este virus, y se pretenden verificar en la pr\u00e1ctica la reducci\u00f3n de ingresos hospitalarios entre la poblaci\u00f3n. Para ello, citar\u00e1 a 900.000 mayores de 60 a\u00f1os, a los que se le comunicar\u00e1 en los centros sanitarios o cuando vayan a vacunarse del covid o la gripe la posibilidad de participar de forma totalmente voluntaria, seg\u00fan explic\u00f3 el titular de <a class=\"ft-link ft-link--decoration\" href=\"https:\/\/www.farodevigo.es\/tags\/sergas\/\" rel=\"nofollow noopener\" target=\"_blank\">Sanidade<\/a>, Antonio G\u00f3mez Caama\u00f1o.<\/p>\n<p class=\"ft-text\">Si el paciente acepta participar en el ensayo cl\u00ednico, tendr\u00e1 un <strong>50 % de posibilidades de recibir la vacuna <\/strong>que se estudia, una decisi\u00f3n que vendr\u00e1 marcada de forma aleatoria a trav\u00e9s de una plataforma inform\u00e1tica. De este modo, se podr\u00e1 estudiar la diferencia entre las personas vacunadas y las que no han recibido el medicamento frente a un virus que, en la mayor\u00eda de casos, provoca s\u00edntomas leves parecidos a un resfriados, pero que pueden agravarse en personas mayores o con patolog\u00edas cr\u00f3nicas. El estudio no implica tener que acudir a ning\u00fan seguimiento cl\u00ednico, porque la informaci\u00f3n necesaria se obtendr\u00e1 del historial electr\u00f3nico de cada paciente.<\/p>\n<p class=\"ft-text\">En el ensayo participan casi <strong>250 centros sanitarios y m\u00e1s de 700 profesionales en Galicia<\/strong>, y las personas que deseen m\u00e1s informaci\u00f3n sobre el mismo pueden obtenerla en el tel\u00e9fono gratuito 900 842 217.<\/p>\n<p class=\"ft-text\">Adem\u00e1s, a lo largo de estos \u00faltimos d\u00edas el Sergas ha citado a 33.000 personas de entre 60 y 69 a\u00f1os en una <strong>jornada extraordinaria de <\/strong><a class=\"ft-link ft-link--decoration\" href=\"https:\/\/www.farodevigo.es\/tags\/vacunas\/\" rel=\"nofollow noopener\" target=\"_blank\"><strong>vacunaci\u00f3n<\/strong><\/a><strong> frente a la gripe <\/strong>que tendr\u00e1 lugar este fin de semana. Se trata de las personas que todav\u00eda no hab\u00edan sido llamadas a vacunarse, como una medida de anticipaci\u00f3n para aumentar la cobertura ante el inicio precoz de la ola epid\u00e9mica de la gripe.<\/p>\n<p class=\"ft-text\"><strong>\u00daltima jornada de huelga <\/strong><\/p>\n<p class=\"ft-text\">En otro orden de cosas, con la jornada de este viernes culmin\u00f3 el <strong>per\u00edodo de tres d\u00edas de huelga en la Atenci\u00f3n Primaria<\/strong>, en la que participaron la Confederaci\u00f3n Intersindical Galega (CIG) y O\u2019MEGA despu\u00e9s de que los otros sindicatos (CSIF, CCOO, UGT y Simega) se retirasen de la convocatoria tras alcanzar un acuerdo con Sanidade. Seg\u00fan la Conseller\u00eda, el seguimiento del <a class=\"ft-link ft-link--decoration\" href=\"https:\/\/www.farodevigo.es\/tags\/desempleo\/\" rel=\"nofollow noopener\" target=\"_blank\">paro<\/a> en el turno de ma\u00f1ana fue del 6,99%, cifra que baj\u00f3 hasta el 4,11% en el turno de tarde.<\/p>\n<p class=\"ft-text\">En todo caso, a lo largo de estos d\u00edas ambos sindicatos han puesto de manifiesto su disconformidad con el c\u00e1lculo de la Administraci\u00f3n auton\u00f3mica, que, aseguran, tiene en cuenta a todo el personal, incluido el de servicios m\u00ednimos, y no solo al que realmente podr\u00eda hacer huelga. Al respecto, este viernes desde la CIG aseguraron que el paro volvi\u00f3 a \u00abregistrar un importante seguimiento\u00bb, y que prueba del <strong>\u00ab\u00e9xito de la convocatoria\u00bb es que Sanidade \u00abintente manipular los datos\u00bb<\/strong>. En este sentido, han advertido que, de no reforzar la Atenci\u00f3n Primaria con m\u00e1s medios, m\u00e1s personal y mejores condiciones, la Conseller\u00eda tendr\u00e1 que \u00abenfrentarse a m\u00e1s huelgas y movilizaciones\u00bb.<\/p>\n<p class=\"ft-text\">En la misma l\u00ednea fue la valoraci\u00f3n de la jornada del sindicato O\u2019MEGA, que, en su caso, arroj\u00f3 datos concretos: cifra el seguimiento en un 75% en el caso de los m\u00e9dicos y del 90% en el de los residentes. Adem\u00e1s, ha anunciado que se suma a la huelga estatal contra el <strong>anteproyecto de ley del Estatuto Marco <\/strong>entre el 9 y el 12 de diciembre, que en esta ocasi\u00f3n afectar\u00e1 a todos los niveles asistenciales, incluidos hospitales y servicios de Urgencias, y en la que tambi\u00e9n reiterar\u00e1 sus reclamaciones a la <a class=\"ft-link ft-link--decoration\" href=\"https:\/\/www.farodevigo.es\/tags\/xunta-de-galicia\/\" rel=\"nofollow noopener\" target=\"_blank\">Xunta<\/a>.<\/p>\n","protected":false},"excerpt":{"rendered":"El Servizo Galego de Sa\u00fade (Sergas) y el Instituto de Investigaci\u00f3n Sanitaria de Santiago (IDIS) comenzaron este viernes&hellip;\n","protected":false},"author":2,"featured_media":262906,"comment_status":"","ping_status":"","sticky":false,"template":"","format":"standard","meta":{"footnotes":""},"categories":[92],"tags":[7716,2053,25,24,816,49532,7749,165,293,7818,35693,166,28787,23,2275],"class_list":{"0":"post-262905","1":"post","2":"type-post","3":"status-publish","4":"format-standard","5":"has-post-thumbnail","7":"category-salud","8":"tag-cita","9":"tag-ensayo","10":"tag-es","11":"tag-espana","12":"tag-galicia","13":"tag-gallegos","14":"tag-gripe","15":"tag-health","16":"tag-jornada","17":"tag-millon","18":"tag-probar","19":"tag-salud","20":"tag-sergas","21":"tag-spain","22":"tag-virus"},"share_on_mastodon":{"url":"https:\/\/pubeurope.com\/@es\/115635986336931156","error":""},"_links":{"self":[{"href":"https:\/\/www.europesays.com\/es\/wp-json\/wp\/v2\/posts\/262905","targetHints":{"allow":["GET"]}}],"collection":[{"href":"https:\/\/www.europesays.com\/es\/wp-json\/wp\/v2\/posts"}],"about":[{"href":"https:\/\/www.europesays.com\/es\/wp-json\/wp\/v2\/types\/post"}],"author":[{"embeddable":true,"href":"https:\/\/www.europesays.com\/es\/wp-json\/wp\/v2\/users\/2"}],"replies":[{"embeddable":true,"href":"https:\/\/www.europesays.com\/es\/wp-json\/wp\/v2\/comments?post=262905"}],"version-history":[{"count":0,"href":"https:\/\/www.europesays.com\/es\/wp-json\/wp\/v2\/posts\/262905\/revisions"}],"wp:featuredmedia":[{"embeddable":true,"href":"https:\/\/www.europesays.com\/es\/wp-json\/wp\/v2\/media\/262906"}],"wp:attachment":[{"href":"https:\/\/www.europesays.com\/es\/wp-json\/wp\/v2\/media?parent=262905"}],"wp:term":[{"taxonomy":"category","embeddable":true,"href":"https:\/\/www.europesays.com\/es\/wp-json\/wp\/v2\/categories?post=262905"},{"taxonomy":"post_tag","embeddable":true,"href":"https:\/\/www.europesays.com\/es\/wp-json\/wp\/v2\/tags?post=262905"}],"curies":[{"name":"wp","href":"https:\/\/api.w.org\/{rel}","templated":true}]}}