{"id":262911,"date":"2025-11-30T01:13:08","date_gmt":"2025-11-30T01:13:08","guid":{"rendered":"https:\/\/www.europesays.com\/es\/262911\/"},"modified":"2025-11-30T01:13:08","modified_gmt":"2025-11-30T01:13:08","slug":"dos-acertantes-de-la-primitiva-ganan-706-000-euros-y-el-bote-sube-a-49-millones","status":"publish","type":"post","link":"https:\/\/www.europesays.com\/es\/262911\/","title":{"rendered":"Dos acertantes de la Primitiva ganan 706.000 euros y el bote sube a 49 millones"},"content":{"rendered":"<p class=\"c-paragraph\">El sorteo de la <a href=\"https:\/\/www.20minutos.es\/tags\/temas\/primitiva.html\" title=\"Primitiva\" rel=\"nofollow noopener\" target=\"_blank\">Primitiva<\/a> celebrado este s\u00e1bado ha dejado dos acertantes de primera categor\u00eda (6 aciertos), que se han llevado un premio de\u00a0<b>706.733,41 euros<\/b> cada uno.<\/p>\n<p class=\"c-paragraph\">En concreto, los dos boletos agraciados se han vendido en el despacho receptor n\u00ba\u00a032.325 de <b>Almorad\u00ed <\/b>(Alicante) y en el n\u00ba 45.540 de <b>La Ba\u00f1eza<\/b> (Le\u00f3n).<\/p>\n<p class=\"c-paragraph\">Asimismo, en la segunda categor\u00eda (5 aciertos + complementario) ha habido otros <b>dos acertantes<\/b> que se han embolsado cada uno <b>114.605,42<\/b> <b>euros <\/b>de premio, informa <a href=\"https:\/\/www.20minutos.es\/tags\/temas\/loterias-y-apuestas-del-estado.html\" title=\"Loter\u00edas y Apuestas del Estado\" rel=\"nofollow noopener\" target=\"_blank\">Loter\u00edas y Apuestas del Estado<\/a>.<\/p>\n<p class=\"c-paragraph\">En concreto, estos dos boletos han sido validados en el despacho receptor n\u00ba\u00a048.110 de <b>San Asensio<\/b> (La Rioja) y la administraci\u00f3n de loter\u00edas n\u00ba 525 de <b>Madrid<\/b>.<\/p>\n<p class=\"c-paragraph\">Al no haber boletos acertantes de categor\u00eda especial (6 aciertos + reintegro), <b>se incrementa el bote<\/b> que se pondr\u00e1 en juego en el pr\u00f3ximo sorteo. De este modo, un \u00fanico acertante de primera categor\u00eda con categor\u00eda especial podr\u00eda ganar el lunes un premio de <b>49 millones<\/b> de euros.<\/p>\n<p class=\"c-paragraph\">La <b>recaudaci\u00f3n en el sorteo<\/b> celebrado este s\u00e1bado ha ascendido a un total de\u00a011.039.068 euros.<\/p>\n","protected":false},"excerpt":{"rendered":"El sorteo de la Primitiva celebrado este s\u00e1bado ha dejado dos acertantes de primera categor\u00eda (6 aciertos), que&hellip;\n","protected":false},"author":2,"featured_media":262912,"comment_status":"","ping_status":"","sticky":false,"template":"","format":"standard","meta":{"footnotes":""},"categories":[80],"tags":[82,95,94,25,24,6682,728,6681,23],"class_list":{"0":"post-262911","1":"post","2":"type-post","3":"status-publish","4":"format-standard","5":"has-post-thumbnail","7":"category-economia","8":"tag-business","9":"tag-economia","10":"tag-economy","11":"tag-es","12":"tag-espana","13":"tag-loterias-y-apuestas-del-estado","14":"tag-primitiva","15":"tag-sorteos","16":"tag-spain"},"share_on_mastodon":{"url":"https:\/\/pubeurope.com\/@es\/115635998102866367","error":""},"_links":{"self":[{"href":"https:\/\/www.europesays.com\/es\/wp-json\/wp\/v2\/posts\/262911","targetHints":{"allow":["GET"]}}],"collection":[{"href":"https:\/\/www.europesays.com\/es\/wp-json\/wp\/v2\/posts"}],"about":[{"href":"https:\/\/www.europesays.com\/es\/wp-json\/wp\/v2\/types\/post"}],"author":[{"embeddable":true,"href":"https:\/\/www.europesays.com\/es\/wp-json\/wp\/v2\/users\/2"}],"replies":[{"embeddable":true,"href":"https:\/\/www.europesays.com\/es\/wp-json\/wp\/v2\/comments?post=262911"}],"version-history":[{"count":0,"href":"https:\/\/www.europesays.com\/es\/wp-json\/wp\/v2\/posts\/262911\/revisions"}],"wp:featuredmedia":[{"embeddable":true,"href":"https:\/\/www.europesays.com\/es\/wp-json\/wp\/v2\/media\/262912"}],"wp:attachment":[{"href":"https:\/\/www.europesays.com\/es\/wp-json\/wp\/v2\/media?parent=262911"}],"wp:term":[{"taxonomy":"category","embeddable":true,"href":"https:\/\/www.europesays.com\/es\/wp-json\/wp\/v2\/categories?post=262911"},{"taxonomy":"post_tag","embeddable":true,"href":"https:\/\/www.europesays.com\/es\/wp-json\/wp\/v2\/tags?post=262911"}],"curies":[{"name":"wp","href":"https:\/\/api.w.org\/{rel}","templated":true}]}}