{"id":262915,"date":"2025-11-30T01:16:09","date_gmt":"2025-11-30T01:16:09","guid":{"rendered":"https:\/\/www.europesays.com\/es\/262915\/"},"modified":"2025-11-30T01:16:09","modified_gmt":"2025-11-30T01:16:09","slug":"notas-ante-el-malaga-en-jornada-16","status":"publish","type":"post","link":"https:\/\/www.europesays.com\/es\/262915\/","title":{"rendered":"notas ante el M\u00e1laga en Jornada 16"},"content":{"rendered":"\n<p>M\u00e1s noticias<\/p>\n<p><a class=\"info_masnoticias\" href=\"https:\/\/www.eldesmarque.com\/futbol\/real-valladolid\/\" rel=\"nofollow noopener\" target=\"_blank\"><br \/>\nM\u00e1s de<br \/>\nM\u00e1s noticias de<br \/>\nReal Valladolid<br \/>\n<\/a><\/p>\n<p>\u00c9stas son las notas de <strong>ElDesmarque<\/strong> a los jugadores del <strong>Real Valladolid<\/strong> en el <a href=\"https:\/\/www.eldesmarque.com\/futbol\/liga-2a-division\/20251129\/cronica-resumen-mejores-jugadas-partido-real-valladolid-malaga-jornada-16-liga-hypermotion_300821599.html\" rel=\"nofollow noopener\" target=\"_blank\">empate (1-1)<\/a> ante el M\u00e1laga CF<strong>\u00a0<\/strong>en la <strong>decimosexta jornada<\/strong> de <strong>LALIGA Hypermotion 2025\/2026<\/strong> en el <strong>Nuevo Estadio Jos\u00e9 Zorrilla<\/strong>.<\/p>\n<p>Titulares<\/p>\n<p class=\"p1\"><strong>Guilherme Fernandes (6)<\/strong>: No tuvo que intervenir en la primera mitad. Realiz\u00f3 una buena parada al disparo de Ni\u00f1o.<\/p>\n<p><strong>Iv\u00e1n Alejo (5)<\/strong>: Intenso como siempre, pero sus centros no fueron tan exitosos como en otras ocasiones. Mand\u00f3 un gran centro a la cabeza de Chuki.<\/p>\n<p><strong>Pablo Tomeo (6)<\/strong>: Bien en la anticipaci\u00f3n y los duelos, bastante correcto y sin errores groseros.<\/p>\n<p><strong>David Torres (4)<\/strong>: Mal perfilado y perdi\u00f3 la marca en el gol de Adri\u00e1n Ni\u00f1o.<\/p>\n<p><strong>Guille Bueno (5)<\/strong>: Muy correcto en defensa, con 10 de 17 duelos ganados en el primer acto y cinco recuperaciones. En ataque envi\u00f3 todas sus acciones mordidas o mal tocadas.<\/p>\n<p><strong>Stanko Juric (6)<\/strong>: Correcto en la destrucci\u00f3n, pero no tanto en la elaboraci\u00f3n. Cuando jug\u00f3 al lado de Alani el equipo fue incapaz de crear.<\/p>\n<p><strong>Julien Ponceau (5,5)<\/strong>: Tres de seis duelos, nueve recuperaciones y una amarilla que le hipotec\u00f3 en ciertas acciones. Creci\u00f3 con el paso de los minutos.<\/p>\n<p><strong>Mathis Lachuer (6,5)<\/strong>: Voluntarioso y recuperando balones al principio del partido. La tuvo y se encontr\u00f3 con Alfonso Herrero. Puso un gran bal\u00f3n a Peter Federico para hacer el segundo.<\/p>\n<p><strong>Peter Federico Gonz\u00e1lez (6)<\/strong>: Defini\u00f3 muy bien y con mucha calidad en la jugada del gol. Cre\u00f3 dos ocasiones de peligro. Fall\u00f3 una muy clara que tir\u00f3 al cuerpo de Alfonso. Muy lento en varias acciones en las que se iba s\u00f3lo.<\/p>\n<p><strong>Amath Ndiaye (4<\/strong><strong>)<\/strong>:<\/p>\n<p><strong>Marcos Andr\u00e9 (4,5)<\/strong>: Presion\u00f3 muy bien a Alfonso Herrero en la jugada del gol. Vio una amarilla por llegar tarde que le hipotec\u00f3. Se march\u00f3 aparentemente lesionado en el 55.<\/p>\n<p>Desde el banquillo<\/p>\n<p><strong>Juanmi Latasa (3)<\/strong>: Sac\u00f3 varias faltas y descarg\u00f3 de espaldas, pero no pudo hacer m\u00e1s cosas productivas en ataque.<\/p>\n<p><strong>Stipe Biuk (3)<\/strong>: Tampoco dio la sensaci\u00f3n de estar metido en el partido.<\/p>\n<p><strong>Iv\u00e1n San Jos\u00e9 &#8216;Chuki&#8217; (4): <\/strong>No entr\u00f3 conectado al partido y estuvo err\u00e1tico en sus primeras acciones. Tuvo la suya de cabeza y se estrell\u00f3 con la madera.<\/p>\n<p><strong>Ibrahim Alani (3): <\/strong>No era el contexto para que saliera al campo y se not\u00f3. Fue expulsado por un codazo ya con amarilla.<\/p>\n<p><strong>Sergi Can\u00f3s Ten\u00e9s (s\/c):<\/strong><\/p>\n<p><img decoding=\"async\" src=\"https:\/\/www.europesays.com\/es\/wp-content\/uploads\/2025\/11\/peter_federico_celebra_su_gol_ante_el_malaga_001.jpeg\" width=\"660\" height=\"390.53\" alt=\"Peter Federico celebra su gol ante el M\u00e1laga.\"\/><br \/>\nPeter Federico celebra su gol ante el M\u00e1laga.<\/p>\n","protected":false},"excerpt":{"rendered":"M\u00e1s noticias M\u00e1s de M\u00e1s noticias de Real Valladolid \u00c9stas son las notas de ElDesmarque a los jugadores&hellip;\n","protected":false},"author":2,"featured_media":262916,"comment_status":"","ping_status":"","sticky":false,"template":"","format":"standard","meta":{"footnotes":""},"categories":[5],"tags":[17,18,25,24,13,14,11,19,20,9,10,15,16,23,12,21,22],"class_list":{"0":"post-262915","1":"post","2":"type-post","3":"status-publish","4":"format-standard","5":"has-post-thumbnail","7":"category-titulares","8":"tag-breaking-news","9":"tag-breakingnews","10":"tag-es","11":"tag-espana","12":"tag-featured-news","13":"tag-featurednews","14":"tag-headlines","15":"tag-latest-news","16":"tag-latestnews","17":"tag-news","18":"tag-noticias","19":"tag-noticias-destacadas","20":"tag-noticiasdestacadas","21":"tag-spain","22":"tag-titulares","23":"tag-ultimas-noticias","24":"tag-ultimasnoticias"},"share_on_mastodon":{"url":"https:\/\/pubeurope.com\/@es\/115636010146334331","error":""},"_links":{"self":[{"href":"https:\/\/www.europesays.com\/es\/wp-json\/wp\/v2\/posts\/262915","targetHints":{"allow":["GET"]}}],"collection":[{"href":"https:\/\/www.europesays.com\/es\/wp-json\/wp\/v2\/posts"}],"about":[{"href":"https:\/\/www.europesays.com\/es\/wp-json\/wp\/v2\/types\/post"}],"author":[{"embeddable":true,"href":"https:\/\/www.europesays.com\/es\/wp-json\/wp\/v2\/users\/2"}],"replies":[{"embeddable":true,"href":"https:\/\/www.europesays.com\/es\/wp-json\/wp\/v2\/comments?post=262915"}],"version-history":[{"count":0,"href":"https:\/\/www.europesays.com\/es\/wp-json\/wp\/v2\/posts\/262915\/revisions"}],"wp:featuredmedia":[{"embeddable":true,"href":"https:\/\/www.europesays.com\/es\/wp-json\/wp\/v2\/media\/262916"}],"wp:attachment":[{"href":"https:\/\/www.europesays.com\/es\/wp-json\/wp\/v2\/media?parent=262915"}],"wp:term":[{"taxonomy":"category","embeddable":true,"href":"https:\/\/www.europesays.com\/es\/wp-json\/wp\/v2\/categories?post=262915"},{"taxonomy":"post_tag","embeddable":true,"href":"https:\/\/www.europesays.com\/es\/wp-json\/wp\/v2\/tags?post=262915"}],"curies":[{"name":"wp","href":"https:\/\/api.w.org\/{rel}","templated":true}]}}