{"id":262922,"date":"2025-11-30T01:25:10","date_gmt":"2025-11-30T01:25:10","guid":{"rendered":"https:\/\/www.europesays.com\/es\/262922\/"},"modified":"2025-11-30T01:25:10","modified_gmt":"2025-11-30T01:25:10","slug":"el-pucela-se-vuelve-a-estrellar-contra-su-propia-inoperancia-en-el-ultimo-metro-el-norte-de-castilla","status":"publish","type":"post","link":"https:\/\/www.europesays.com\/es\/262922\/","title":{"rendered":"El Pucela se vuelve a estrellar contra su propia inoperancia en el \u00faltimo metro &#8211; El Norte de Castilla"},"content":{"rendered":"<ol>\n<li><a href=\"https:\/\/news.google.com\/rss\/articles\/CBMingFBVV95cUxQNU1SSDhkcEdjZUhIQnVJQnZvZWV2N3M1RUk3NjZ0UDI5Z3REOXlLdjA2VTBvcTBkR0Zia0ZHVHAwb1FYM3JLZEpHMHl5ZEdGalU3OU9PejVGM1M2WE1ZcDdpaExmQzEtbFlwclZSdk02TGt5UGNscWtfeHVpUE9ROXlRUlNCcU9zUVFfaXlkM0hpMFpEcXZrVVlOampxUdIBowFBVV95cUxNOU5tQjBFNi1GQ2dWUE1FX19xanV3aGw5Sk1BVkhnazR2dllrc2NTeVFneEs2ekVWN2VZUUtreEcydUFuQUJsWUhLYjhyTHctd3pOTFpPdkowN2E5MU1vQWQ3dk1qRmJhNWtLbEJwbzB3UGlnWGlPd3lNMzdEUFI0TmJLLXlFWUhWOVF0ZmlzbjJZYk5ZQ1JORmJobEtYX3VWV19r?oc=5\" target=\"_blank\" rel=\"nofollow noopener\">El Pucela se vuelve a estrellar contra su propia inoperancia en el \u00faltimo metro<\/a>&nbsp;&nbsp;El Norte de Castilla<\/li>\n<li><a href=\"https:\/\/news.google.com\/rss\/articles\/CBMiogFBVV95cUxQek94UVNVWjdwWjcwWC1McUJrQlZKSlRTek1WLUlMa2VJWVlxMGRodkVZV3hjLVN3X054Y09tVHNqeVFGSndmV0JPbjNDdXNoVjVLazlJTm4wWnRPY2NOY3JJZjgtZTVqSWxtOHpFVlR2MTlRMF8wWElNVU5tZVFLYmQ1eUxGNlI5SVVlZnA1WFN2M2p4N0ZucEF5TDdQUDZQd2fSAbYBQVVfeXFMUGNyMXpySGNpSXZCc1JsTGs0QWhxbHA0UUJvOTBNQ2NLakdMeG1RVGtGVUtpUFZFYUVKUlVwV1lwTGpZNy1BWmN5bUNyS2lqeEFYMXN3WG9Zam11ejhJU291VjZuZnBZZ2pHbzEwQ3NiNnJ3RGhGMUVLbzlvVmpSM09xZEJKd21BTTBaYm9sYWk2X1JUMWRHVXk2MXc2WjhSdWo5VVJxWnFOd2xVbElBS1NtYVY0YkE?oc=5\" target=\"_blank\" rel=\"nofollow noopener\">Valladolid 1 &#8211; 1 M\u00e1laga: resumen, resultado y goles<\/a>&nbsp;&nbsp;Diario AS<\/li>\n<li><a href=\"https:\/\/news.google.com\/rss\/articles\/CBMiugFBVV95cUxPWlVrbzdlanA1V1Z5c19rVkVLYy05a3VwWXBhMXhNQjhMSnluak1HOE1wOGJJclYwRlZydmNTek4wcEtQMkpLazUzV2t2SU54UzY0bXRZTGNNcHlIalA4TnZDY2ZKSkYxZnpnbWtEYlFkZjhWU2pheFE0UnZLZndhMTlSSk1ndDhDdXUwTXJkZS1QUmZUVXQza0ozMHRKVlRydEhjYTRqZF82TndBeW43WnhFTHljcVQ4dkHSAb8BQVVfeXFMT1FmMk5CZHc2TFpvMTgxS1QwQm5tZFBqZy1zZEotaHhlNzUwMUpSSFA2MHpjaG5MNXBvLW1qWjJYc3Rha1hTdnEzWjBfRGdIUUJUdDFFOXhvSl9zbHloQVhuMWx5VWZ0dk1jZUZwWGxtMDZCNUxuQkxzMlZCQUZXYTZNT0ZyRk5oNlM4cnR3UmhnOXVtY3lyMjY3Y0pvaEVidnhIWUJpMXVwU2tETnhDOGxYYjBUWHh6SHhUNTRMNFU?oc=5\" target=\"_blank\" rel=\"nofollow noopener\">El M\u00e1laga CF tambi\u00e9n cambia su din\u00e1mica fuera de casa en Valladolid (1-1)<\/a>&nbsp;&nbsp;La Opini\u00f3n de M\u00e1laga<\/li>\n<li><a href=\"https:\/\/news.google.com\/rss\/articles\/CBMihAFBVV95cUxPQ195UFhFOTZUU3dHVGJrRW1XY05VN05yTC1FMkljX28walVfSzJRMDY3MGs3ZUxickVHNFRGZHNGVm1UM1hXRVp3bHpGNlEzMkIyUTMzVXNEODJVSFBORU1qVDZvd1F6WmRDVzlWZVowYmRkTEpDWUx0T1M2Z2F2WmxWRDc?oc=5\" target=\"_blank\" rel=\"nofollow noopener\">Previa M\u00e1laga CF LaLiga<\/a>&nbsp;&nbsp;Real Valladolid<\/li>\n<li><a href=\"https:\/\/news.google.com\/rss\/articles\/CBMivwFBVV95cUxNbGVkWUoyRlc5Y0gtYmRaNWZKN2NHUGh2Q0NsaW4zbU9nNnpDc25zNVJUNW9TTVc3UmsyanBqMm0yekFZR2VaMGxJd1BlajRESnMxWEhTUmRkMDN1dFpoeDdLTkdNTl83N0QydW9ZQnlFM01mLUVZdlU2ZjhJdDVpdERucno3am5DQzNabjBTVGQweldsNUlTSE9qSEJTQThvN3VpM1BBcVFEa3Z5MU0zVGhtNWNER1NTNl9scUpoNA?oc=5\" target=\"_blank\" rel=\"nofollow noopener\">Falta de Marcos Andr\u00e9 (Real Valladolid).<\/a>&nbsp;&nbsp;Diario Sur<\/li>\n<\/ol>\n","protected":false},"excerpt":{"rendered":"El Pucela se vuelve a estrellar contra su propia inoperancia en el \u00faltimo metro&nbsp;&nbsp;El Norte de Castilla Valladolid&hellip;\n","protected":false},"author":2,"featured_media":262923,"comment_status":"","ping_status":"","sticky":false,"template":"","format":"standard","meta":{"footnotes":""},"categories":[268],"tags":[65438,29333,304,168,25,24,280,282,531,281,23,167],"class_list":{"0":"post-262922","1":"post","2":"type-post","3":"status-publish","4":"format-standard","5":"has-post-thumbnail","7":"category-futbol","8":"tag-almada","9":"tag-anoeta","10":"tag-apuesta","11":"tag-deportes","12":"tag-es","13":"tag-espana","14":"tag-football","15":"tag-futbol","16":"tag-once","17":"tag-soccer","18":"tag-spain","19":"tag-sports"},"share_on_mastodon":{"url":"https:\/\/pubeurope.com\/@es\/115636045485149040","error":""},"_links":{"self":[{"href":"https:\/\/www.europesays.com\/es\/wp-json\/wp\/v2\/posts\/262922","targetHints":{"allow":["GET"]}}],"collection":[{"href":"https:\/\/www.europesays.com\/es\/wp-json\/wp\/v2\/posts"}],"about":[{"href":"https:\/\/www.europesays.com\/es\/wp-json\/wp\/v2\/types\/post"}],"author":[{"embeddable":true,"href":"https:\/\/www.europesays.com\/es\/wp-json\/wp\/v2\/users\/2"}],"replies":[{"embeddable":true,"href":"https:\/\/www.europesays.com\/es\/wp-json\/wp\/v2\/comments?post=262922"}],"version-history":[{"count":0,"href":"https:\/\/www.europesays.com\/es\/wp-json\/wp\/v2\/posts\/262922\/revisions"}],"wp:featuredmedia":[{"embeddable":true,"href":"https:\/\/www.europesays.com\/es\/wp-json\/wp\/v2\/media\/262923"}],"wp:attachment":[{"href":"https:\/\/www.europesays.com\/es\/wp-json\/wp\/v2\/media?parent=262922"}],"wp:term":[{"taxonomy":"category","embeddable":true,"href":"https:\/\/www.europesays.com\/es\/wp-json\/wp\/v2\/categories?post=262922"},{"taxonomy":"post_tag","embeddable":true,"href":"https:\/\/www.europesays.com\/es\/wp-json\/wp\/v2\/tags?post=262922"}],"curies":[{"name":"wp","href":"https:\/\/api.w.org\/{rel}","templated":true}]}}