{"id":262924,"date":"2025-11-30T01:26:09","date_gmt":"2025-11-30T01:26:09","guid":{"rendered":"https:\/\/www.europesays.com\/es\/262924\/"},"modified":"2025-11-30T01:26:09","modified_gmt":"2025-11-30T01:26:09","slug":"me-encontraba-feliz-era-una-vida-fantastica-un-apartamento-de-una-habitacion-en-el-east-village-y-entonces-llego-stranger-things-y-destrozo-por-completo-la-concepcion-de-lo-que-yo-seria","status":"publish","type":"post","link":"https:\/\/www.europesays.com\/es\/262924\/","title":{"rendered":"\u201cMe encontraba feliz. Era una vida fant\u00e1stica, un apartamento de una habitaci\u00f3n en el East Village. Y entonces lleg\u00f3 &#8216;Stranger Things&#8217; y destroz\u00f3 por completo la concepci\u00f3n de lo que yo ser\u00eda\u00bb"},"content":{"rendered":"<p data-gtm-element-container=\"modulo-texto-link\" class=\"paragraph\"><a href=\"https:\/\/www.imdb.com\/es-es\/name\/nm1092086\/\" rel=\"nofollow noreferrer noopener\" target=\"_blank\">David Harbour<\/a>, quien interpreta al querido sheriff Jim Hopper, ha adelantado que <strong>la quinta temporada de Stranger Things ser\u00e1 la m\u00e1s ambiciosa de toda la serie<\/strong>. Seg\u00fan el actor, el alcance visual y narrativo del cierre supera \u00abcualquier cosa\u00bb que hayan hecho antes, con escenas mucho m\u00e1s grandes y un nivel de producci\u00f3n que se aproxima al de una superproducci\u00f3n cinematogr\u00e1fica. La temporada, compuesta por ocho episodios, ha requerido casi un <strong>a\u00f1o completo de rodaje debido a la magnitud de cada secuencia<\/strong>.<\/p>\n<p data-gtm-element-container=\"modulo-texto-link\" class=\"paragraph\">Harbour explic\u00f3 que el proyecto ha <a href=\"https:\/\/variety.com\/2025\/tv\/news\/david-harbour-stranger-things-5-hopper-1236588795\/\" rel=\"nofollow noreferrer noopener\" target=\"_blank\">crecido de forma exponencial<\/a> desde su estreno en 2016, y que este \u00faltimo cap\u00edtulo est\u00e1 dise\u00f1ado para llegar m\u00e1s lejos que todos los anteriores. La intenci\u00f3n del equipo es <strong>ofrecer un final que se sienta definitivo, \u00e9pico y emocional, capaz de honrar el fen\u00f3meno global<\/strong> en el que se convirti\u00f3 la serie.<\/p>\n<blockquote class=\"instagram-media\" data-instgrm-captioned=\"\" data-instgrm-version=\"6\" style=\"background: #FFF; border: 0; border-radius: 3px; box-shadow: 0 0 1px 0 rgba(0,&#10;0, 0, 0.5), 0 1px 10px 0 rgba(0, 0, 0, 0.15); margin: 1px; max-width: 658px; padding: 0;&#10;width: 99.375%; width: -webkit-calc(100% - 2px); width: calc(100% - 2px);\">\n<\/blockquote>\n<p>Un cierre emocional para el reparto<\/p>\n<p data-gtm-element-container=\"modulo-texto-link\" class=\"paragraph\">Uno de los momentos m\u00e1s impactantes para el reparto ocurri\u00f3 durante la lectura del guion final. Harbour revel\u00f3 que <strong>desde las primeras p\u00e1ginas ya hab\u00eda compa\u00f1eros llorando, y que hacia el final la sala entera estaba emocionada<\/strong> hasta las l\u00e1grimas. Para muchos de los actores, que han crecido junto a sus personajes, este cierre supone despedirse de una parte fundamental de sus vidas.<\/p>\n<p data-gtm-element-container=\"modulo-texto-link\" class=\"paragraph\">El actor confes\u00f3 tambi\u00e9n que su \u00faltimo d\u00eda en el set fue \u00absurrealista\u00bb, una mezcla de gratitud, duelo y desconcierto. Tras tantos a\u00f1os interpretando a Hopper, <strong>apenas pod\u00eda asimilar que ya no volver\u00eda a ponerse el uniforme del sheriff ni a caminar<\/strong> por los escenarios que lo acompa\u00f1aron durante casi una d\u00e9cada.<\/p>\n<blockquote class=\"instagram-media\" data-instgrm-captioned=\"\" data-instgrm-version=\"6\" style=\"background: #FFF; border: 0; border-radius: 3px; box-shadow: 0 0 1px 0 rgba(0,&#10;0, 0, 0.5), 0 1px 10px 0 rgba(0, 0, 0, 0.15); margin: 1px; max-width: 658px; padding: 0;&#10;width: 99.375%; width: -webkit-calc(100% - 2px); width: calc(100% - 2px);\">\n<\/blockquote>\n<p>Hopper: un personaje en constante evoluci\u00f3n<\/p>\n<p data-gtm-element-container=\"modulo-texto-link\" class=\"paragraph\">A lo largo de las cinco temporadas, Hopper ha experimentado una evoluci\u00f3n profunda: de polic\u00eda atormentado por el pasado, a padre adoptivo y figura heroica marcada por la p\u00e9rdida, la violencia y la esperanza. Harbour destac\u00f3 que <strong>una de las mayores virtudes del personaje es que nunca se mantuvo est\u00e1tico<\/strong>, sino que siempre ofrec\u00eda nuevos matices y retos interpretativos.<\/p>\n<p data-gtm-element-container=\"modulo-texto-link\" class=\"paragraph\">El actor asegur\u00f3 que incluso en esta \u00faltima entrega, la versi\u00f3n de Hopper sorprender\u00e1 al p\u00fablico. No quiso revelar detalles, pero insinu\u00f3 que <strong>el personaje vivir\u00e1 una transformaci\u00f3n acorde a un final de saga, algo grande, intenso y emocionalmente potente<\/strong>.<\/p>\n<p>    Lee tambi\u00e9n<\/p>\n<p data-gtm-element-container=\"modulo-texto-link\" class=\"paragraph\">Harbour reconoci\u00f3 que Stranger Things <a href=\"https:\/\/variety.com\/2025\/tv\/news\/david-harbour-stranger-things-5-hopper-1236588795\/\" rel=\"nofollow noreferrer noopener\" target=\"_blank\">cambi\u00f3 su vida por completo<\/a>. Antes de la serie ten\u00eda una carrera estable pero discreta; despu\u00e9s del \u00e9xito global, s<strong>u imagen se volvi\u00f3 internacional, recibi\u00f3 m\u00faltiples ofertas y alcanz\u00f3 un nivel de exposici\u00f3n que jam\u00e1s imagin\u00f3<\/strong>. Aun as\u00ed, admite sentir cierto alivio por el final: despu\u00e9s de tantos a\u00f1os, desea explorar nuevos personajes y recuperar un sentido de libertad creativa.<\/p>\n<p data-gtm-element-container=\"modulo-texto-link\" class=\"paragraph\">Para los fans, el mensaje es claro: <strong>la temporada final ser\u00e1 colosal, emocional y dise\u00f1ada para cerrar cada arco con fuerza<\/strong>. Un adi\u00f3s a la altura del fen\u00f3meno.<\/p>\n","protected":false},"excerpt":{"rendered":"David Harbour, quien interpreta al querido sheriff Jim Hopper, ha adelantado que la quinta temporada de Stranger Things&hellip;\n","protected":false},"author":2,"featured_media":262925,"comment_status":"","ping_status":"","sticky":false,"template":"","format":"standard","meta":{"footnotes":""},"categories":[174],"tags":[255,146,147,25,24,256,23],"class_list":{"0":"post-262924","1":"post","2":"type-post","3":"status-publish","4":"format-standard","5":"has-post-thumbnail","7":"category-famosos","8":"tag-celebrities","9":"tag-entertainment","10":"tag-entretenimiento","11":"tag-es","12":"tag-espana","13":"tag-famosos","14":"tag-spain"},"share_on_mastodon":{"url":"https:\/\/pubeurope.com\/@es\/115636049685528491","error":""},"_links":{"self":[{"href":"https:\/\/www.europesays.com\/es\/wp-json\/wp\/v2\/posts\/262924","targetHints":{"allow":["GET"]}}],"collection":[{"href":"https:\/\/www.europesays.com\/es\/wp-json\/wp\/v2\/posts"}],"about":[{"href":"https:\/\/www.europesays.com\/es\/wp-json\/wp\/v2\/types\/post"}],"author":[{"embeddable":true,"href":"https:\/\/www.europesays.com\/es\/wp-json\/wp\/v2\/users\/2"}],"replies":[{"embeddable":true,"href":"https:\/\/www.europesays.com\/es\/wp-json\/wp\/v2\/comments?post=262924"}],"version-history":[{"count":0,"href":"https:\/\/www.europesays.com\/es\/wp-json\/wp\/v2\/posts\/262924\/revisions"}],"wp:featuredmedia":[{"embeddable":true,"href":"https:\/\/www.europesays.com\/es\/wp-json\/wp\/v2\/media\/262925"}],"wp:attachment":[{"href":"https:\/\/www.europesays.com\/es\/wp-json\/wp\/v2\/media?parent=262924"}],"wp:term":[{"taxonomy":"category","embeddable":true,"href":"https:\/\/www.europesays.com\/es\/wp-json\/wp\/v2\/categories?post=262924"},{"taxonomy":"post_tag","embeddable":true,"href":"https:\/\/www.europesays.com\/es\/wp-json\/wp\/v2\/tags?post=262924"}],"curies":[{"name":"wp","href":"https:\/\/api.w.org\/{rel}","templated":true}]}}