{"id":262926,"date":"2025-11-30T01:27:18","date_gmt":"2025-11-30T01:27:18","guid":{"rendered":"https:\/\/www.europesays.com\/es\/262926\/"},"modified":"2025-11-30T01:27:18","modified_gmt":"2025-11-30T01:27:18","slug":"casa-masa-y-luz-estudio-i","status":"publish","type":"post","link":"https:\/\/www.europesays.com\/es\/262926\/","title":{"rendered":"Casa Masa y Luz \/ Estudio i"},"content":{"rendered":"<p><a class=\"js-image-size__link \" href=\"https:\/\/www.archdaily.cl\/cl\/1036458\/casa-masa-y-luz-estudio-i\/69285e34077a110001234f82-casa-masa-y-luz-estudio-i-foto\" rel=\"attachment nofollow noopener\" style=\"width: 100%; height: 100%;\" target=\"_blank\"><img decoding=\"async\" alt=\"Casa Masa y Luz \/ Estudio i - Fotograf\u00eda exterior\" data-nr-picture-id=\"69285e34077a110001234f82\" fetchpriority=\"high\" height=\"435\" itemprop=\"image\" loading=\"eager\" longdesc=\"https:\/\/www.archdaily.cl\/cl\/1036458\/casa-masa-y-luz-estudio-i\/69285e34077a110001234f82-casa-masa-y-luz-estudio-i-foto\" src=\"https:\/\/www.europesays.com\/es\/wp-content\/uploads\/2025\/11\/Arq_Casa_3_01.jpg\" style=\"min-height: var(--featured-height, auto); aspect-ratio: auto 640 \/ 435\" width=\"640\"\/><\/a>\u00a9 Mat\u00edas Garc\u00eda-Huidobro<\/p>\n<p>    Compartir<\/p>\n<p>Compartir<\/p>\n<ul class=\"afd-share__networks clearfix\">\n<li class=\"afd-share__social\"><a aria-label=\"Facebook\" class=\"afd-share__button\" data-insights-category=\"share\" data-insights-label=\"facebook_sharing_options\" data-insights-value=\"1036458\" data-social=\"facebook\" href=\"https:\/\/www.facebook.com\/sharer\/sharer.php?u=https:\/\/www.archdaily.cl\/cl\/1036458\/casa-masa-y-luz-estudio-i\" rel=\"nofollow noopener\" target=\"_blank\"><\/a>\n<p>Facebook<\/p>\n<\/li>\n<li class=\"afd-share__social\"><a aria-label=\"Twitter\" class=\"afd-share__button\" data-insights-category=\"share\" data-insights-label=\"twitter_sharing_options\" data-insights-value=\"1036458\" data-social=\"twitter\" href=\"https:\/\/twitter.com\/intent\/tweet?text=Casa%20Masa%20y%20Luz%20%2F%20Estudio%20i&amp;url=https:\/\/www.archdaily.cl\/cl\/1036458\/casa-masa-y-luz-estudio-i&amp;via=parq\" rel=\"nofollow noopener\" target=\"_blank\"><\/a>\n<p>Twitter<\/p>\n<\/li>\n<li class=\"afd-share__social\"><a class=\"afd-share__button\" data-insights-category=\"share\" data-insights-label=\"email_sharing_options\" data-insights-value=\"1036458\" data-social=\"email\" href=\"mailto:?subject=Casa Masa y Luz \/ Estudio i&amp;body=https:\/\/www.archdaily.cl\/cl\/1036458\/casa-masa-y-luz-estudio-i\"><\/a>\n<p>Mail<\/p>\n<\/li>\n<li class=\"afd-share__social\"><a aria-label=\"Pinterest\" class=\"afd-share__button\" data-insights-category=\"share\" data-insights-label=\"pinterest_sharing_options\" data-insights-value=\"1036458\" data-social=\"pinterest\" href=\"https:\/\/pinterest.com\/pin\/create\/button\/?url=https%3A%2F%2Fwww.archdaily.cl%2Fcl%2F1036458%2Fcasa-masa-y-luz-estudio-i&amp;media=https%3A%2F%2Fimages.adsttc.com%2Fmedia%2Fimages%2F6928%2F5e34%2F077a%2F1100%2F0123%2F4f82%2Flarge_jpg%2FArq_Casa_3_01.jpg%3F1764253341&amp;description=Casa%20Masa%20y%20Luz%20%2F%20Estudio%20i\" rel=\"nofollow noopener\" target=\"_blank\"><\/a>\n<p>Pinterest<\/p>\n<\/li>\n<li class=\"afd-share__social\"><a aria-label=\"Whatsapp\" class=\"afd-share__button\" data-action=\"share\/whatsapp\/share\" data-insights-category=\"share\" data-insights-label=\"whatsapp_sharing_options\" data-insights-value=\"1036458\" data-social=\"whatsapp\" href=\"whatsapp:\/\/send?text=Casa+Masa+y+Luz+%2F+Estudio+i+%7C+https%3A%2F%2Fwww.archdaily.cl%2Fcl%2F1036458%2Fcasa-masa-y-luz-estudio-i%3Futm_source%3DWhatsapp%26utm_medium%3DIM%26utm_campaign%3Dshare-button\" rel=\"nofollow\"><\/a>\n<p>Whatsapp<\/p>\n<\/li>\n<\/ul>\n<p>O<\/p>\n<p>https:\/\/www.archdaily.cl\/cl\/1036458\/casa-masa-y-luz-estudio-i<\/p>\n<p>  Portapapeles<\/p>\n<p>              \u00abCOPY\u00bb<\/p>\n<p>Copiar<\/p>\n<ul class=\"afd-char-list afd-specs__item-container js-char-list\">\n<li class=\"afd-specs__item\">\n<\/li>\n<li class=\"afd-specs__item\">\n  \u00c1rea<br \/>\n  \u00c1rea del proyecto de arquitectura <\/p>\n<p>\u00c1rea:\u00a0<br \/>\n        <a href=\"https:\/\/www.archdaily.cl\/search\/cl\/projects\/min_area\/205\/max_area\/308?ad_name=project-specs&amp;ad_medium=single\" rel=\"nofollow noopener\" target=\"_blank\">257<\/a> m\u00b2<\/li>\n<li class=\"afd-specs__item\">\n<p>  A\u00f1o<br \/>\n  A\u00f1o del Proyecto de arquitectura<\/p>\n<p>            A\u00f1o:\u00a0<\/p>\n<p>                    <a href=\"https:\/\/www.archdaily.cl\/search\/cl\/projects\/year\/2024?ad_name=project-specs&amp;ad_medium=single\" rel=\"nofollow noopener\" target=\"_blank\"><br \/>\n          2024<br \/>\n        <\/a><\/p>\n<\/li>\n<li class=\"afd-specs__item\">\n<p>  Fot\u00f3grafos<\/p>\n<\/li>\n<li class=\"afd-specs__item\">\n<p>  Proveedores<br \/>\n  Marcas y productos usados en este proyecto de arquitectura<\/p>\n<\/li>\n<\/ul>\n<p><a class=\"js-image-size__link lazy-anchor\" href=\"https:\/\/www.archdaily.cl\/cl\/1036458\/casa-masa-y-luz-estudio-i\/69285e34077a110001234f84-casa-masa-y-luz-estudio-i-foto\" rel=\"nofollow noopener\" target=\"_blank\"><img decoding=\"async\" alt=\"Casa Masa y Luz \/ Estudio i - Fotograf\u00eda exterior, Ladrillo\" data-nr-picture-id=\"69285e34077a110001234f84\" height=\"427\" itemprop=\"image\" loading=\"lazy\" longdesc=\"https:\/\/www.archdaily.cl\/cl\/1036458\/casa-masa-y-luz-estudio-i\/69285e34077a110001234f84-casa-masa-y-luz-estudio-i-foto\" src=\"https:\/\/www.europesays.com\/es\/wp-content\/uploads\/2025\/11\/Arq_casa_3_03.jpg\" width=\"640\"\/>\u00a9 Mat\u00edas Garc\u00eda-Huidobro<\/a><\/p>\n<p>Descripci\u00f3n enviada por el equipo del proyecto. Explorando la dualidad entre solidez y permeabilidad, esta casa es una b\u00fasqueda conceptual centrada en crear una arquitectura de fuerte presencia tect\u00f3nica: una volumetr\u00eda casi monol\u00edtica, que al mismo tiempo responde a la necesidad de espacios interiores inundados de luz y en di\u00e1logo constante con el exterior.<\/p>\n<p><a class=\"js-image-size__link lazy-anchor\" href=\"https:\/\/www.archdaily.cl\/cl\/1036458\/casa-masa-y-luz-estudio-i\/69285e37077a110001234f96-casa-masa-y-luz-estudio-i-foto\" rel=\"nofollow noopener\" target=\"_blank\"><img decoding=\"async\" alt=\"Casa Masa y Luz \/ Estudio i - Imagen 2 de 28\" data-nr-picture-id=\"69285e37077a110001234f96\" height=\"427\" itemprop=\"image\" loading=\"lazy\" longdesc=\"https:\/\/www.archdaily.cl\/cl\/1036458\/casa-masa-y-luz-estudio-i\/69285e37077a110001234f96-casa-masa-y-luz-estudio-i-foto\" src=\"https:\/\/www.europesays.com\/es\/wp-content\/uploads\/2025\/11\/Arq_casa_3_21.jpg\" width=\"640\"\/>\u00a9 Mat\u00edas Garc\u00eda-Huidobro<\/a><\/p>\n<p>La materialidad es la protagonista. La envolvente del proyecto est\u00e1 revestida completamente en ladrillo, confiri\u00e9ndole un car\u00e1cter s\u00f3lido, atemporal y una textura que dialoga con la luz a lo largo del d\u00eda. Esta imagen de robustez se contrapone deliberadamente con la estrategia de apertura.<\/p>\n<p><a class=\"js-image-size__link lazy-anchor\" href=\"https:\/\/www.archdaily.cl\/cl\/1036458\/casa-masa-y-luz-estudio-i\/69285e37077a110001234f95-casa-masa-y-luz-estudio-i-foto\" rel=\"nofollow noopener\" target=\"_blank\"><img decoding=\"async\" alt=\"Casa Masa y Luz \/ Estudio i - Fotograf\u00eda interior, Sala de estar, Madera, Ladrillo, Iluminaci\u00f3n\" data-nr-picture-id=\"69285e37077a110001234f95\" height=\"427\" itemprop=\"image\" loading=\"lazy\" longdesc=\"https:\/\/www.archdaily.cl\/cl\/1036458\/casa-masa-y-luz-estudio-i\/69285e37077a110001234f95-casa-masa-y-luz-estudio-i-foto\" src=\"https:\/\/www.europesays.com\/es\/wp-content\/uploads\/2025\/11\/Arq_casa_3_20.jpg\" width=\"640\"\/>\u00a9 Mat\u00edas Garc\u00eda-Huidobro<\/a><\/p>\n<p>El desaf\u00edo fue perforar esta masa para disolver los l\u00edmites entre el interior y el jard\u00edn. Para lograrlo, el dise\u00f1o se articula en torno a grandes vanos y una integraci\u00f3n visual total con el paisaje. Lejos de ser una caja cerrada, la vivienda se abre en sus puntos estrat\u00e9gicos. Un elemento clave para esta transparencia son los grandes ventanales correderos de triple hoja. Este sistema permite liberar dos tercios del vano, desmaterializando eficazmente las esquinas y transformando las \u00e1reas comunes en una terraza cubierta, fusionando la vida interior con el jard\u00edn de manera fluida.<\/p>\n<p><a class=\"js-image-size__link lazy-anchor\" href=\"https:\/\/www.archdaily.cl\/cl\/1036458\/casa-masa-y-luz-estudio-i\/69285e36077a110001234f8e-casa-masa-y-luz-estudio-i-foto\" rel=\"nofollow noopener\" target=\"_blank\"><img decoding=\"async\" alt=\"Casa Masa y Luz \/ Estudio i - Imagen 4 de 28\" data-nr-picture-id=\"69285e36077a110001234f8e\" height=\"427\" itemprop=\"image\" loading=\"lazy\" longdesc=\"https:\/\/www.archdaily.cl\/cl\/1036458\/casa-masa-y-luz-estudio-i\/69285e36077a110001234f8e-casa-masa-y-luz-estudio-i-foto\" src=\"https:\/\/www.europesays.com\/es\/wp-content\/uploads\/2025\/11\/Arq_casa_3_13.jpg\" width=\"640\"\/>\u00a9 Mat\u00edas Garc\u00eda-Huidobro<\/a><\/p>\n<p>La relaci\u00f3n con el entorno se media a trav\u00e9s de elementos de control pasivo. Se han incorporado celos\u00edas, aleros y otros elementos de protecci\u00f3n solar que tamizan la luz directa, generando atm\u00f3sferas interiores din\u00e1micas y protegiendo del asoleamiento excesivo sin sacrificar las vistas. El programa privado culmina en el dormitorio principal, que se proyecta hacia el paisaje a trav\u00e9s de una gran terraza privada. Este espacio se concibe como una habitaci\u00f3n exterior, un gesto arquitect\u00f3nico que busca activamente llevar el exterior al interior y dotar al habitante de un lugar de contemplaci\u00f3n que es, a la vez, \u00edntimo y expansivo.<\/p>\n<p><a class=\"js-image-size__link lazy-anchor\" href=\"https:\/\/www.archdaily.cl\/cl\/1036458\/casa-masa-y-luz-estudio-i\/69285e37077a110001234f99-casa-masa-y-luz-estudio-i-foto\" rel=\"nofollow noopener\" target=\"_blank\"><img decoding=\"async\" alt=\"Casa Masa y Luz \/ Estudio i - Fotograf\u00eda interior, Cocina, Encimera, Madera, Iluminaci\u00f3n, Mesas, Sillas\" data-nr-picture-id=\"69285e37077a110001234f99\" height=\"427\" itemprop=\"image\" loading=\"lazy\" longdesc=\"https:\/\/www.archdaily.cl\/cl\/1036458\/casa-masa-y-luz-estudio-i\/69285e37077a110001234f99-casa-masa-y-luz-estudio-i-foto\" src=\"https:\/\/www.europesays.com\/es\/wp-content\/uploads\/2025\/11\/Arq_casa_3_24.jpg\" width=\"640\"\/>\u00a9 Mat\u00edas Garc\u00eda-Huidobro<\/a><\/p>\n<p>El resultado es una vivienda que equilibra su potente presencia material con una experiencia espacial luminosa, abierta e integrada con el paisaje.<\/p>\n<p><a class=\"js-image-size__link lazy-anchor\" href=\"https:\/\/www.archdaily.cl\/cl\/1036458\/casa-masa-y-luz-estudio-i\/69285e36077a110001234f89-casa-masa-y-luz-estudio-i-foto\" rel=\"nofollow noopener\" target=\"_blank\"><img decoding=\"async\" alt=\"Casa Masa y Luz \/ Estudio i - Fotograf\u00eda exterior\" data-nr-picture-id=\"69285e36077a110001234f89\" height=\"427\" itemprop=\"image\" loading=\"lazy\" longdesc=\"https:\/\/www.archdaily.cl\/cl\/1036458\/casa-masa-y-luz-estudio-i\/69285e36077a110001234f89-casa-masa-y-luz-estudio-i-foto\" src=\"https:\/\/www.europesays.com\/es\/wp-content\/uploads\/2025\/11\/Arq_casa_3_08.jpg\" width=\"640\"\/>\u00a9 Mat\u00edas Garc\u00eda-Huidobro<\/a><script async src=\"https:\/\/platform.twitter.com\/widgets.js\" charset=\"utf-8\"><\/script><\/p>\n","protected":false},"excerpt":{"rendered":"\u00a9 Mat\u00edas Garc\u00eda-Huidobro Compartir Compartir Facebook Twitter Mail Pinterest Whatsapp O https:\/\/www.archdaily.cl\/cl\/1036458\/casa-masa-y-luz-estudio-i Portapapeles \u00abCOPY\u00bb Copiar \u00c1rea \u00c1rea del&hellip;\n","protected":false},"author":2,"featured_media":262927,"comment_status":"","ping_status":"","sticky":false,"template":"","format":"standard","meta":{"footnotes":""},"categories":[173],"tags":[801,802,229,233,231,230,3738,232,234,146,147,25,24,65439,23],"class_list":{"0":"post-262926","1":"post","2":"type-post","3":"status-publish","4":"format-standard","5":"has-post-thumbnail","7":"category-arte-y-diseno","8":"tag-arquitectura","9":"tag-arquitectura-residencial","10":"tag-arte","11":"tag-arte-y-diseno","12":"tag-arts","13":"tag-arts-and-design","14":"tag-casas","15":"tag-design","16":"tag-diseno","17":"tag-entertainment","18":"tag-entretenimiento","19":"tag-es","20":"tag-espana","21":"tag-las-condes","22":"tag-spain"},"share_on_mastodon":{"url":"https:\/\/pubeurope.com\/@es\/115636053638689869","error":""},"_links":{"self":[{"href":"https:\/\/www.europesays.com\/es\/wp-json\/wp\/v2\/posts\/262926","targetHints":{"allow":["GET"]}}],"collection":[{"href":"https:\/\/www.europesays.com\/es\/wp-json\/wp\/v2\/posts"}],"about":[{"href":"https:\/\/www.europesays.com\/es\/wp-json\/wp\/v2\/types\/post"}],"author":[{"embeddable":true,"href":"https:\/\/www.europesays.com\/es\/wp-json\/wp\/v2\/users\/2"}],"replies":[{"embeddable":true,"href":"https:\/\/www.europesays.com\/es\/wp-json\/wp\/v2\/comments?post=262926"}],"version-history":[{"count":0,"href":"https:\/\/www.europesays.com\/es\/wp-json\/wp\/v2\/posts\/262926\/revisions"}],"wp:featuredmedia":[{"embeddable":true,"href":"https:\/\/www.europesays.com\/es\/wp-json\/wp\/v2\/media\/262927"}],"wp:attachment":[{"href":"https:\/\/www.europesays.com\/es\/wp-json\/wp\/v2\/media?parent=262926"}],"wp:term":[{"taxonomy":"category","embeddable":true,"href":"https:\/\/www.europesays.com\/es\/wp-json\/wp\/v2\/categories?post=262926"},{"taxonomy":"post_tag","embeddable":true,"href":"https:\/\/www.europesays.com\/es\/wp-json\/wp\/v2\/tags?post=262926"}],"curies":[{"name":"wp","href":"https:\/\/api.w.org\/{rel}","templated":true}]}}