{"id":262928,"date":"2025-11-30T01:29:12","date_gmt":"2025-11-30T01:29:12","guid":{"rendered":"https:\/\/www.europesays.com\/es\/262928\/"},"modified":"2025-11-30T01:29:12","modified_gmt":"2025-11-30T01:29:12","slug":"bailando-con-las-estrellas-escoge-a-su-ganador-en-una-final-de-vertigo","status":"publish","type":"post","link":"https:\/\/www.europesays.com\/es\/262928\/","title":{"rendered":"&#8216;Bailando con las estrellas&#8217; escoge a su ganador en una final de v\u00e9rtigo"},"content":{"rendered":"<p><a class=\"v-mdl-ath__fig-a\" href=\"https:\/\/www.lasprovincias.es\/autor\/tamara-villena-3279.html\" title=\"Tamara Villena\" rel=\"nofollow noopener\" target=\"_blank\"><br \/>\n<img decoding=\"async\" class=\"v-mdl-ath__img\" src=\"https:\/\/www.europesays.com\/es\/wp-content\/uploads\/2025\/09\/1757147648_165_autor-3279-foto-2.jpeg\" alt=\"Tamara Villena\"\/><br \/>\n<\/a><\/p>\n<p class=\"v-mdl-ath__p v-mdl-ath__p--6\">\nDomingo, 30 de noviembre 2025, 00:53<\/p>\n<p class=\"v-p\"><a href=\"https:\/\/www.lasprovincias.es\/culturas\/tv\/mikel-labastida-cara-cruz-20251129000349-ntrc.html\" data-voc-vtm-id=\"in-text-traffic\" title=\"Telecinco\" rel=\"nofollow noopener\" target=\"_blank\">Telecinco<\/a> dice adi\u00f3s a una de sus grandes bazas de la temporada, una despedida que no termina de llegar en buen momento para Mediaset dada la crisis de audiencia por la que pasa la cadena. Con<a href=\"https:\/\/www.lasprovincias.es\/culturas\/tv\/gran-hermano-fulmina-nuevo-concursante-20251127004905-nt.html\" data-voc-vtm-id=\"in-text-traffic\" title=\" &#039;Gran Hermano&#039; \" rel=\"nofollow noopener\" target=\"_blank\"> &#8216;Gran Hermano&#8217; <\/a>muy por debajo de las cifras de &#8216;share&#8217; esperadas, a Telecinco no le queda otra que seguir tirando de &#8216;La Isla de las tentaciones&#8217; para conseguir la atenci\u00f3n de los telesoectadores, que ahora se despiden tambi\u00e9n de los famosos sobre la pista de baile. <\/p>\n<p class=\"v-p\">&#8216;Bailando con las estrellas&#8217; afrontaba este s\u00e1bado su gran final tras una edici\u00f3n marcada por las tensiones y rivalidades entre los propios participantes y unas actuaciones de notable nivel. Despu\u00e9s de algunas idas y venidas y de n\u00fameros que han conseguido conquistar a jurado y audiencia, finalmente eran cuatro los concursantes que consegu\u00edan llegar al \u00faltimo programa para demostrar que han aprendido a bailar casi como profesionales. <\/p>\n<p class=\"v-p\">Nona Sobo, Jorge Gonz\u00e1lez, Anabel Pantoja y Nerea Rodr\u00edguez se proclamaban finalistas de esta edici\u00f3n de &#8216;Bailando con las estrellas&#8217; y han luchado por alzarse con el t\u00edtulo en la gran final del concurso tras tres meses de trabajo y duros ensayos. <\/p>\n<p><a href=\"http:\/\/www.lasprovincias.es\/culturas\/tv\/edicion-aprendido-sabemos-amor-pareja-20251125002828-ntrc.html#vtm_modulosEngag=mod-rel:culturas:noticia:1:cmp:1-not\" class=\"v-a-link\" aria-label=\"Imagen\" rel=\"nofollow noopener\" target=\"_blank\"><\/p>\n<p><img decoding=\"async\" loading=\"lazy\" src=\"https:\/\/www.europesays.com\/es\/wp-content\/uploads\/2025\/11\/sandra-barneda-kS7B--366x256@RC.jpg\" class=\"v-a-img\" width=\"258\" height=\"180\" alt=\"\" data-voc-vtm-id=\"in-text-traffic\"\/><\/p>\n<p><\/a><\/p>\n<p class=\"v-p\">Nerea y Jorge han sido los primeros finalistas en conquistar al jurado por completo durante sus primeras actuaciones de la noche, con las que ambos consegu\u00edan un pleno de dieces en el momento de las valoraciones. La &#8216;triunfita&#8217; consegu\u00eda otro pleno m\u00e1s tarde con una actuaci\u00f3n que ha dejado al jurado sin palabras y al p\u00fablico completamente emocionado, tras realizar un intenso baile lleno de acrobacias al ritmo de &#8216;Bring me back to life&#8217; de Evanesence. <\/p>\n<p>Reporta un error<\/p>\n","protected":false},"excerpt":{"rendered":"Domingo, 30 de noviembre 2025, 00:53 Telecinco dice adi\u00f3s a una de sus grandes bazas de la temporada,&hellip;\n","protected":false},"author":2,"featured_media":262929,"comment_status":"","ping_status":"","sticky":false,"template":"","format":"standard","meta":{"footnotes":""},"categories":[171],"tags":[15762,146,147,25,62237,24,782,1058,5138,23,214,30183],"class_list":{"0":"post-262928","1":"post","2":"type-post","3":"status-publish","4":"format-standard","5":"has-post-thumbnail","7":"category-tv","8":"tag-bailando","9":"tag-entertainment","10":"tag-entretenimiento","11":"tag-es","12":"tag-escoge","13":"tag-espana","14":"tag-estrellas","15":"tag-final","16":"tag-ganador","17":"tag-spain","18":"tag-tv","19":"tag-vertigo"},"share_on_mastodon":{"url":"https:\/\/pubeurope.com\/@es\/115636061549465140","error":""},"_links":{"self":[{"href":"https:\/\/www.europesays.com\/es\/wp-json\/wp\/v2\/posts\/262928","targetHints":{"allow":["GET"]}}],"collection":[{"href":"https:\/\/www.europesays.com\/es\/wp-json\/wp\/v2\/posts"}],"about":[{"href":"https:\/\/www.europesays.com\/es\/wp-json\/wp\/v2\/types\/post"}],"author":[{"embeddable":true,"href":"https:\/\/www.europesays.com\/es\/wp-json\/wp\/v2\/users\/2"}],"replies":[{"embeddable":true,"href":"https:\/\/www.europesays.com\/es\/wp-json\/wp\/v2\/comments?post=262928"}],"version-history":[{"count":0,"href":"https:\/\/www.europesays.com\/es\/wp-json\/wp\/v2\/posts\/262928\/revisions"}],"wp:featuredmedia":[{"embeddable":true,"href":"https:\/\/www.europesays.com\/es\/wp-json\/wp\/v2\/media\/262929"}],"wp:attachment":[{"href":"https:\/\/www.europesays.com\/es\/wp-json\/wp\/v2\/media?parent=262928"}],"wp:term":[{"taxonomy":"category","embeddable":true,"href":"https:\/\/www.europesays.com\/es\/wp-json\/wp\/v2\/categories?post=262928"},{"taxonomy":"post_tag","embeddable":true,"href":"https:\/\/www.europesays.com\/es\/wp-json\/wp\/v2\/tags?post=262928"}],"curies":[{"name":"wp","href":"https:\/\/api.w.org\/{rel}","templated":true}]}}