{"id":262930,"date":"2025-11-30T01:32:08","date_gmt":"2025-11-30T01:32:08","guid":{"rendered":"https:\/\/www.europesays.com\/es\/262930\/"},"modified":"2025-11-30T01:32:08","modified_gmt":"2025-11-30T01:32:08","slug":"nadie-frena-a-messi-diario-as","status":"publish","type":"post","link":"https:\/\/www.europesays.com\/es\/262930\/","title":{"rendered":"Nadie frena a Messi &#8211; Diario AS"},"content":{"rendered":"<ol>\n<li><a href=\"https:\/\/news.google.com\/rss\/articles\/CBMidEFVX3lxTE5NaEs5dnVxdjZkdjZpTTFCR2xWTWxkREpKTlJMVm54NlJOR0QxMkppMkNKaU5mSjVDdHVhcWlNbjNBdnFMSGRQMThjeXZlUWFQZnZTckc2RE9DNldORVAtRFJ3M3FmdTVxNE9FMjk3a0h6Vjgy0gGIAUFVX3lxTE9TMlp1aHhjVEZoOGItMFY1ZHdfbVQ1NXJhRExLQjBZMXVOcnFIbko2UkcwSHI1Z2E4cmZGb1ZhZEZUdjQ3eUN4eGZqNGJ5clVWWFV4d1A2c1JNeGZXZi0xTnpQSVpQRVB2cUhUbExNQVlENGpKNVAyYnhtbTRVb2JRd21aU05SVF8?oc=5\" target=\"_blank\" rel=\"nofollow noopener\">Nadie frena a Messi<\/a>&nbsp;&nbsp;Diario AS<\/li>\n<li><a href=\"https:\/\/news.google.com\/rss\/articles\/CBMitgFBVV95cUxObDJxN3RJX0NoSWkwdFctQXRJQ0dZN1ExZ3huOEp3aW5sUE5VeUxNdGV2a2owQWJwMWs4NmhLNWlXSllmd2YzUGFfc29CRzE0ZUszVEJjc2hKcUc5a1MyTU9kMVNkTzk4RHAwcUlaQ2pTY1ZnMXZXWGVtMlBFMV8zLXBjOFRKeUpNVVdULWtlc0w1ZUEycC1sVVhQY3JCN2EzTHROb3lOU25LOXA5eUNhZHh4NkhMUdIBygFBVV95cUxQTVBpUmlZdHhLaHBlYTRXRUV2dmdhYUpLVGZldXk0Y2plNVRyczFBQ2ctQWdWNmd1SlQxeG1aaG5TRVVreWMzRGlWeWI4TFlGaklwdE5RTDRCaHRoUzgzeFZBc2xQa2RIb3NuY1dHbGRIN09xa0ZkbWtIMkJUOTdUVGtPTlhCZy1LZGluVzVmRllvSy11VTJ5cUZDUXZqdWdJVHhOTVZJYVA5eGlUeEJ0cE1hVEdZVXoxWTZwRlh0R3RyNGV0SDlPSkpn?oc=5\" target=\"_blank\" rel=\"nofollow noopener\">Inter Miami &#8211; NYC FC, en vivo: Messi en la Final de Conferencia Este, hoy, en directo<\/a>&nbsp;&nbsp;Diario AS<\/li>\n<li><a href=\"https:\/\/news.google.com\/rss\/articles\/CBMiqgFBVV95cUxQVWlsVUN5UnpyZlk4ZjgtdXJTRjhsN1lPa1dLUU1LZW1obFhMNmRHWFVXQ04zQUp4XzRhc0hMRnd2dWFUVFJUcW1PbWhHd2stb0tTaDFkMG1VOVI3Z1FCekdnXzNKdjgtTkRMaXVBVUNYZmtpRms5UFpiUnZRUWFjdTlrRF83aF9WdGs3endZY0ZxT1VIcURsQVY5T3BrMkc3Zm4yOXEtbFJPZ9IBqgFBVV95cUxOR3Q3RUFQbk40bmJyNHNyQ0VhV2RSYW1rYWtzS1VNVFltSm1QZFV0ZUVrNHh6cVdyaEdiR2tYY1lLUU9fMk1hRGVIRUZDX0JfWlo0RjhtNF9fV3BadzA0cnJoazRuQVU2YXZadmt1VUJBbjY0dG92M1FxdVBVRWRWb0FSS2tmUV8zSlBQdWFHbUs4bmpyX1VIWnlVcnZtZzlxRlE5U2tCdjViQQ?oc=5\" target=\"_blank\" rel=\"nofollow noopener\">Inter Miami golea, jugar\u00e1 la final\u00edsima de la MLS&#8230; y sigue el sue\u00f1o de &#8216;Busi&#8217; y Alba<\/a>&nbsp;&nbsp;MARCA<\/li>\n<li><a href=\"https:\/\/news.google.com\/rss\/articles\/CBMisAFBVV95cUxNZ0FrUUllMEQ3SERTZzVvSUp4UzFGODlVY1h1LTl4SndxVmd5ek1hN2IzQ2Z2Zm1DeHZXMUxqZGxlU2tiNUEyWWFXeEg1dUtYUjJZdXFiQkJqd25UOXRRQnNSelgxU2QtcUtiUlVZYlV2bzNKWEZZd2ZWenQ0Rm9tV25VQ2ZkNk5sY2w3dHVCQUpzMUxzVjJlY0xLMU9YMkVqNk1CR0YzMVRlaXBzd3ZtZg?oc=5\" target=\"_blank\" rel=\"nofollow noopener\">Ni Mbapp\u00e9, Haaland ni Kane le siguen el ritmo a Messi<\/a>&nbsp;&nbsp;MSN<\/li>\n<li><a href=\"https:\/\/news.google.com\/rss\/articles\/CBMi5wFBVV95cUxQNU9wU290dzRJQm1ZY0M2bHdSZG5WQUJhMGNGRmlwem9ZcXYxd2NZMXhTX1BheDdYWlY2azM0R05aLS1qVDNPQVBpWURZVHZFNGpsVVJEWEtieVVLeWNTLUNPZzdScEJKRDRfM1JNSWhtN0RVYjM2UVFFakRseTdnTUxNRW5kMnRtNTFRSUc0YkQwYTJOV3pmS0ZCeHZzMklOTFFFbkpXTGdFblRjM1dFMUo1dmRMR04wakp2WllXZFJWNU1JM1Y0Y1VQM2xGVVNONGs4YTAyeE1xd0tLZXlXRU9pMGM1UzTSAfQBQVVfeXFMT3pqTTJjN3Fsai1UTU1oSklycHBTZmZFY05UMmNIcnJhS21iS0dYZVVvTTlzdUtGNVQxcmZxWk9hQTdzMXVqdVFHckpaa3o3N1BFSFBaVUduUFNSSjA4N2lwWWJaTkpjajV6d3JmWS0zYWNVOFVXWmc1QVJzZU5tekdsc3RLa1FIU3hsaHhheGlhakhoMnE5djFLSG02bUppcENVN01ITEREcjFKX1RKdElJVVVQcVRfMjJwUEQ4RVdLVG5hUld4Mm5HSTZsV2tVMVpLdml4S2d3NE4tczRzM2RHY3Z3ZkFQb1NQRnAwRk1iNmQ2SQ?oc=5\" target=\"_blank\" rel=\"nofollow noopener\">Inter Miami &#8211; New York City, en directo | MLS: final de la Conferencia Este<\/a>&nbsp;&nbsp;Mundo Deportivo<\/li>\n<\/ol>\n","protected":false},"excerpt":{"rendered":"Nadie frena a Messi&nbsp;&nbsp;Diario AS Inter Miami &#8211; NYC FC, en vivo: Messi en la Final de Conferencia&hellip;\n","protected":false},"author":2,"featured_media":262931,"comment_status":"","ping_status":"","sticky":false,"template":"","format":"standard","meta":{"footnotes":""},"categories":[93],"tags":[168,25,24,23,167],"class_list":{"0":"post-262930","1":"post","2":"type-post","3":"status-publish","4":"format-standard","5":"has-post-thumbnail","7":"category-deportes","8":"tag-deportes","9":"tag-es","10":"tag-espana","11":"tag-spain","12":"tag-sports"},"share_on_mastodon":{"url":"https:\/\/pubeurope.com\/@es\/115636072811576437","error":""},"_links":{"self":[{"href":"https:\/\/www.europesays.com\/es\/wp-json\/wp\/v2\/posts\/262930","targetHints":{"allow":["GET"]}}],"collection":[{"href":"https:\/\/www.europesays.com\/es\/wp-json\/wp\/v2\/posts"}],"about":[{"href":"https:\/\/www.europesays.com\/es\/wp-json\/wp\/v2\/types\/post"}],"author":[{"embeddable":true,"href":"https:\/\/www.europesays.com\/es\/wp-json\/wp\/v2\/users\/2"}],"replies":[{"embeddable":true,"href":"https:\/\/www.europesays.com\/es\/wp-json\/wp\/v2\/comments?post=262930"}],"version-history":[{"count":0,"href":"https:\/\/www.europesays.com\/es\/wp-json\/wp\/v2\/posts\/262930\/revisions"}],"wp:featuredmedia":[{"embeddable":true,"href":"https:\/\/www.europesays.com\/es\/wp-json\/wp\/v2\/media\/262931"}],"wp:attachment":[{"href":"https:\/\/www.europesays.com\/es\/wp-json\/wp\/v2\/media?parent=262930"}],"wp:term":[{"taxonomy":"category","embeddable":true,"href":"https:\/\/www.europesays.com\/es\/wp-json\/wp\/v2\/categories?post=262930"},{"taxonomy":"post_tag","embeddable":true,"href":"https:\/\/www.europesays.com\/es\/wp-json\/wp\/v2\/tags?post=262930"}],"curies":[{"name":"wp","href":"https:\/\/api.w.org\/{rel}","templated":true}]}}