{"id":262932,"date":"2025-11-30T01:34:12","date_gmt":"2025-11-30T01:34:12","guid":{"rendered":"https:\/\/www.europesays.com\/es\/262932\/"},"modified":"2025-11-30T01:34:12","modified_gmt":"2025-11-30T01:34:12","slug":"a-estas-alturas-no-lo-esperaba","status":"publish","type":"post","link":"https:\/\/www.europesays.com\/es\/262932\/","title":{"rendered":"A estas alturas no lo esperaba"},"content":{"rendered":"<p class=\"paragraph\" id=\"paragraph_2\">Puede que <strong>Paco Arango<\/strong> (59 a\u00f1os) jam\u00e1s imaginara que iba a casarse en el umbral de sus 60 a\u00f1os. Pero el destino, que siempre es caprichoso, ha querido darle uno de los mayores regalos de su vida.<\/p>\n<p class=\"paragraph\" id=\"paragraph_3\">El fundador de la <strong>Fundaci\u00f3n Aladina<\/strong> ha encontrado la felicidad al lado de <strong>Bego\u00f1a Aguilera<\/strong>, a la que considera su <strong>\u00abalma gemela\u00bb. <\/strong>Tan a gusto se siente con ella que pasar\u00e1 por el altar.<\/p>\n<p class=\"paragraph\" id=\"paragraph_4\"><strong>\u00abEstoy muy feliz porque yo a estas alturas no me lo esperaba\u00bb,<\/strong> ha reconocido el empresario, que contraer\u00e1 matrimonio por primera vez en su vida. Y por la iglesia.<\/p>\n<p><img loading=\"lazy\" decoding=\"async\" alt=\"El actor Richard Gere y el alcalde de Murcia, Jos\u00e9 Ballesta, este viernes, con los ni\u00f1os y ni\u00f1as de Oncolog\u00eda Pedi\u00e1trica de La Arrixaca.\" height=\"180\" src=\"https:\/\/www.europesays.com\/es\/wp-content\/uploads\/2025\/11\/1003744035354_260222433_320x180.jpg\" width=\"320\" data-lazy-status=\"processed\" data-lazy-info=\"remove loading item 1\"\/><\/p>\n<p><img decoding=\"async\" alt=\"Paco Arango va a contraer matrimonio con Bego\u00f1a Aguilera, experta en fondos de inversi\u00f3n.\" data-imgm=\"true\" height=\"180\" loading=\"lazy\"  src=\"https:\/\/www.europesays.com\/es\/wp-content\/uploads\/2025\/11\/1003744035759_260227659_1024x576.jpg\"  width=\"320\"\/><\/p>\n<p>                                                            Paco Arango va a contraer matrimonio con Bego\u00f1a Aguilera, experta en fondos de inversi\u00f3n.<\/p>\n<p>                    GTRES<\/p>\n<p>\u00abMe la mand\u00f3 mi madre\u00bb<\/p>\n<p class=\"paragraph\" id=\"paragraph_5\">La noticia de su enlace, adelantada por el diario El Mundo, no deja de causar cierta sorpresa. Y es que el fil\u00e1ntropo, m\u00fasico, guionista y director de cine, <strong>nunca se ha casado hasta ahora.<\/strong><\/p>\n<p class=\"paragraph\" id=\"paragraph_6\">Arango, <strong>nacido en M\u00e9xico en Ciudad de M\u00e9xico en 1966<\/strong>, ha mantenido su <strong>solter\u00eda<\/strong> durante toda su vida. Tal como \u00e9l mismo ha declarado en varias ocasiones: \u00ab<strong>Soy el hombre de los mil hijos&#8230; y sin casarme<\/strong>\u00ab, refiri\u00e9ndose a los ni\u00f1os que atiende en su entidad sin \u00e1nimo de lucro.<\/p>\n<p class=\"paragraph\" id=\"paragraph_7\">Ahora se prepara para jurar amor eterno. Y en un altar, ante los ojos de Dios. Pronto dar\u00e1 el <strong>\u2018s\u00ed, quiero\u2019<\/strong> a su novia Bego\u00f1a, una <strong>experta en fondos de inversi\u00f3n,<\/strong> m\u00e1s joven que \u00e9l, y con la que lleva ya un tiempo.<\/p>\n<p class=\"paragraph\" id=\"paragraph_8\">Vasca de nacimiento al igual que su madre, <strong>Maite Garc\u00eda-Urtiaga,<\/strong> Bego\u00f1a naci\u00f3 en <strong>Bilbao. <\/strong>Paco Arango est\u00e1 convencido de que es un obsequio muy especial que le manda esta&#8230;<\/p>\n<p class=\"paragraph\" id=\"paragraph_10\">\u00abMi madre, que muri\u00f3 hace tres a\u00f1os, me dijo \u2018Paco, b\u00fascate una vasca que te cuide\u2019, porque ella era vasca\u2026 <strong>Me la mand\u00f3 mi madre desde el cielo\u00bb<\/strong>, ha destacado en el citado diario.<\/p>\n<p><img decoding=\"async\" alt=\"Paco Arango, con la infanta Elena, en un acto celebrado en 2023.\" data-imgm=\"true\" height=\"180\" loading=\"lazy\"  src=\"https:\/\/www.europesays.com\/es\/wp-content\/uploads\/2025\/11\/1003744035754_260227571_1024x576.jpg\"  width=\"320\"\/><\/p>\n<p>                                                            Paco Arango, con la infanta Elena, en un acto celebrado en 2023.<\/p>\n<p>                    GTRES<\/p>\n<p>Paco Arango, \u00abfeliz\u00bb<\/p>\n<p class=\"paragraph\" id=\"paragraph_11\">En alg\u00fan momento de su vida, Arango ha tenido sus reparos a la hora de pensar en el matrimonio. Sin embargo, ahora no tiene dudas. Ha encontrado el <strong>amor verdadero.<\/strong><\/p>\n<p class=\"paragraph\" id=\"paragraph_12\">Y es que cree que su progenitora ha movido sus hilos desde el m\u00e1s all\u00e1 para que su pareja se cruzara en su camino. Curiosamente, en el cuello de Bego\u00f1a luce el colgante de coraz\u00f3n que el fil\u00e1ntropo le regal\u00f3 a su madre. <\/p>\n<p class=\"paragraph\" id=\"paragraph_13\">Se trata de una pieza de la joyer\u00eda <strong>Christie\u2019s<\/strong> que lleva su prometida: \u00abVeo la mano de mi madre todo el tiempo y eso me hace feliz\u00bb.<\/p>\n<p class=\"paragraph\" id=\"paragraph_14\">En una entrevista reciente a Vanity Fair, Arango\u00a0ya hab\u00eda dado algunas pistas sobre la persona de sus sue\u00f1os: <strong>\u201cHe encontrado a mi partner. Se dedica a fondos de inversi\u00f3n. Es muy inteligente, humana.<\/strong> Hablamos el mismo idioma, tenemos mucha suerte de habernos conocido\u201d. <\/p>\n<p class=\"paragraph\" id=\"paragraph_15\"><strong>Bego\u00f1a Aguilera Navajas<\/strong>, tal y como destaca en su perfil de <strong>LinkedIn<\/strong>, trabaja desde el a\u00f1o 2021 como<strong> Head of Investor Relations &amp; ESG <\/strong>en <strong>Sherpa Capital<\/strong>, una firma de <strong>entidades de capital riesgo<\/strong> y <strong>capital privado<\/strong> formado por un equipo de 40 expertos que gestiona m\u00e1s de 350 millones de euros.<\/p>\n<p class=\"paragraph\" id=\"paragraph_16\">Mientras prepara los detalles de su inminente enlace, Paco Arango no para de trabajar. Esta misma semana, en su af\u00e1n por ayudar a los m\u00e1s desfavorecidos, ha logrado que <a href=\"https:\/\/www.elespanol.com\/personajes\/richard_gere\/?utm_cmp_rs=linksinline\" rel=\"noopener nofollow\" target=\"_blank\"><strong>Richard Gere<\/strong> <\/a>(76) se trasladara a <strong>Murcia<\/strong> para visitar <strong>el Hospital Virgen de la Arrixaca. <\/strong>All\u00ed ha colocado la primera piedra del <strong>Gimnasio Pedi\u00e1trico Aladina<\/strong>, que promueve la <strong>Fundaci\u00f3n Aladina,<\/strong> con un presupuesto de un mill\u00f3n de euros.<\/p>\n","protected":false},"excerpt":{"rendered":"Puede que Paco Arango (59 a\u00f1os) jam\u00e1s imaginara que iba a casarse en el umbral de sus 60&hellip;\n","protected":false},"author":2,"featured_media":262933,"comment_status":"","ping_status":"","sticky":false,"template":"","format":"standard","meta":{"footnotes":""},"categories":[91],"tags":[12168,146,147,25,24,256,5920,23],"class_list":{"0":"post-262932","1":"post","2":"type-post","3":"status-publish","4":"format-standard","5":"has-post-thumbnail","7":"category-entretenimiento","8":"tag-bodas-de-famosos","9":"tag-entertainment","10":"tag-entretenimiento","11":"tag-es","12":"tag-espana","13":"tag-famosos","14":"tag-filantropia","15":"tag-spain"},"share_on_mastodon":{"url":"https:\/\/pubeurope.com\/@es\/115636081334340590","error":""},"_links":{"self":[{"href":"https:\/\/www.europesays.com\/es\/wp-json\/wp\/v2\/posts\/262932","targetHints":{"allow":["GET"]}}],"collection":[{"href":"https:\/\/www.europesays.com\/es\/wp-json\/wp\/v2\/posts"}],"about":[{"href":"https:\/\/www.europesays.com\/es\/wp-json\/wp\/v2\/types\/post"}],"author":[{"embeddable":true,"href":"https:\/\/www.europesays.com\/es\/wp-json\/wp\/v2\/users\/2"}],"replies":[{"embeddable":true,"href":"https:\/\/www.europesays.com\/es\/wp-json\/wp\/v2\/comments?post=262932"}],"version-history":[{"count":0,"href":"https:\/\/www.europesays.com\/es\/wp-json\/wp\/v2\/posts\/262932\/revisions"}],"wp:featuredmedia":[{"embeddable":true,"href":"https:\/\/www.europesays.com\/es\/wp-json\/wp\/v2\/media\/262933"}],"wp:attachment":[{"href":"https:\/\/www.europesays.com\/es\/wp-json\/wp\/v2\/media?parent=262932"}],"wp:term":[{"taxonomy":"category","embeddable":true,"href":"https:\/\/www.europesays.com\/es\/wp-json\/wp\/v2\/categories?post=262932"},{"taxonomy":"post_tag","embeddable":true,"href":"https:\/\/www.europesays.com\/es\/wp-json\/wp\/v2\/tags?post=262932"}],"curies":[{"name":"wp","href":"https:\/\/api.w.org\/{rel}","templated":true}]}}