{"id":262938,"date":"2025-11-30T01:37:09","date_gmt":"2025-11-30T01:37:09","guid":{"rendered":"https:\/\/www.europesays.com\/es\/262938\/"},"modified":"2025-11-30T01:37:09","modified_gmt":"2025-11-30T01:37:09","slug":"leon-xiv-viaja-a-la-historia","status":"publish","type":"post","link":"https:\/\/www.europesays.com\/es\/262938\/","title":{"rendered":"Le\u00f3n XIV viaja a la historia"},"content":{"rendered":"<p class=\"voc-p\" style=\"\">El papado contempor\u00e1neo no se entender\u00eda sin los viajes de los pont\u00edfices que ponen en valor la universalidad, catolicidad, de la Iglesia y la compa\u00f1\u00eda de vida que forma parte del ejercicio del ministerio de Pedro, que preside a las comunidades cristianas en la caridad.  &#8230; Se est\u00e1 insistiendo, con raz\u00f3n, que este primer viaje apost\u00f3lico de Le\u00f3n XIV tiene como finalidad el encuentro interreligoso y el ecumenismo, la fe com\u00fan de los creyentes en un \u00fanico Dios que siembra paz y justicia en el mundo. <\/p>\n<p class=\"voc-p\" style=\"\"> Pero esa fe, cuyo contenido se expresa como propuesta de sentido, no ser\u00eda posible sin la historia, aunque la fe no es solo historia. <a href=\"https:\/\/www.abc.es\/sociedad\/papa-apoya-minoria-catolicos-turcos-vuestra-fuerza-20251128092829-nt.html\" rel=\"nofollow noopener\" target=\"_self\" data-voc-vtm-id=\"in-text-traffic\" title=\"Como dijo el Papa el viernes pasado\" data-mrf-link=\"www.abc.es\">Como dijo el Papa el viernes pasado<\/a> en la Catedral del Esp\u00edritu Santo de Estambul, \u00abla historia que nos antecede no es simplemente para recordar y despu\u00e9s archivar en un pasado glorioso, mientras observamos resignados c\u00f3mo la Iglesia cat\u00f3lica se ha reducido num\u00e9ricamente\u00bb. El motivo por el que el <a href=\"https:\/\/www.abc.es\/sociedad\/papa-reclama-erdogan-favorezca-dialogo-presencia-mujer-20251127152127-nt.html\" rel=\"nofollow noopener\" target=\"_self\" data-voc-vtm-id=\"in-text-traffic\" title=\"Papa viaja a Turqu\u00eda\" data-mrf-link=\"www.abc.es\">Papa viaja a Turqu\u00eda<\/a> y al L\u00edbano es el 1700 aniversario del Concilio ecum\u00e9nico de Nicea, \u00abcimiento en el camino de la Iglesia y de la humanidad entera\u00bb como escribiera el Papa Francisco. Hablar de Nicea implica referirnos a, como ha dicho Le\u00f3n XIV, \u00abla esencialidad de la fe cristiana entorno a la centralidad de Cristo y a la Tradici\u00f3n de la Iglesia\u00bb. <\/p>\n<p class=\"voc-p\" style=\"\">Volver a plantear en qu\u00e9 consiste la esencia del cristianismo, ser cristiano, y qu\u00e9 consecuencias tiene para la vida de las personas. El ser antes que el hacer; la identidad que fecunda la diversidad. Nicea no se entender\u00eda sin el proceso de Arrio, que se debi\u00f3 de la fe verdadera. Nicea no se entender\u00eda sin los defensores de la fe. Atanasio a\u00f1os despu\u00e9s escribi\u00f3: \u00abHe sabido que no s\u00f3lo os entristece mi exilio, sino sobre todo el hecho de que los otros, es decir los arrianos, se han apoderado de los templos por la violencia y entre tanto vosotros hab\u00e9is sido expulsados de esos lugares. Ellos, entonces, poseen los templos. Vosotros, en cambio, la tradici\u00f3n de la fe apost\u00f3lica\u00bb. Y Nicea no hubiera sido posible sin el emperador Constantino.<\/p>\n<p><img loading=\"lazy\" decoding=\"async\" width=\"530\" height=\"64\" class=\"logo-premium\" src=\"data:image\/gif;base64,R0lGODlhAQABAAAAACH5BAEKAAEALAAAAAABAAEAAAICTAEAOw==\" alt=\"ABC Premium\"\/><br \/>\nL\u00edmite de sesiones alcanzadas<\/p>\n<ul class=\"listado\">\n<li>El acceso al contenido Premium est\u00e1 abierto por cortes\u00eda del establecimiento donde te encuentras, pero ahora mismo hay demasiados usuarios conectados a la vez. Por favor, int\u00e9ntalo pasados unos minutos.<\/li>\n<\/ul>\n<p>Volver a intentar<\/p>\n<p><img loading=\"lazy\" decoding=\"async\" width=\"530\" height=\"64\" class=\"logo-premium\" src=\"data:image\/gif;base64,R0lGODlhAQABAAAAACH5BAEKAAEALAAAAAABAAEAAAICTAEAOw==\" alt=\"ABC Premium\"\/><br \/>\nHas superado el l\u00edmite de sesiones<\/p>\n<ul class=\"listado\">\n<li>S\u00f3lo puedes tener tres sesiones iniciadas a la vez. Hemos cerrado la sesi\u00f3n m\u00e1s antigua para que sigas navegando sin l\u00edmites en el resto.<\/li>\n<\/ul>\n<p>Sigue navegando<\/p>\n<p>\nArt\u00edculo solo para suscriptores\n<\/p>\n<p>Reportar un error<\/p>\n","protected":false},"excerpt":{"rendered":"El papado contempor\u00e1neo no se entender\u00eda sin los viajes de los pont\u00edfices que ponen en valor la universalidad,&hellip;\n","protected":false},"author":2,"featured_media":262939,"comment_status":"","ping_status":"","sticky":false,"template":"","format":"standard","meta":{"footnotes":""},"categories":[42],"tags":[17,18,13,14,11,448,61,62,63,64,19,20,4108,9,10,15,16,12,21,22,4127,65,66,67,37869],"class_list":{"0":"post-262938","1":"post","2":"type-post","3":"status-publish","4":"format-standard","5":"has-post-thumbnail","7":"category-internacional","8":"tag-breaking-news","9":"tag-breakingnews","10":"tag-featured-news","11":"tag-featurednews","12":"tag-headlines","13":"tag-historia","14":"tag-internacional","15":"tag-international","16":"tag-international-news","17":"tag-internationalnews","18":"tag-latest-news","19":"tag-latestnews","20":"tag-leon","21":"tag-news","22":"tag-noticias","23":"tag-noticias-destacadas","24":"tag-noticiasdestacadas","25":"tag-titulares","26":"tag-ultimas-noticias","27":"tag-ultimasnoticias","28":"tag-viaja","29":"tag-world","30":"tag-world-news","31":"tag-worldnews","32":"tag-xiv"},"share_on_mastodon":{"url":"https:\/\/pubeurope.com\/@es\/115636092569090440","error":""},"_links":{"self":[{"href":"https:\/\/www.europesays.com\/es\/wp-json\/wp\/v2\/posts\/262938","targetHints":{"allow":["GET"]}}],"collection":[{"href":"https:\/\/www.europesays.com\/es\/wp-json\/wp\/v2\/posts"}],"about":[{"href":"https:\/\/www.europesays.com\/es\/wp-json\/wp\/v2\/types\/post"}],"author":[{"embeddable":true,"href":"https:\/\/www.europesays.com\/es\/wp-json\/wp\/v2\/users\/2"}],"replies":[{"embeddable":true,"href":"https:\/\/www.europesays.com\/es\/wp-json\/wp\/v2\/comments?post=262938"}],"version-history":[{"count":0,"href":"https:\/\/www.europesays.com\/es\/wp-json\/wp\/v2\/posts\/262938\/revisions"}],"wp:featuredmedia":[{"embeddable":true,"href":"https:\/\/www.europesays.com\/es\/wp-json\/wp\/v2\/media\/262939"}],"wp:attachment":[{"href":"https:\/\/www.europesays.com\/es\/wp-json\/wp\/v2\/media?parent=262938"}],"wp:term":[{"taxonomy":"category","embeddable":true,"href":"https:\/\/www.europesays.com\/es\/wp-json\/wp\/v2\/categories?post=262938"},{"taxonomy":"post_tag","embeddable":true,"href":"https:\/\/www.europesays.com\/es\/wp-json\/wp\/v2\/tags?post=262938"}],"curies":[{"name":"wp","href":"https:\/\/api.w.org\/{rel}","templated":true}]}}