{"id":262940,"date":"2025-11-30T01:38:10","date_gmt":"2025-11-30T01:38:10","guid":{"rendered":"https:\/\/www.europesays.com\/es\/262940\/"},"modified":"2025-11-30T01:38:10","modified_gmt":"2025-11-30T01:38:10","slug":"la-primera-manifestacion-tras-la-dimision-de-mazon-pide-que-deje-el-acta-de-diputado-y-declare-ante-la-juez-de-catarroja","status":"publish","type":"post","link":"https:\/\/www.europesays.com\/es\/262940\/","title":{"rendered":"La primera manifestaci\u00f3n tras la dimisi\u00f3n de Maz\u00f3n pide que deje el acta de diputado y declare ante la juez de Catarroja"},"content":{"rendered":"<p style=\"\">La primera manifestaci\u00f3n tras la dimisi\u00f3n de<strong> Carlos Maz\u00f3n<\/strong> como presidente de la Generalitat ha recorrido este s\u00e1bado las calles del centro de <a href=\"https:\/\/www.abc.es\/espana\/comunidad-valenciana\/\" target=\"_blank\" data-voc-vtm-id=\"in-text-traffic\" title=\"Valencia\" data-mrf-link=\"www.abc.es\" rel=\"nofollow noopener\">Valencia<\/a> para reclamar que deje su acta de diputado y acuda a declarar ante la juez de Catarroja, que  &#8230; investiga la gesti\u00f3n de la dana del pasado 29 de octubre de 2024.<\/p>\n<p class=\"voc-p\" style=\"\">La <a href=\"https:\/\/www.abc.es\/espana\/comunidad-valenciana\/manifestacion-mazon-hoy-valencia-compras-navidenas-obligan-20251129121216-nt.html\" target=\"_blank\" data-voc-vtm-id=\"in-text-traffic\" title=\"protesta\" rel=\"nofollow noopener\">protesta<\/a>, convocada por m\u00e1s de 200 entidades sociales, ha solicitado que haya por parte del Consell y los altos cargos que cometieron \u00abnegligencias continuas\u00bb un \u00abreconocimiento de responsabilidades\u00bb por la tragedia de la dana que cost\u00f3 la vida a 229 personas. \u00ab<strong>No pararemos hasta que consigamos saber la verdad<\/strong>\u00bb, han clamado.<\/p>\n<p class=\"voc-p\" style=\"\">Las portavoces de las principales asociaciones de v\u00edctimas han encabezado la manifestaci\u00f3n que ha partido poco despu\u00e9s de las seis de la tarde de la confluencia de las calles de las Barcas y Poeta Querol y que ha concluido en la Porta de la Mar con la lectura del manifiesto.<\/p>\n<p class=\"voc-p\" style=\"\">Los asistentes han marchado tras una pancarta principal con el lema <strong>&#8216;Maz\u00f3n a pres\u00f3&#8217;<\/strong> y portan otras en las que se leen mensajes como &#8216;Consell dimisi\u00f3n&#8217;, &#8216;Menos mentiras y m\u00e1s justicia&#8217;, &#8216;No son muertos son asesinatos&#8217; o &#8216;Ni izquierdas ni derechas, queremos un gobierno que nos proteja&#8217;. <\/p>\n<p class=\"voc-p\" style=\"\">Preguntada por qu\u00e9 ha cambiado con la salida de Maz\u00f3n como jefe del Consell, la presidenta de la Asociaci\u00f3n de V\u00edctimas Mortales de la dana, <strong>Rosa \u00c1lvarez<\/strong>, ha remarcado que \u00ab\u00e9l ya no est\u00e1 como presidente, pero sigue como diputado auton\u00f3mico, manteniendo el acta y es muy curioso que no quiera acudir a la justicia ordinaria perdiendo as\u00ed una oportunidad, jug\u00e1ndosela toda una, en el Tribunal Superior de Justicia de la Comunidad Valenciana\u00bb. <\/p>\n<p class=\"voc-p\" style=\"\">\u00ab\u00bfPor qu\u00e9 solamente quiere quedarse con una oportunidad y, en el caso de perder, tener que ir a un recurso de casaci\u00f3n, que es complicado? Eso a nuestra asociaci\u00f3n nos da mucho que pensar\u00bb, ha planteado. Igualmente, ha recordado que, de momento se mantiene el mismo Consell y ha emplazado a ver los posibles cambios que introduzca el nuevo presidente, Juanfran P\u00e9rez Llorca.<\/p>\n<p class=\"voc-p\" style=\"\">As\u00ed, ha advertido de que mantener al portavoz del PP en las Cortes Valencianas, Nando Pastor, \u00abno es ning\u00fan puente de di\u00e1logo porque fue la persona que el d\u00eda que Maz\u00f3n acudi\u00f3 voluntariamente, como no pod\u00eda ser de otro modo, porque fue una comisi\u00f3n (de investigaci\u00f3n) ad hoc creada para \u00e9l, en Les Corts, nos dijo v\u00edctimas &#8216;v\u00edctimas VIP y con derecho a roce real&#8217;\u00bb. \u00abNo pudo ser m\u00e1s pornogr\u00e1fico, no pudo ser m\u00e1s miserable y eso no lo vamos a olvidar jam\u00e1s\u00bb, ha incidido.<\/p>\n<p class=\"voc-p\" style=\"\">\u00c1lvarez reconoce que <strong>\u00ablas formas\u00bb de P\u00e9rez Llorca son \u00abmuch\u00edsimo mejores<\/strong> y no es chulesco y prepotente como el anterior\u00bb, en referencia a Maz\u00f3n. \u00abAhora esperemos que esa letra que el otro d\u00eda nos dijo suene mejor, lo que pasa es que de mano de quien va es complicado\u00bb, ha dicho la portavoz de las v\u00edctimas, que ha reiterado al nuevo dirigente que no aceptar\u00e1n \u00abbrindis al sol\u00bb.<\/p>\n<p class=\"voc-p\" style=\"\">Por su parte, su parte, la portavoz de la Associaci\u00f3 de V\u00edctimes de la DANA 29 d&#8217;Octubre, <strong>Maril\u00f3 Gradol\u00ed<\/strong>, ha aseverado que hay que continuar con la movilizaci\u00f3n en la calle porque \u00abno se han asumido todas las responsabilidades\u00bb y lo que exigen es que Maz\u00f3n \u00abdeje el acta de diputado y vaya directamente al juzgado\u00bb. En la misma l\u00ednea, <strong>To\u00f1i Garc\u00eda<\/strong>, que perdi\u00f3 a su hija y marido en la barrancada, ha manifestado: \u00abAqu\u00ed estaremos hasta que consigamos saber la verdad que vamos conociendo con cuentagotas. Siguen mintiendo, queremos la verdad, justicia y reparaci\u00f3n para todos nuestros fallecidos\u00bb.<\/p>\n<p class=\"voc-p\" style=\"\">Noelia Pascual, portavoz de la Asociaci\u00f3n de Damnificados Horta Sud, ha recalcado por su parte que seguir\u00e1n \u00abacompa\u00f1ando a los familiares de los fallecidos y estar al lado de los supervivientes en esta carrera de fondo tan dura, pidiendo justicia y reconstrucci\u00f3n\u00bb. \u00abNo pararemos hasta que consigamos saber la verdad, Maz\u00f3n acabe en prisi\u00f3n y el Consell dimita ante las negligencias continuas\u00ab, ha zanjado.<\/p>\n","protected":false},"excerpt":{"rendered":"La primera manifestaci\u00f3n tras la dimisi\u00f3n de Carlos Maz\u00f3n como presidente de la Generalitat ha recorrido este s\u00e1bado&hellip;\n","protected":false},"author":2,"featured_media":262941,"comment_status":"","ping_status":"","sticky":false,"template":"","format":"standard","meta":{"footnotes":""},"categories":[8],"tags":[11321,1575,17,18,9865,65440,13196,11723,25945,25,24,13,14,11,1664,19,20,5087,1439,9,10,15,16,34,1078,23,12,575,21,22],"class_list":{"0":"post-262940","1":"post","2":"type-post","3":"status-publish","4":"format-standard","5":"has-post-thumbnail","7":"category-espana","8":"tag-acta","9":"tag-ante","10":"tag-breaking-news","11":"tag-breakingnews","12":"tag-catarroja","13":"tag-declare","14":"tag-deje","15":"tag-dimision","16":"tag-diputado","17":"tag-es","18":"tag-espana","19":"tag-featured-news","20":"tag-featurednews","21":"tag-headlines","22":"tag-juez","23":"tag-latest-news","24":"tag-latestnews","25":"tag-manifestacion","26":"tag-mazon","27":"tag-news","28":"tag-noticias","29":"tag-noticias-destacadas","30":"tag-noticiasdestacadas","31":"tag-pide","32":"tag-primera","33":"tag-spain","34":"tag-titulares","35":"tag-tras","36":"tag-ultimas-noticias","37":"tag-ultimasnoticias"},"share_on_mastodon":{"url":"https:\/\/pubeurope.com\/@es\/115636096492373189","error":""},"_links":{"self":[{"href":"https:\/\/www.europesays.com\/es\/wp-json\/wp\/v2\/posts\/262940","targetHints":{"allow":["GET"]}}],"collection":[{"href":"https:\/\/www.europesays.com\/es\/wp-json\/wp\/v2\/posts"}],"about":[{"href":"https:\/\/www.europesays.com\/es\/wp-json\/wp\/v2\/types\/post"}],"author":[{"embeddable":true,"href":"https:\/\/www.europesays.com\/es\/wp-json\/wp\/v2\/users\/2"}],"replies":[{"embeddable":true,"href":"https:\/\/www.europesays.com\/es\/wp-json\/wp\/v2\/comments?post=262940"}],"version-history":[{"count":0,"href":"https:\/\/www.europesays.com\/es\/wp-json\/wp\/v2\/posts\/262940\/revisions"}],"wp:featuredmedia":[{"embeddable":true,"href":"https:\/\/www.europesays.com\/es\/wp-json\/wp\/v2\/media\/262941"}],"wp:attachment":[{"href":"https:\/\/www.europesays.com\/es\/wp-json\/wp\/v2\/media?parent=262940"}],"wp:term":[{"taxonomy":"category","embeddable":true,"href":"https:\/\/www.europesays.com\/es\/wp-json\/wp\/v2\/categories?post=262940"},{"taxonomy":"post_tag","embeddable":true,"href":"https:\/\/www.europesays.com\/es\/wp-json\/wp\/v2\/tags?post=262940"}],"curies":[{"name":"wp","href":"https:\/\/api.w.org\/{rel}","templated":true}]}}