{"id":262942,"date":"2025-11-30T01:39:34","date_gmt":"2025-11-30T01:39:34","guid":{"rendered":"https:\/\/www.europesays.com\/es\/262942\/"},"modified":"2025-11-30T01:39:34","modified_gmt":"2025-11-30T01:39:34","slug":"leon-xiv-y-bartolome-nunca-usar-el-nombre-de-dios-para-justificar-guerras-y-violencia","status":"publish","type":"post","link":"https:\/\/www.europesays.com\/es\/262942\/","title":{"rendered":"Le\u00f3n XIV y Bartolom\u00e9: nunca usar el nombre de Dios para justificar guerras y violencia"},"content":{"rendered":"<p>El Papa Le\u00f3n XIV y el Patriarca Ecum\u00e9nico Bartolom\u00e9 I firmaron hoy una Declaraci\u00f3n Conjunta en Estambul en la que reafirman su compromiso con el camino hacia la plena comuni\u00f3n. El texto rechaza en\u00e9rgicamente cualquier uso de la religi\u00f3n para justificar la violencia y hace un llamamiento a la paz, al di\u00e1logo y al testimonio cristiano compartido.&#13;\n<\/p>\n<p><b>Vatican News<\/b><\/p>\n<p>En el tercer d\u00eda de su visita apost\u00f3lica a Turqu\u00eda, el Papa Le\u00f3n XIV se desplaz\u00f3 a la Iglesia Patriarcal de San Jorge en Estambul, donde se uni\u00f3 al Patriarca Ecum\u00e9nico Bartolom\u00e9 I para la recitaci\u00f3n solemne de la Doxolog\u00eda y la firma de una<b> <a href=\"https:\/\/www.vatican.va\/content\/leo-xiv\/es\/travels\/2025\/documents\/20251129-dichiarazione-congiunta.html\" rel=\"external nofollow noopener\" target=\"_blank\">Declaraci\u00f3n Conjunta<\/a><\/b> que reafirma su compromiso compartido con el camino hacia la plena comuni\u00f3n restaurada e indica como objetivo de la unidad la contribuci\u00f3n a la construcci\u00f3n de la paz.<\/p>\n<p>La meta de la unidad cristiana incluye el objetivo de contribuir de manera fundamental y vivificante a la paz entre todos los pueblos. Juntos elevamos fervientemente nuestras voces para invocar el don de la paz de Dios sobre nuestro mundo.<\/p>\n<p>La Declaraci\u00f3n inicia con el agradecimiento del Papa Le\u00f3n y del Patriarca Bartolom\u00e9 al Padre Misericordioso \u201cpor el don de este encuentro fraternal\u201d que tuvo lugar en la v\u00edspera de la fiesta de san Andr\u00e9s, \u201cel primero que fue llamado a ser ap\u00f3stol, hermano del ap\u00f3stol Pedro y patrono del Patriarcado Ecum\u00e9nico\u201d.<\/p>\n<p>\u201cSiguiendo el ejemplo de nuestros venerables predecesores y atendiendo a la voluntad de nuestro Se\u00f1or Jesucristo \u2013 afirman \u2013 \u00a0continuamos caminando con firme determinaci\u00f3n por la v\u00eda del di\u00e1logo, en el amor y en la verdad, hacia la anhelada restauraci\u00f3n de la plena comuni\u00f3n entre nuestras Iglesias hermanas\u201d.<\/p>\n<p>\u201cConscientes de que la unidad de los cristianos no es simplemente resultado del esfuerzo humano, sino un don que viene de lo alto\u201d invitan a todos los miembros de \u201cnuestras Iglesias \u2014cl\u00e9rigos, monjes, personas consagradas y fieles laicos\u2014 a buscar sinceramente el cumplimiento de la oraci\u00f3n que Jesucristo dirigi\u00f3 al Padre: \u00abQue todos sean uno\u2026. para que el mundo crea\u00bb.<\/p>\n<p><b>Nicea, impulso a estar abiertos al Esp\u00edritu<\/b> <\/p>\n<p>La Declaraci\u00f3n reflexiona acerca del 1700 aniversario del primer Concilio ecum\u00e9nico de Nicea, \u201cun momento extraordinario de gracia\u201d y se\u00f1ala que el prop\u00f3sito de conmemorar este acontecimiento \u201cno es simplemente recordar la importancia hist\u00f3rica del Concilio, sino impulsarnos a estar continuamente abiertos al mismo Esp\u00edritu Santo que habl\u00f3 a trav\u00e9s de Nicea\u201d.<\/p>\n<p>El texto afirma tambi\u00e9n que \u201clo que nos une es la fe expresada en el Credo de Nicea\u201d, la fe salvadora en la persona del Hijo de Dios, Dios verdadero de Dios verdadero, homoo\u00fasios con el Padre, que por nosotros y por nuestra salvaci\u00f3n se encarn\u00f3 y habit\u00f3 entre nosotros, fue crucificado, muri\u00f3 y fue sepultado, resucit\u00f3 al tercer d\u00eda, subi\u00f3 a los cielos y ha de volver para juzgar a vivos y muertos\u201d.<\/p>\n<p>Dotados de esta confesi\u00f3n com\u00fan, podemos afrontar nuestros desaf\u00edos compartidos al dar testimonio de la fe expresada en Nicea con respeto mutuo, y trabajar juntos hacia soluciones concretas con esperanza genuina. Estamos convencidos de que la conmemoraci\u00f3n de este importante aniversario puede inspirar nuevos y valientes pasos en el camino hacia la unidad.<\/p>\n<p>     <a href=\"https:\/\/www.vaticannews.va\/es\/papa\/news\/2025-11\/leon-xiv-y-bartolome-i-elevan-una-oracion-por-unidad-cristianos.html\" title=\"Le\u00f3n XIV y Bartolom\u00e9 I elevan una oraci\u00f3n por la unidad de todos los cristianos\" rel=\"nofollow noopener\" target=\"_blank\"><\/p>\n<p>        <img decoding=\"async\" src=\"data:image\/gif;base64,R0lGODlhAQABAIAAAAAAAP\/\/\/yH5BAEAAAAALAAAAAABAAEAAAIBRAA7\" data-original=\"https:\/\/www.vaticannews.va\/content\/dam\/vaticannews\/agenzie\/images\/afp\/2025\/11\/29\/13\/1764421002903.jpg\/_jcr_content\/renditions\/cq5dam.thumbnail.cropped.500.281.jpeg\" alt=\"Le\u00f3n XIV y Bartolom\u00e9 I elevan una oraci\u00f3n por la unidad de todos los cristianos\"\/><\/p>\n<p>      <\/a><\/p>\n<p>\n      En la Catedral Patriarcal de San Jorge de Estambul, hoy el Papa Le\u00f3n XIV y el Patriarca Ecum\u00e9nico Bartolom\u00e9 I han dado gloria a Dios mediante una solemne doxolog\u00eda; un gesto que &#8230;\n     <\/p>\n<p><b>El deseo de la celebraci\u00f3n com\u00fan de la Pascua<\/b> <\/p>\n<p>Le\u00f3n y Bartolom\u00e9 expresan adem\u00e1s su gratitud hacia la Divina Providencia \u00a0porque este a\u00f1o todo el mundo cristiano celebr\u00f3 la Pascua el mismo d\u00eda y expresan su deseo com\u00fan de \u201ccontinuar el proceso para buscar una posible soluci\u00f3n que permita celebrar juntos la Fiesta de las Fiestas cada a\u00f1o\u201d.<\/p>\n<p>Esperamos y oramos para que todos los cristianos, \u00abcon toda sabidur\u00eda e inteligencia espiritual\u00bb (Col 1,9), se comprometan en el proceso de llegar a una celebraci\u00f3n com\u00fan de la gloriosa resurrecci\u00f3n de nuestro Se\u00f1or Jesucristo.<\/p>\n<p>60 aniversario de la hist\u00f3rica Declaraci\u00f3n Conjunta <\/p>\n<p>El texto recuerda adem\u00e1s la conmemoraci\u00f3n este a\u00f1o del 60 aniversario de la hist\u00f3rica Declaraci\u00f3n conjunta del Papa Pablo VI y el Patriarca ecum\u00e9nico Aten\u00e1goras, que puso fin al intercambio de excomuniones de 1054. Y por ello el Papa Le\u00f3n y el Patriarca Bartolom\u00e9 agradecen a Dios por este \u00a0\u201cgesto prof\u00e9tico\u201d que impuls\u00f3 a nuestras Iglesias a proseguir \u00abcon esp\u00edritu de confianza, de estima y de caridad mutuas, el di\u00e1logo que nos lleve con la ayuda de Dios a vivir de nuevo, para el mayor bien de las almas y el advenimiento del reino de Dios, en la plena comuni\u00f3n de fe, de concordia fraterna y de vida sacramental, como existi\u00f3 entre ellas durante el primer milenario de la vida de la Iglesia\u00bb (Declaraci\u00f3n conjunta del Papa Pablo VI y el Patriarca ecum\u00e9nico Aten\u00e1goras, 7 diciembre 1965).<\/p>\n<p>Al mismo tiempo, exhortan \u201ca quienes a\u00fan dudan de cualquier forma de di\u00e1logo a que escuchen lo que el Esp\u00edritu dice a las Iglesias que en las circunstancias actuales de la historia nos insta a presentar al mundo un testimonio renovado de paz, reconciliaci\u00f3n y unidad\u201d.<\/p>\n<p><b>Di\u00e1logo teol\u00f3gico y cooperaci\u00f3n<\/b> <\/p>\n<p>Reafirman adem\u00e1s su apoyo continuo a la labor de la Comisi\u00f3n Mixta Internacional para el Di\u00e1logo Teol\u00f3gico entre la Iglesia Cat\u00f3lica Romana y la Iglesia Ortodoxa, \u201cque en su fase actual est\u00e1 examinando cuestiones que hist\u00f3ricamente se han considerado divisivas\u201d. \u00a0Y junto con el papel insustituible que desempe\u00f1a el di\u00e1logo teol\u00f3gico en el proceso de acercamiento entre nuestras Iglesias, manifiestan su valoraci\u00f3n de \u201clos dem\u00e1s elementos necesarios de este proceso, incluidos los contactos fraternos, la oraci\u00f3n y el trabajo conjunto en todos aquellos \u00e1mbitos donde la cooperaci\u00f3n ya es posible\u201d.<b\/><\/p>\n<p>Exhortamos firmemente a todos los fieles de nuestras Iglesias, y especialmente al clero y a los te\u00f3logos, a que abracen con alegr\u00eda los frutos alcanzados hasta ahora y a que trabajen para que sigan aumentando.<\/p>\n<p><b>Que cese la tragedia de la guerra<\/b> <\/p>\n<p>Observando que \u201ctr\u00e1gicamente, en muchas regiones de nuestro planeta, los conflictos y la violencia contin\u00faan destruyendo la vida de tantas personas\u00bb, hacen un apremiante llamamiento a quienes tienen responsabilidades civiles y pol\u00edticas para que cese la tragedia de la guerra.<\/p>\n<p>Hacemos un llamamiento a quienes tienen responsabilidades civiles y pol\u00edticas para que hagan todo lo posible a fin de garantizar que la tragedia de la guerra cese inmediatamente, y pedimos a todas las personas de buena voluntad que apoyen nuestra s\u00faplica. En particular, rechazamos cualquier uso de la religi\u00f3n y del nombre de Dios para justificar la violencia.<\/p>\n<p>Recordando el 60 aniversario de Nostra Aetate, exhortan a todas las personas a trabajar juntos en la construcci\u00f3n de un mundo justo y solidario y a cuidar\u00a0 la creaci\u00f3n. \u201cS\u00f3lo as\u00ed la familia humana podr\u00e1 superar la indiferencia, el af\u00e1n de dominaci\u00f3n, la codicia de lucro y la xenofobia\u201d.<\/p>\n<p><b>Dios no abandona a la humanidad<\/b> <\/p>\n<p>A pesar de la gravedad de los acontecimientos mundiales, la declaraci\u00f3n expresa una esperanza cristiana inquebrantable:<\/p>\n<p>Aunque estamos profundamente alarmados por la situaci\u00f3n internacional actual, no perdemos la esperanza. Dios no abandonar\u00e1 a la humanidad.<\/p>\n<p>Encomendando a todas las personas \u2014especialmente a las que sufren hambre, soledad o enfermedad\u2014 a la misericordia de Dios, invocan la gracia para que \u00absus corazones se sientan animados, unidos estrechamente en el amor\u00bb.<\/p>\n<p>\u00a0<\/p>\n","protected":false},"excerpt":{"rendered":"El Papa Le\u00f3n XIV y el Patriarca Ecum\u00e9nico Bartolom\u00e9 I firmaron hoy una Declaraci\u00f3n Conjunta en Estambul en&hellip;\n","protected":false},"author":2,"featured_media":262943,"comment_status":"","ping_status":"","sticky":false,"template":"","format":"standard","meta":{"footnotes":""},"categories":[5],"tags":[65441,17,18,25,24,13,14,11,19,20,9,10,15,16,400,23,12,8584,21,22,55874],"class_list":{"0":"post-262942","1":"post","2":"type-post","3":"status-publish","4":"format-standard","5":"has-post-thumbnail","7":"category-titulares","8":"tag-bartolome-i","9":"tag-breaking-news","10":"tag-breakingnews","11":"tag-es","12":"tag-espana","13":"tag-featured-news","14":"tag-featurednews","15":"tag-headlines","16":"tag-latest-news","17":"tag-latestnews","18":"tag-news","19":"tag-noticias","20":"tag-noticias-destacadas","21":"tag-noticiasdestacadas","22":"tag-papa-leon-xiv","23":"tag-spain","24":"tag-titulares","25":"tag-turquia","26":"tag-ultimas-noticias","27":"tag-ultimasnoticias","28":"tag-viaje-apostolico"},"share_on_mastodon":{"url":"https:\/\/pubeurope.com\/@es\/115636100357840637","error":""},"_links":{"self":[{"href":"https:\/\/www.europesays.com\/es\/wp-json\/wp\/v2\/posts\/262942","targetHints":{"allow":["GET"]}}],"collection":[{"href":"https:\/\/www.europesays.com\/es\/wp-json\/wp\/v2\/posts"}],"about":[{"href":"https:\/\/www.europesays.com\/es\/wp-json\/wp\/v2\/types\/post"}],"author":[{"embeddable":true,"href":"https:\/\/www.europesays.com\/es\/wp-json\/wp\/v2\/users\/2"}],"replies":[{"embeddable":true,"href":"https:\/\/www.europesays.com\/es\/wp-json\/wp\/v2\/comments?post=262942"}],"version-history":[{"count":0,"href":"https:\/\/www.europesays.com\/es\/wp-json\/wp\/v2\/posts\/262942\/revisions"}],"wp:featuredmedia":[{"embeddable":true,"href":"https:\/\/www.europesays.com\/es\/wp-json\/wp\/v2\/media\/262943"}],"wp:attachment":[{"href":"https:\/\/www.europesays.com\/es\/wp-json\/wp\/v2\/media?parent=262942"}],"wp:term":[{"taxonomy":"category","embeddable":true,"href":"https:\/\/www.europesays.com\/es\/wp-json\/wp\/v2\/categories?post=262942"},{"taxonomy":"post_tag","embeddable":true,"href":"https:\/\/www.europesays.com\/es\/wp-json\/wp\/v2\/tags?post=262942"}],"curies":[{"name":"wp","href":"https:\/\/api.w.org\/{rel}","templated":true}]}}