{"id":262946,"date":"2025-11-30T01:48:10","date_gmt":"2025-11-30T01:48:10","guid":{"rendered":"https:\/\/www.europesays.com\/es\/262946\/"},"modified":"2025-11-30T01:48:10","modified_gmt":"2025-11-30T01:48:10","slug":"asi-fue-la-intervencion-del-var-en-el-penalti-anulado-en-el-albacete-deportivo-no-veo-que-el-defensor-haga-nada-riazor-org","status":"publish","type":"post","link":"https:\/\/www.europesays.com\/es\/262946\/","title":{"rendered":"As\u00ed fue la intervenci\u00f3n del VAR en el penalti anulado en el Albacete \u2013 Deportivo: &quot;No veo que el defensor haga nada&quot; &#8211; Riazor.org"},"content":{"rendered":"<ol>\n<li><a href=\"https:\/\/news.google.com\/rss\/articles\/CBMirgFBVV95cUxOY1V2anZvQTcwS2VpbmY2RUVJQ282Rkk1OEtaTDNfelp2bHhhZW5TQ05rbWdsbTctdzdkUlRPXzRIclZfVmlaYVJnZmk4T2hJcXRmaUtTVXNxbnQ4MEE2NzhVZnVhRG81dnV3ZWVMeHBHTG56UVVNT1VuNFBUVTB3Y0ZPTTVfUlhaSTUyR1FjZ01tQ0x0RldpTm5LcVFGWU9kd0h4NWN1VEh1Yk10NGc?oc=5\" target=\"_blank\" rel=\"nofollow noopener\">As\u00ed fue la intervenci\u00f3n del VAR en el penalti anulado en el Albacete \u2013 Deportivo: \u00abNo veo que el defensor haga nada\u00bb<\/a>&nbsp;&nbsp;Riazor.org<\/li>\n<li><a href=\"https:\/\/news.google.com\/rss\/articles\/CBMinAFBVV95cUxNcWhBSEpiUTB4VFRRTzV2QVZ1QXVhOVVsWHI2WGhEVnVqUm1hbGhNVXZvZktIWWw0NnI3NUJxZzVpdl8xSkdtcWtvUHdkU3Q2Y29JZzVvVmNpWjZ4bjkyMUZrb3lXb2tWeDNUWGtCYU5MR0lDSUktYkRBUmpFMzdqNUZObVZMTHR6Z3RubzMxSGNHOVdqcC1mTmRyUXPSAbABQVVfeXFMT2hzX2gtS09uMVJrLXlIdFNtUXR1N1cxSmZWQ091VXlZbXNnU2RfbENBdG51WjV2Vjg2c1UyaVJnWms2ZTZEV1d1dzZLNEtUMnZTVktILUN6Q2dTSmNFbjdUUW05c1k5Y0RrMTg0SGxsRk5mc19wNDhHU3J4SEk0RkNSRHJYOHA4bHdmOEJ6Vlk1aXp1QXFTYzh0ZzRHR0l2SVNvLVJCSFluVXZZZ2Z3TDI?oc=5\" target=\"_blank\" rel=\"nofollow noopener\">Alberto Gonz\u00e1lez: \u201cEl VAR es una desgracia para el f\u00fatbol\u201d<\/a>&nbsp;&nbsp;Diario AS<\/li>\n<li><a href=\"https:\/\/news.google.com\/rss\/articles\/CBMif0FVX3lxTE9rUHlBOFpPbS04Zm1IdVVVRVJvQVE1bHpYN1pqWmZFUmQyV0xiWWEyVkd6RGlVS2lpQV9taG82N1paak5fRTV1bzExcjdiSTRWWFFWT3RqYWxSTmtmb1dfRld3Njh6YndWbkx6YmptUldkaWlQQS1LYXhlTWljeDQ?oc=5\" target=\"_blank\" rel=\"nofollow noopener\">Jos\u00e9 \u00c1ngel sobre la acci\u00f3n del penalti: \u00abEl jugador del Albacete se pone delante inteligentemente, pero yo no meto el pie\u00bb<\/a>&nbsp;&nbsp;Riazor.org<\/li>\n<li><a href=\"https:\/\/news.google.com\/rss\/articles\/CBMi5gFBVV95cUxPemxPQjluTXNacFRwdHFfLXVqbTFSN1ZVc3hwZ0NPMnd0dHdVald2TFBBS3draWRjM1JMVG9lYzV2X24zR1BBQUhoOGxKNDV2MzFyQVJSeF92NnJsaEE3ZnMzVFlMaVlTemtJSTNFbWZuU0h3dFNtdERjaWx3TXY3QU56V3pmakxzZ0JzWnZHdW8yTVpHcDlsVmlmSzg0SkhHOVYwdlVJVzhzbG9aN3ZLczJjLTlkV3l3YlQxNTZqajdBVGNiMG5RYWRJMUJtRW52LXZMNi1NSWkySTlFbGUxNC11cGxSZ9IB-gFBVV95cUxPN1FneVFvMVhqR1E4bnJmOEItSDd2MVU4em1Kbk52VTFXaVhBWXVtenNSZmJtWDU3bUVUUFdYcGRUUWYzOC11d1hlVS1uM3JMcWU1Z1NxTHgzNDM0TTh6Zjl4dmVPOWlmbVR5WUNmM2VXWUpabG8tVmxBTHg1R3FvNEhic0Nsanhxb2dsdkF2MUwwTGptN2pyLWllTldTVHJ1S084TmRUV0pYVE5sWVdKUUlsR2ZMUnB3Y0UxSGRUZW1Ea0Y4V3RnZjI3aHhsbkZ4ZVEzb0NhbzFZMkh0cWJnbkY2MjlHLWh2Z05rNGQyVXltOFJKbU96RHFn?oc=5\" target=\"_blank\" rel=\"nofollow noopener\">Jos\u00e9 \u00c1ngel: \u201cRecuerdo el calvario de la lesi\u00f3n para valorar lo feliz que soy ahora en el d\u00eda a d\u00eda\u201d<\/a>&nbsp;&nbsp;Cadena SER<\/li>\n<li><a href=\"https:\/\/news.google.com\/rss\/articles\/CBMinwFBVV95cUxNSHNfbjRoVlBmdzZfWExSdi1XN3JiNV9aa0IwNDBlc1dfV1hGSDQ4QURZbEhVMXNzZVkzYzBnOUtHRnlwSi1iSU5hUmpCZjQ4djgyUnl2WjRobGpPVHFtM1FJeWNOTDdfU3otb0VZSUlZaTlndmd6MkstYjB3dzROVjkzYnpmcEZxQ1BSRjNzTHJxVHFYRU91Q2tlb0E2UG_SAaQBQVVfeXFMTzBnampVazU2UkZzbXVxb2xGb3ZuTVJUdlJmZkZVYjZkSkJveGY0NjYtNXIxQ3d4YXFxdUlyOG5UU1h1SmpwSnBlNEFsSHkzXzZPZnlrbnB0V2FlalBXRTY4Z1hZUWR5MG5UR2ZLZ1dZSVJLUVpFOS1Jc0cwYXZZck9YRUVvWDBYbzJlcEhsTFdJVjJTb3JXOXZ1bFdoTWNMZE0xYkU?oc=5\" target=\"_blank\" rel=\"nofollow noopener\">Jos\u00e9 \u00c1ngel: \u00abEstamos c\u00f3modos con la idea, creemos en lo que hacemos\u00bb<\/a>&nbsp;&nbsp;La Opini\u00f3n A Coru\u00f1a<\/li>\n<\/ol>\n","protected":false},"excerpt":{"rendered":"As\u00ed fue la intervenci\u00f3n del VAR en el penalti anulado en el Albacete \u2013 Deportivo: \u00abNo veo que&hellip;\n","protected":false},"author":2,"featured_media":262947,"comment_status":"","ping_status":"","sticky":false,"template":"","format":"standard","meta":{"footnotes":""},"categories":[268],"tags":[168,25,24,280,282,281,23,167],"class_list":{"0":"post-262946","1":"post","2":"type-post","3":"status-publish","4":"format-standard","5":"has-post-thumbnail","7":"category-futbol","8":"tag-deportes","9":"tag-es","10":"tag-espana","11":"tag-football","12":"tag-futbol","13":"tag-soccer","14":"tag-spain","15":"tag-sports"},"share_on_mastodon":{"url":"https:\/\/pubeurope.com\/@es\/115636135891903340","error":""},"_links":{"self":[{"href":"https:\/\/www.europesays.com\/es\/wp-json\/wp\/v2\/posts\/262946","targetHints":{"allow":["GET"]}}],"collection":[{"href":"https:\/\/www.europesays.com\/es\/wp-json\/wp\/v2\/posts"}],"about":[{"href":"https:\/\/www.europesays.com\/es\/wp-json\/wp\/v2\/types\/post"}],"author":[{"embeddable":true,"href":"https:\/\/www.europesays.com\/es\/wp-json\/wp\/v2\/users\/2"}],"replies":[{"embeddable":true,"href":"https:\/\/www.europesays.com\/es\/wp-json\/wp\/v2\/comments?post=262946"}],"version-history":[{"count":0,"href":"https:\/\/www.europesays.com\/es\/wp-json\/wp\/v2\/posts\/262946\/revisions"}],"wp:featuredmedia":[{"embeddable":true,"href":"https:\/\/www.europesays.com\/es\/wp-json\/wp\/v2\/media\/262947"}],"wp:attachment":[{"href":"https:\/\/www.europesays.com\/es\/wp-json\/wp\/v2\/media?parent=262946"}],"wp:term":[{"taxonomy":"category","embeddable":true,"href":"https:\/\/www.europesays.com\/es\/wp-json\/wp\/v2\/categories?post=262946"},{"taxonomy":"post_tag","embeddable":true,"href":"https:\/\/www.europesays.com\/es\/wp-json\/wp\/v2\/tags?post=262946"}],"curies":[{"name":"wp","href":"https:\/\/api.w.org\/{rel}","templated":true}]}}