{"id":262948,"date":"2025-11-30T01:49:14","date_gmt":"2025-11-30T01:49:14","guid":{"rendered":"https:\/\/www.europesays.com\/es\/262948\/"},"modified":"2025-11-30T01:49:14","modified_gmt":"2025-11-30T01:49:14","slug":"esta-bien-si-tu-mayor-logro-fue-sobrevivir","status":"publish","type":"post","link":"https:\/\/www.europesays.com\/es\/262948\/","title":{"rendered":"\u201cEst\u00e1 bien si tu mayor logro fue sobrevivir\u201d"},"content":{"rendered":"<p>Fue el pasado septiembre cuando Marina Romero (28 a\u00f1os), la pareja de <strong>Javier Tudela<\/strong> (31 a\u00f1os) \u2013y, por ende, nuera de Makoke (55 a\u00f1os)\u2013 revel\u00f3 al mundo que estaba <a href=\"https:\/\/www.lecturas.com\/actualidad\/marina-romero-nuera-makoke-tras-anunciar-que-esta-enferma-esencial-no-estaba-extraordinario-sino-esos-momentos-sencillos-que-siempre-estuvieron-ahi_181352\" rel=\"nofollow noopener\" target=\"_blank\"><strong>atravesando una enfermedad<\/strong><\/a>. La noticia sali\u00f3 a la luz unas semanas despu\u00e9s de que la cancelaci\u00f3n de la boda de su suegra tambi\u00e9n viese la luz. Makoke, que hace tan solo unos meses concursaba en \u2018Supervivientes 2025\u2019, ten\u00eda previsto pasar por el altar con su novio Gonzalo ese mismo septiembre. No pudo ser, pero no explic\u00f3 los motivos, y r\u00e1pidamente saltaron todas las alarmas entre la cr\u00f3nica rosa.<\/p>\n<p>Al revelarse que la determinaci\u00f3n de posponer tan esperado enlace se deb\u00eda a la dolencia que afectaba a Marina, todo cobr\u00f3 sentido. Adem\u00e1s, y a pesar de no desvelar con exactitud cu\u00e1l era la enfermedad, la televisiva quiso dejar claro que tanto ella como el resto de su familia se hab\u00edan volcado completamente con la situaci\u00f3n. Algo que sigue siendo as\u00ed, a pesar de los traspi\u00e9s. Para muestra, la reflexi\u00f3n que Javier ha compartido ahora en su perfil de Instagram, donde ha publicado un v\u00eddeo con un importante mensaje a escasas semanas de que concluya el a\u00f1o: \u201cEn los pr\u00f3ximos d\u00edas, la gente publicar\u00e1 sus logros de este a\u00f1o. <strong>Est\u00e1 bien si tu mayor logro del 2025 fue sobrevivir<\/strong>\u201d.<\/p>\n<p>Toda la familia se ha volcado en la enfermedad de Marina<\/p>\n<p>Con esta emotiva misiva en la red, el hijo de Makoke ha vuelto a dejar claro que no ha sido un a\u00f1o f\u00e1cil para \u00e9l. El mensaje cierra con un<strong> \u201cgracias por sostenerte a\u00fan cuando no sab\u00edas c\u00f3mo hacerlo\u201d<\/strong>, evidenciando que no han sido pocos los obst\u00e1culos a sortear en el terreno personal. Sea como fuere, es importante se\u00f1alar que, dentro de lo malo, <a href=\"https:\/\/www.lecturas.com\/actualidad\/javier-tudela-comparte-nueva-foto-su-novia-marina-plena-lucha-contra-enfermedad_183827\" rel=\"nofollow noopener\" target=\"_blank\">tanto \u00e9l como su chica<\/a> \u2013y madre de Javi y Bianca, sus dos hijos\u2013 han hecho part\u00edcipes a sus seguidores de su actitud positiva frente a los contratiempos.<\/p>\n<blockquote class=\"instagram-media\" data-instgrm-captioned=\"\" data-instgrm-permalink=\"https:\/\/www.instagram.com\/reel\/DRmwwyAjOL9\/?utm_source=ig_embed&amp;utm_campaign=loading\" data-instgrm-version=\"14\" style=\" background:#FFF; border:0; border-radius:3px; box-shadow:0 0 1px 0 rgba(0,0,0,0.5),0 1px 10px 0 rgba(0,0,0,0.15); margin: 1px; max-width:540px; min-width:326px; padding:0; width:99.375%; width:-webkit-calc(100% - 2px); width:calc(100% - 2px);\"\/>\n<p>Qued\u00f3 latente incluso por boca de la propia Marina, quien hizo p\u00fablica su situaci\u00f3n el 12 de septiembre con un texto en el que el apoyo de Tudela ten\u00eda gran parte del protagonismo: \u201cEstos d\u00edas han sido los m\u00e1s dif\u00edciles de nuestro camino juntos, pero ah\u00ed est\u00e1s t\u00fa, <strong>sin soltarme la mano ni un segundo, cuidando de m\u00ed y de todo<\/strong>. Y aun as\u00ed, encontrando fuerzas para hacerme sonre\u00edr cuando m\u00e1s lo necesito\u201d. Fuerzas que han permanecido a lo largo del proceso de recuperaci\u00f3n, el cual ha implicado una intervenci\u00f3n quir\u00fargica.<\/p>\n<p><img decoding=\"async\" src=\"https:\/\/www.europesays.com\/es\/wp-content\/uploads\/2025\/11\/letizia-tiara-flor-de-lis_81861558_251129072657_800x800.webp.webp\" alt=\"Letizia tiara Flor de Lis\" class=\"image lazyload\"\/><img loading=\"lazy\" decoding=\"async\" src=\"https:\/\/www.europesays.com\/es\/wp-content\/uploads\/2025\/11\/letizia-tiara-flor-de-lis_81861558_251129072703_1280x720.webp.webp\" alt=\"Los expertos en realeza se ponen de acuerdo sobre la reina Letizia: &quot;Siempre busca proyectar una imagen de fortaleza, a la vez que de una reina contempor\u00e1nea y cercana&quot;\" class=\"image lazyload\" width=\"1280\" height=\"720\" data-aspectratio=\"1280\/720\"\/><\/p>\n<blockquote class=\"instagram-media\" data-instgrm-captioned=\"\" data-instgrm-permalink=\"https:\/\/www.instagram.com\/p\/DOgi1fsDPRU\/?utm_source=ig_embed&amp;utm_campaign=loading\" data-instgrm-version=\"14\" style=\" background:#FFF; border:0; border-radius:3px; box-shadow:0 0 1px 0 rgba(0,0,0,0.5),0 1px 10px 0 rgba(0,0,0,0.15); margin: 1px; max-width:540px; min-width:326px; padding:0; width:99.375%; width:-webkit-calc(100% - 2px); width:calc(100% - 2px);\"\/>\n<p>Sin entrar en detalles, fue Makoke quien se\u00f1al\u00f3 que todo hab\u00eda ido bien tras la operaci\u00f3n de la joven a finales de septiembre, aludiendo a que segu\u00edan \u201cen el proceso\u201d y \u201cesperando resultados\u201d, pero con buenos pron\u00f3sticos. Desde entonces, Javier ha seguido compartiendo contenido en sus redes, haciendo planes con sus dos hijos en com\u00fan \u2013a los que, seg\u00fan su madre, no les hab\u00edan contado nada acerca de la condici\u00f3n de Marina, ya que son todav\u00eda muy peque\u00f1os\u2013. Al pie del ca\u00f1\u00f3n en su faceta de padre, mientras <strong>su mujer ha ido reactivando su presencia digital poco a poco<\/strong>, entre recetas y manualidades.<\/p>\n<p>La proyecci\u00f3n de un buen a\u00f1o, con nuevos proyectos\u2026 \u00bfY boda a la vista?<\/p>\n<p>Todo apunta a que las cosas van mejorando poco a poco, y aunque la reflexi\u00f3n que Javier ha difundido haga referencia a estos tiempos dif\u00edciles con los que han lidiado, los planes de la familia para el pr\u00f3ximo a\u00f1o son m\u00e1s alentadores. Basta con remitir a la boda cancelada de Makoke, todav\u00eda pendiente de celebrarse. Eso s\u00ed, a\u00fan sin fecha definida. \u201cAhora mismo no, todav\u00eda no, pero <strong>espero poder decirlo pronto y poner una fecha en breve<\/strong>\u201d, explic\u00f3 a los micr\u00f3fonos de \u2018Europa Press\u2019 recientemente. Y en lo que respecta al estado de Marina, prefer\u00eda seguir manteniendo la discreci\u00f3n: \u201cEst\u00e1 todo bien, pero no me corresponde a m\u00ed contarlo y ella prefiere reservarlo\u201d.<\/p>\n<p><img loading=\"lazy\" decoding=\"async\"   src=\"https:\/\/www.europesays.com\/es\/wp-content\/uploads\/2025\/11\/makoke_962afb00_48_251129190129_1200x743.webp.webp\" alt=\"Makoke\" class=\"lazyload\" width=\"1200\" height=\"743\" data-aspectratio=\"1200\/743\"\/><\/p>\n<p>Makoke ha ido actualizando acerca del estado de su nuera, sin entrar en detalles sobre la enfermedad.<\/p>\n<p>&#13;GTRES<\/p>\n<p>El caso es que, aunque Romero se mantiene en su decisi\u00f3n de mantener en la intimidad en qu\u00e9 consiste su dolencia, sus \u00faltimas publicaciones en Instagram invitan a pensar que todo va mejorando. Especialmente, porque ha podido <strong>retomar un proyecto profesional que dej\u00f3 apartado<\/strong> para poder recuperarse. Se trata de Coucou B\u00e9b\u00e9, una tienda online de art\u00edculos y accesorios infantiles que comenz\u00f3 a desarrollar hace tiempo y que, por fin, ha podido materializar.<\/p>\n<blockquote class=\"instagram-media\" data-instgrm-captioned=\"\" data-instgrm-permalink=\"https:\/\/www.instagram.com\/reel\/DRiPrM-DNeT\/?utm_source=ig_embed&amp;utm_campaign=loading\" data-instgrm-version=\"14\" style=\" background:#FFF; border:0; border-radius:3px; box-shadow:0 0 1px 0 rgba(0,0,0,0.5),0 1px 10px 0 rgba(0,0,0,0.15); margin: 1px; max-width:540px; min-width:326px; padding:0; width:99.375%; width:-webkit-calc(100% - 2px); width:calc(100% - 2px);\"\/>\n<p>\u201cComenc\u00e9 este proyecto hace un tiempo, por motivos personales se qued\u00f3 a un lado, pero <strong>es hora de que salga a brillar<\/strong>, por todo el amor, la ilusi\u00f3n y el tiempo\u201d, se abr\u00eda al respecto, se\u00f1alando tambi\u00e9n que esta idea hab\u00eda sido \u201cmi motivo de ilusi\u00f3n a la hora de emprender\u201d. Eso y que, pese a la espera, considera cierto aquello de \u201cmejor tarde que nunca\u201d. Dicho y hecho, el negocio con el que so\u00f1\u00f3, ha abierto finalmente para disfrute de todos aquellos que quieran hacerse con estos productos tan originales.<\/p>\n<p><script async src=\"\/\/www.instagram.com\/embed.js\"><\/script><\/p>\n","protected":false},"excerpt":{"rendered":"Fue el pasado septiembre cuando Marina Romero (28 a\u00f1os), la pareja de Javier Tudela (31 a\u00f1os) \u2013y, por&hellip;\n","protected":false},"author":2,"featured_media":262949,"comment_status":"","ping_status":"","sticky":false,"template":"","format":"standard","meta":{"footnotes":""},"categories":[174],"tags":[255,146,147,25,24,256,23],"class_list":{"0":"post-262948","1":"post","2":"type-post","3":"status-publish","4":"format-standard","5":"has-post-thumbnail","7":"category-famosos","8":"tag-celebrities","9":"tag-entertainment","10":"tag-entretenimiento","11":"tag-es","12":"tag-espana","13":"tag-famosos","14":"tag-spain"},"share_on_mastodon":{"url":"https:\/\/pubeurope.com\/@es\/115636140207842524","error":""},"_links":{"self":[{"href":"https:\/\/www.europesays.com\/es\/wp-json\/wp\/v2\/posts\/262948","targetHints":{"allow":["GET"]}}],"collection":[{"href":"https:\/\/www.europesays.com\/es\/wp-json\/wp\/v2\/posts"}],"about":[{"href":"https:\/\/www.europesays.com\/es\/wp-json\/wp\/v2\/types\/post"}],"author":[{"embeddable":true,"href":"https:\/\/www.europesays.com\/es\/wp-json\/wp\/v2\/users\/2"}],"replies":[{"embeddable":true,"href":"https:\/\/www.europesays.com\/es\/wp-json\/wp\/v2\/comments?post=262948"}],"version-history":[{"count":0,"href":"https:\/\/www.europesays.com\/es\/wp-json\/wp\/v2\/posts\/262948\/revisions"}],"wp:featuredmedia":[{"embeddable":true,"href":"https:\/\/www.europesays.com\/es\/wp-json\/wp\/v2\/media\/262949"}],"wp:attachment":[{"href":"https:\/\/www.europesays.com\/es\/wp-json\/wp\/v2\/media?parent=262948"}],"wp:term":[{"taxonomy":"category","embeddable":true,"href":"https:\/\/www.europesays.com\/es\/wp-json\/wp\/v2\/categories?post=262948"},{"taxonomy":"post_tag","embeddable":true,"href":"https:\/\/www.europesays.com\/es\/wp-json\/wp\/v2\/tags?post=262948"}],"curies":[{"name":"wp","href":"https:\/\/api.w.org\/{rel}","templated":true}]}}