{"id":262950,"date":"2025-11-30T01:50:20","date_gmt":"2025-11-30T01:50:20","guid":{"rendered":"https:\/\/www.europesays.com\/es\/262950\/"},"modified":"2025-11-30T01:50:20","modified_gmt":"2025-11-30T01:50:20","slug":"reflexion-plastica-sobre-el-hospital-universitario-de-salamanca","status":"publish","type":"post","link":"https:\/\/www.europesays.com\/es\/262950\/","title":{"rendered":"reflexi\u00f3n pl\u00e1stica sobre el Hospital Universitario de Salamanca"},"content":{"rendered":"<p>                                                <img decoding=\"async\" loading=\"eager\" src=\"https:\/\/www.europesays.com\/es\/wp-content\/uploads\/2025\/11\/6e7455c3-076f-4054-b5e9-3df0a72b73aa_source-aspect-ratio_1600w_0.jpg\" alt=\"\u201cLa arquitectura como huella temporal: reflexi\u00f3n pl\u00e1stica sobre el Hospital Universitario de Salamanca\u201d\" title=\"\u201cLa arquitectura como huella temporal: reflexi\u00f3n pl\u00e1stica sobre el Hospital Universitario de Salamanca\u201d\" fetchpriority=\"high\" height=\"901\" width=\"1600\"\/><\/p>\n<p>                \u201cLa arquitectura como huella temporal: reflexi\u00f3n pl\u00e1stica sobre el Hospital Universitario de Salamanca\u201d<\/p>\n<p class=\"paragraph-atom &#10;        A-500-300-700-N A-550-300-700-N--md  \">El Complejo Asistencial Universitario de Salamanca conmemora su 50\u00ba aniversario con una exposici\u00f3n abierta hasta el 15 de diciembre en su hall. Bajo el t\u00edtulo \u201cLa arquitectura como huella temporal\u201d, alumnos de la asignatura de Pintura y Escultura presentan 41 cuadros y 12 esculturas que reflejan el contraste entre el antiguo hospital, ya desaparecido, y la nueva construcci\u00f3n, s\u00edmbolo del presente y futuro sanitario. La muestra propone una met\u00e1fora sobre la memoria colectiva: lo que se derruye f\u00edsicamente permanece en la experiencia compartida. El di\u00e1logo entre ambos espacios invita a redescubrir la evoluci\u00f3n humana y arquitect\u00f3nica de la ciudad.<\/p>\n<p class=\"title-text-atom   &#10;    &#10;    A-500-700-500-N&#10;    A-600-700-500-N--md&#10;    \">\n    Temas relacionados\n    <\/p>\n","protected":false},"excerpt":{"rendered":"\u201cLa arquitectura como huella temporal: reflexi\u00f3n pl\u00e1stica sobre el Hospital Universitario de Salamanca\u201d El Complejo Asistencial Universitario de&hellip;\n","protected":false},"author":2,"featured_media":262951,"comment_status":"","ping_status":"","sticky":false,"template":"","format":"standard","meta":{"footnotes":""},"categories":[173],"tags":[801,229,233,231,230,232,234,146,147,25,24,2836,14912,27958,23,19255],"class_list":{"0":"post-262950","1":"post","2":"type-post","3":"status-publish","4":"format-standard","5":"has-post-thumbnail","7":"category-arte-y-diseno","8":"tag-arquitectura","9":"tag-arte","10":"tag-arte-y-diseno","11":"tag-arts","12":"tag-arts-and-design","13":"tag-design","14":"tag-diseno","15":"tag-entertainment","16":"tag-entretenimiento","17":"tag-es","18":"tag-espana","19":"tag-huella","20":"tag-plastica","21":"tag-reflexion","22":"tag-spain","23":"tag-temporal"},"share_on_mastodon":{"url":"https:\/\/pubeurope.com\/@es\/115636144033203514","error":""},"_links":{"self":[{"href":"https:\/\/www.europesays.com\/es\/wp-json\/wp\/v2\/posts\/262950","targetHints":{"allow":["GET"]}}],"collection":[{"href":"https:\/\/www.europesays.com\/es\/wp-json\/wp\/v2\/posts"}],"about":[{"href":"https:\/\/www.europesays.com\/es\/wp-json\/wp\/v2\/types\/post"}],"author":[{"embeddable":true,"href":"https:\/\/www.europesays.com\/es\/wp-json\/wp\/v2\/users\/2"}],"replies":[{"embeddable":true,"href":"https:\/\/www.europesays.com\/es\/wp-json\/wp\/v2\/comments?post=262950"}],"version-history":[{"count":0,"href":"https:\/\/www.europesays.com\/es\/wp-json\/wp\/v2\/posts\/262950\/revisions"}],"wp:featuredmedia":[{"embeddable":true,"href":"https:\/\/www.europesays.com\/es\/wp-json\/wp\/v2\/media\/262951"}],"wp:attachment":[{"href":"https:\/\/www.europesays.com\/es\/wp-json\/wp\/v2\/media?parent=262950"}],"wp:term":[{"taxonomy":"category","embeddable":true,"href":"https:\/\/www.europesays.com\/es\/wp-json\/wp\/v2\/categories?post=262950"},{"taxonomy":"post_tag","embeddable":true,"href":"https:\/\/www.europesays.com\/es\/wp-json\/wp\/v2\/tags?post=262950"}],"curies":[{"name":"wp","href":"https:\/\/api.w.org\/{rel}","templated":true}]}}