{"id":262960,"date":"2025-11-30T02:00:10","date_gmt":"2025-11-30T02:00:10","guid":{"rendered":"https:\/\/www.europesays.com\/es\/262960\/"},"modified":"2025-11-30T02:00:10","modified_gmt":"2025-11-30T02:00:10","slug":"el-papa-viaja-al-libano-tras-una-visita-historica-a-turquia-donde-declino-rezar-en-la-mezquita-de-estambul","status":"publish","type":"post","link":"https:\/\/www.europesays.com\/es\/262960\/","title":{"rendered":"El Papa viaja al L\u00edbano tras una visita hist\u00f3rica a Turqu\u00eda donde declin\u00f3 rezar en la mezquita de Estambul"},"content":{"rendered":"<p style=\"\">Le\u00f3n XIV <a href=\"https:\/\/www.abc.es\/sociedad\/papa-rompe-tradicion-declina-rezar-visita-mezquita-20251129083726-nt.html\" rel=\"nofollow noopener\" target=\"_self\" data-voc-vtm-id=\"in-text-traffic\" title=\"opt\u00f3 por no rezar\" data-mrf-link=\"www.abc.es\">opt\u00f3 por no rezar<\/a> durante su visita a la Mezquita Azul de Estambul e interrumpi\u00f3 la costumbre comenzada por Benedicto XVI en ese mismo lugar y continuada por el Papa Francisco. La decisi\u00f3n sorprendi\u00f3 a los anfitriones, pero no les ofendi\u00f3, y  &#8230; el Vaticano explic\u00f3 m\u00e1s tarde que el Papa \u00abvivi\u00f3 la visita en silencio, en un esp\u00edritu de recogimiento y de escucha, con profundo respeto por el lugar y por la fe de quienes all\u00ed se re\u00fanen para orar\u00bb.<\/p>\n<p class=\"voc-p\" style=\"\">\u00abMe explicaron que el Papa iba a rezar durante la visita, y confirm\u00e9 que no hab\u00eda problema\u00bb, explic\u00f3 a ABC el muec\u00edn de la mezquita, despu\u00e9s de acompa\u00f1ar al Papa durante los 15 minutos que dur\u00f3 el recorrido. \u00abPero cuando le dije &#8216;Es la casa de Dios, si quiere puede rezar, si quiere puede tener un momento de culto\u00bb, me dijo, &#8216;Est\u00e1 bien as\u00ed, continuemos la visita a la mezquita&#8217;\u00bb, a\u00f1adi\u00f3. \u00abNos da mucha alegr\u00eda que nos haya visitado, porque es importante estar juntos y conocernos\u00bb, subray\u00f3 fundamentalmente satisfecho.<\/p>\n<p class=\"voc-p\" style=\"\">Turqu\u00eda tampoco dio mayor importancia al gesto, pues Le\u00f3n XIV declin\u00f3 respetuosamente la propuesta del muec\u00edn y continu\u00f3 la visita con cordialidad. Aunque en la gu\u00eda informal que prepara el Vaticano se menciona que el Papa har\u00eda una oraci\u00f3n silenciosa en la mezquita m\u00e1s importante del pa\u00eds, antes de comenzar el viaje el portavoz del Vaticano hab\u00eda explicado que habr\u00eda que esperar a ver qu\u00e9 suced\u00eda este s\u00e1bado.<\/p>\n<p>\nUna decisi\u00f3n sorprendente\n<\/p>\n<p class=\"voc-p\" style=\"\">En 2006, Benedicto XVI propuso personalmente al gran muft\u00ed tener \u00abun momento de oraci\u00f3n\u00bb cuando \u00e9ste le indic\u00f3 el mihrab que se\u00f1ala la direcci\u00f3n de La Meca, y en 2014 el muft\u00ed lo propuso al Papa Francisco. Se daba por hecho que el nuevo Papa habr\u00eda hecho lo mismo.<\/p>\n<p class=\"voc-p\" style=\"\">La decisi\u00f3n de Le\u00f3n XIV podr\u00eda estar ligada al deseo de no crispar los \u00e1nimos de nacionalistas turcos, que criticaron el hecho de que los Papas rezaran en este lugar. De hecho, tambi\u00e9n este s\u00e1bado, en su \u00fanica misa p\u00fablica en este pa\u00eds, el Pont\u00edfice solicit\u00f3 a los cat\u00f3licos de Turqu\u00eda que colaboren con los musulmanes \u00abvalorando lo que nos une, derribando los muros del prejuicio y la desconfianza, favoreciendo el conocimiento y la estima mutua\u00bb. \u00abCon demasiada frecuencia, la religi\u00f3n se utiliza para justificar guerras y atrocidades\u00bb, lament\u00f3 en la homil\u00eda.<\/p>\n<p class=\"voc-p\" style=\"\">El 99% de la poblaci\u00f3n en este pa\u00eds son musulmanes. Los cristianos son aproximadamente el 0,2%, de los que los ortodoxos son el 60%. \u00abSe calcula que en el pa\u00eds hay unos 35.000 cat\u00f3licos, pero son cifras muy aproximadas\u00bb, explica a ABC un portavoz de la Iglesia cat\u00f3lica en Turqu\u00eda, el sacerdote Claudio Monge. \u00abEl perfil est\u00e1 cambiando mucho. Pienso que la mitad son turcos, y la otra mitad emigrantes\u00bb, apunta Monge.<\/p>\n<p>\nUna misa multitudinaria\n<\/p>\n<p class=\"voc-p\" style=\"\">En la misa de Le\u00f3n hab\u00eda <a href=\"https:\/\/www.abc.es\/sociedad\/papa-celebra-misa-ante-4000-personas-estambul-20251129161130-nt.html\" rel=\"nofollow noopener\" target=\"_self\" data-voc-vtm-id=\"in-text-traffic\" title=\"unas 4.000 personas\" data-mrf-link=\"www.abc.es\">unas 4.000 personas<\/a>, cuatro veces m\u00e1s que en las que celebraron en este pa\u00eds sus predecesores Benedicto en 2006 y Francisco en 2014. Entonces las misas tuvieron lugar en la catedral del Esp\u00edritu Santo, y esta vez en un pabell\u00f3n deportivo. Entre los peregrinos hab\u00eda varias familias espa\u00f1olas, militares residentes en la base de la OTAN de Izmir. <\/p>\n<p class=\"voc-p\" style=\"\">Como simb\u00f3lico legado de esta visita, el Papa pidi\u00f3 a los cat\u00f3licos en la homil\u00eda que sean art\u00edfices \u00abde paz, de unidad y de reconciliaci\u00f3n\u00bb y que \u00abcuiden, refuercen y ampl\u00eden puentes\u00bb dentro de la propia Iglesia, con los otros cristianos en este pa\u00eds y con los musulmanes. La unidad de puertas adentro no es tan sencilla como parece pues \u00abdentro de esta Iglesia est\u00e1n presentes cuatro tradiciones lit\u00fargicas diferentes, la latina, la armenia, la caldea y la sir\u00edaca\u00bb, lo que es fuente tambi\u00e9n de malentendidos y celos entre comunidades.<\/p>\n<p class=\"voc-p\" style=\"\">Este s\u00e1bado el Papa tambi\u00e9n se reuni\u00f3 a puerta cerrada con los l\u00edderes de las Iglesias cristianas, en la \u00fanica iglesia que se ha inaugurado en este pa\u00eds desde que en 1923 naci\u00f3 la moderna rep\u00fablica turca. All\u00ed Le\u00f3n les plante\u00f3 el a\u00f1o 2033 como una meta para dar pasos importantes hacia la unidad entre cristianos, pues todos ellos conmemorar\u00e1n el 2000 aniversario de la Resurrecci\u00f3n de Cristo. \u00abEl Papa les ha invitado a recorrer juntos el camino espiritual que conduce al Jubileo de la Redenci\u00f3n en el a\u00f1o 2033, en la perspectiva de regresar a Jerusal\u00e9n, al Cen\u00e1culo, lugar de la \u00daltima Cena de Jes\u00fas con sus disc\u00edpulos, un viaje que lleve a la plena unidad\u00bb, ha asegurado el portavoz de la Santa Sede. <\/p>\n<p class=\"voc-p\" style=\"\">La visita a Turqu\u00eda concluye este domingo, cuando el Papa tiene previsto visitar el \u00abvaticano\u00bb del Patriarcado ecum\u00e9nico de Constantinopla, primus inter pares entre los patriarcas ortodoxos. Le\u00f3n XIV asistir\u00e1 a la divina liturgia por la fiesta del patr\u00f3n del Patriarcado, el ap\u00f3stol san Andr\u00e9s, para corresponder a la presencia de delegaciones ortodoxas de alto nivel en el funeral del Papa Francisco, la misa de inicio de su Pontificado y la fiesta del ap\u00f3stol san Pedro. El obispo de Roma almorzar\u00e1 con el Patriarca Bartolom\u00e9 I y se trasladar\u00e1 inmediatamente al aeropuerto de Estambul para partir rumbo al L\u00edbano.<\/p>\n<p>\nSu nuevo itinerario\n<\/p>\n<p class=\"voc-p\" style=\"\">El Papa aterrizar\u00e1 en Beirut a las 14:45 hora de Madrid, s\u00f3lo una semana despu\u00e9s de que Israel lanzara un ataque contra la capital libanesa para asesinar a Abu Ali Tabatabai, uno de los l\u00edderes militares de Hezbol\u00e1. La Santa Sede ha dise\u00f1ado esta visita para impulsar la estabilidad del pa\u00eds con m\u00e1s cristianos de Oriente Medio, presionar para que se aclare la explosi\u00f3n en el puerto de Beirut en agosto de 2020 que cost\u00f3 la vida a 218 personas, y dar las gracias a los cat\u00f3licos que no han abandonado la regi\u00f3n. <\/p>\n<p class=\"voc-p\" style=\"\">El Papa dedicar\u00e1 la tarde a los encuentros institucionales, pues se reunir\u00e1 con las tres principales autoridades del pa\u00eds, el presidente liban\u00e9s Joseph Aoun, cristiano; el primer ministro Nawaf Salam, musulm\u00e1n sunita; y el presidente de la Asamblea Nacional, Nabih Berri, musulm\u00e1n chiita. A \u00faltima hora tendr\u00e1 un discurso ante pol\u00edticos, diplom\u00e1ticos y exponentes de la sociedad civil libanesa. <\/p>\n<p class=\"voc-p\" style=\"\">Hezbol\u00e1 ha publicado un mensaje en redes sociales para saludar la visita la Papa y pedirle \u00abque rechace la injusticia y la agresi\u00f3n a la que est\u00e1 sometida nuestro pa\u00eds por invasores sionistas y quienes los sostienen\u00bb.<\/p>\n","protected":false},"excerpt":{"rendered":"Le\u00f3n XIV opt\u00f3 por no rezar durante su visita a la Mezquita Azul de Estambul e interrumpi\u00f3 la&hellip;\n","protected":false},"author":2,"featured_media":262961,"comment_status":"","ping_status":"","sticky":false,"template":"","format":"standard","meta":{"footnotes":""},"categories":[42],"tags":[17,18,65442,17777,13,14,11,5229,61,62,63,64,19,20,13831,17657,9,10,15,16,12629,18116,12,575,8584,21,22,4127,938,65,66,67],"class_list":{"0":"post-262960","1":"post","2":"type-post","3":"status-publish","4":"format-standard","5":"has-post-thumbnail","7":"category-internacional","8":"tag-breaking-news","9":"tag-breakingnews","10":"tag-declino","11":"tag-estambul","12":"tag-featured-news","13":"tag-featurednews","14":"tag-headlines","15":"tag-historica","16":"tag-internacional","17":"tag-international","18":"tag-international-news","19":"tag-internationalnews","20":"tag-latest-news","21":"tag-latestnews","22":"tag-libano","23":"tag-mezquita","24":"tag-news","25":"tag-noticias","26":"tag-noticias-destacadas","27":"tag-noticiasdestacadas","28":"tag-papa","29":"tag-rezar","30":"tag-titulares","31":"tag-tras","32":"tag-turquia","33":"tag-ultimas-noticias","34":"tag-ultimasnoticias","35":"tag-viaja","36":"tag-visita","37":"tag-world","38":"tag-world-news","39":"tag-worldnews"},"share_on_mastodon":{"url":"","error":"Validation failed: Text character limit of 500 exceeded"},"_links":{"self":[{"href":"https:\/\/www.europesays.com\/es\/wp-json\/wp\/v2\/posts\/262960","targetHints":{"allow":["GET"]}}],"collection":[{"href":"https:\/\/www.europesays.com\/es\/wp-json\/wp\/v2\/posts"}],"about":[{"href":"https:\/\/www.europesays.com\/es\/wp-json\/wp\/v2\/types\/post"}],"author":[{"embeddable":true,"href":"https:\/\/www.europesays.com\/es\/wp-json\/wp\/v2\/users\/2"}],"replies":[{"embeddable":true,"href":"https:\/\/www.europesays.com\/es\/wp-json\/wp\/v2\/comments?post=262960"}],"version-history":[{"count":0,"href":"https:\/\/www.europesays.com\/es\/wp-json\/wp\/v2\/posts\/262960\/revisions"}],"wp:featuredmedia":[{"embeddable":true,"href":"https:\/\/www.europesays.com\/es\/wp-json\/wp\/v2\/media\/262961"}],"wp:attachment":[{"href":"https:\/\/www.europesays.com\/es\/wp-json\/wp\/v2\/media?parent=262960"}],"wp:term":[{"taxonomy":"category","embeddable":true,"href":"https:\/\/www.europesays.com\/es\/wp-json\/wp\/v2\/categories?post=262960"},{"taxonomy":"post_tag","embeddable":true,"href":"https:\/\/www.europesays.com\/es\/wp-json\/wp\/v2\/tags?post=262960"}],"curies":[{"name":"wp","href":"https:\/\/api.w.org\/{rel}","templated":true}]}}