{"id":262962,"date":"2025-11-30T02:01:19","date_gmt":"2025-11-30T02:01:19","guid":{"rendered":"https:\/\/www.europesays.com\/es\/262962\/"},"modified":"2025-11-30T02:01:19","modified_gmt":"2025-11-30T02:01:19","slug":"ester-munoz-espana-esta-llamada-a-que-los-espanoles-votemos-y-decidamos-un-nuevo-gobierno-que-no-este-inmerso-en-una-corrupcion-sistemica-como-la-de-sanchez","status":"publish","type":"post","link":"https:\/\/www.europesays.com\/es\/262962\/","title":{"rendered":"Ester Mu\u00f1oz: \u201cEspa\u00f1a est\u00e1 llamada a que los espa\u00f1oles votemos y decidamos un nuevo gobierno que no est\u00e9 inmerso en una corrupci\u00f3n sist\u00e9mica como la de S\u00e1nchez\u201d"},"content":{"rendered":"<p><strong>En una entrevista en \u201cParlamento\u201d de RNE<\/strong><\/p>\n<p>La portavoz del Grupo Popular en el Congreso, Ester Mu\u00f1oz, hace un llamamiento a los ciudadanos para que \u201cpuedan protestar y pedir elecciones libremente en la calle\u201d durante la movilizaci\u00f3n de este domingo en Madrid<\/p>\n<p>Califica de \u201cterribles\u201d las im\u00e1genes de un diputado en activo entrando en prisi\u00f3n, algo ins\u00f3lito y nunca visto. \u201cVer y escuchar a gente del PSOE decir que estos se\u00f1ores no tienen nada que ver con el Partido Socialista es duro, porque \u00c1balos y Cerd\u00e1n no es que fueran del PSOE, son el PSOE\u201d, asevera<\/p>\n<p>Asegura que \u201c\u00c1balos adem\u00e1s de ser ministro, lo era todo en el Partido Socialista, y por tanto es lo que une esa corrupci\u00f3n sist\u00e9mica entre el PSOE y el Gobierno de Espa\u00f1a\u201d. \u201cTodos sabemos que una vez que el PSOE le pidi\u00f3 el acta, estaban hablando con \u00e9l y ha habido contacto despu\u00e9s, por lo que todo era una farsa\u201d, remarca<\/p>\n<p>Recuerda que S\u00e1nchez no tiene una mayor\u00eda en el Parlamento, \u201cahora tiene una mayor\u00eda absoluta en contra, lo hemos visto en la \u00faltima votaci\u00f3n de este jueves cuando no ha podido aprobar la senda de d\u00e9ficit\u201d<\/p>\n<p>Considera \u201cimposible\u201d pactar algo con el Gobierno, al que califica de ser \u201cel Gobierno del muro que pretende arrinconar a la mitad de los espa\u00f1oles por no pensar como ellos\u201d<\/p>\n<p>A su juicio, sostiene que es \u201cimportante mantener di\u00e1logo con todas las fuerzas pol\u00edticas\u201d, al tiempo que se\u00f1ala cuales son las l\u00edneas rojas del Partido Popular: \u201cel \u00fanico partido con el que no tenemos ning\u00fan tipo de relaci\u00f3n es con Bildu\u201d. Y tacha de \u201cincoherente\u201d la postura del PNV, \u201ctiene que decidir qu\u00e9 quiere ser, no se puede criticar la corrupci\u00f3n y sostener a un gobierno corrupto\u201d<\/p>\n<p>Sobre Teresa Peramato, propuesta para fiscal general del Estado, se\u00f1ala que \u201cno me parece un buen comienzo haber defendido la Ley del \u201csolo s\u00ed es s\u00ed\u201d, que ha tra\u00eddo tantos disgustos a los espa\u00f1oles\u201d. \u201cA la gente se nos juzga por nuestros hechos, y vamos a ver cu\u00e1les son los de la nueva fiscal general del Estado\u201d<\/p>\n<p>En cuanto a los compromisos de P\u00e9rez Llorca ante los valencianos, la portavoz del GPP recuerda que el Partido Popular siempre ha querido y ha pedido desde el minuto uno \u201cestabilidad en Valencia para que se pueda reconstruir la Comunidad Valenciana\u201d. \u201cLos presupuestos que se pactaron fueron orientados principalmente a la reconstrucci\u00f3n de Valencia y ahora el nuevo pacto es para dar estabilidad a esa CCAA\u201d, concluye<\/p>\n","protected":false},"excerpt":{"rendered":"En una entrevista en \u201cParlamento\u201d de RNE La portavoz del Grupo Popular en el Congreso, Ester Mu\u00f1oz, hace&hellip;\n","protected":false},"author":2,"featured_media":262963,"comment_status":"","ping_status":"","sticky":false,"template":"","format":"standard","meta":{"footnotes":""},"categories":[8],"tags":[17,18,25,24,13,14,11,19,20,9,10,15,16,23,12,21,22],"class_list":{"0":"post-262962","1":"post","2":"type-post","3":"status-publish","4":"format-standard","5":"has-post-thumbnail","7":"category-espana","8":"tag-breaking-news","9":"tag-breakingnews","10":"tag-es","11":"tag-espana","12":"tag-featured-news","13":"tag-featurednews","14":"tag-headlines","15":"tag-latest-news","16":"tag-latestnews","17":"tag-news","18":"tag-noticias","19":"tag-noticias-destacadas","20":"tag-noticiasdestacadas","21":"tag-spain","22":"tag-titulares","23":"tag-ultimas-noticias","24":"tag-ultimasnoticias"},"share_on_mastodon":{"url":"https:\/\/pubeurope.com\/@es\/115636187018386019","error":""},"_links":{"self":[{"href":"https:\/\/www.europesays.com\/es\/wp-json\/wp\/v2\/posts\/262962","targetHints":{"allow":["GET"]}}],"collection":[{"href":"https:\/\/www.europesays.com\/es\/wp-json\/wp\/v2\/posts"}],"about":[{"href":"https:\/\/www.europesays.com\/es\/wp-json\/wp\/v2\/types\/post"}],"author":[{"embeddable":true,"href":"https:\/\/www.europesays.com\/es\/wp-json\/wp\/v2\/users\/2"}],"replies":[{"embeddable":true,"href":"https:\/\/www.europesays.com\/es\/wp-json\/wp\/v2\/comments?post=262962"}],"version-history":[{"count":0,"href":"https:\/\/www.europesays.com\/es\/wp-json\/wp\/v2\/posts\/262962\/revisions"}],"wp:featuredmedia":[{"embeddable":true,"href":"https:\/\/www.europesays.com\/es\/wp-json\/wp\/v2\/media\/262963"}],"wp:attachment":[{"href":"https:\/\/www.europesays.com\/es\/wp-json\/wp\/v2\/media?parent=262962"}],"wp:term":[{"taxonomy":"category","embeddable":true,"href":"https:\/\/www.europesays.com\/es\/wp-json\/wp\/v2\/categories?post=262962"},{"taxonomy":"post_tag","embeddable":true,"href":"https:\/\/www.europesays.com\/es\/wp-json\/wp\/v2\/tags?post=262962"}],"curies":[{"name":"wp","href":"https:\/\/api.w.org\/{rel}","templated":true}]}}