{"id":262966,"date":"2025-11-30T02:10:13","date_gmt":"2025-11-30T02:10:13","guid":{"rendered":"https:\/\/www.europesays.com\/es\/262966\/"},"modified":"2025-11-30T02:10:13","modified_gmt":"2025-11-30T02:10:13","slug":"el-baloncesto-rinde-homenaje-a-samu-esteban-poncela","status":"publish","type":"post","link":"https:\/\/www.europesays.com\/es\/262966\/","title":{"rendered":"El baloncesto rinde homenaje a Samu Esteban Poncela"},"content":{"rendered":"<p><a class=\"v-mdl-ath__fig-a\" href=\"https:\/\/www.elcomercio.es\/autor\/fernando-del-busto-250.html\" title=\"Fernando Del Busto\" rel=\"nofollow noopener\" target=\"_blank\"><br \/>\n<img decoding=\"async\" class=\"v-mdl-ath__img\" src=\"https:\/\/www.europesays.com\/es\/wp-content\/uploads\/2025\/09\/autor-250-foto-2.jpeg\" alt=\"Fernando Del Busto\"\/><br \/>\n<\/a><\/p>\n<p class=\"v-mdl-ath__p v-mdl-ath__p--6\">\nS\u00e1bado, 29 de noviembre 2025, 23:11<\/p>\n<p class=\"v-p\">El fuerte aplauso que ha sonado esta tarde en la pista central del Complejo Deportivo Avil\u00e9s ha canalizado las emociones vividas por la familia del Adba Sanfer despu\u00e9s de que el ni\u00f1o de 12 a\u00f1os, Samuel Esteban Poncela, &#8216;Samu&#8217; <a href=\"https:\/\/www.elcomercio.es\/aviles\/fallece-nino-aviles-entrenamiento-colegio-san-fernando-20251126093255-nt.html\" target=\"_self\" data-voc-vtm-id=\"in-text-traffic\" title=\"falleciese\" data-mrf-link=\"www.elcomercio.es\" rel=\"nofollow noopener\">falleciese<\/a> el pasado martes de manera s\u00fabita. \u00abLlevo en el baloncesto desde 1987 y esta ha sido la semana m\u00e1s horrible de todas\u00bb, expresaba Mar\u00eda Jos\u00e9 Ondina, presidenta del ADBA-Sanfer.<\/p>\n<p class=\"v-p\">El homenaje fue tan sencillo como emotivo, aprovechando el partido oficial entre el ADBA-Sanfer en el Robles-Lleida de la Liga Femenina 2. Una vez presentados los equipos, salieron a la pista los <a href=\"https:\/\/www.elcomercio.es\/aviles\/aviles-luto-instituto-carreno-miranda-colegio-san-fernando-aviles-muerte-alumno-20251127065343-nt.html\" target=\"_self\" data-voc-vtm-id=\"in-text-traffic\" title=\"compa\u00f1eros\" data-mrf-link=\"www.elcomercio.es\" rel=\"nofollow noopener\">compa\u00f1eros<\/a> de Samu, tanto del San Fernando como integrantes del equipo del Enrique Alonso, donde hab\u00eda jugado hasta el curso pasado, depositando un clavel blanco delante de su camiseta. Delante de la mesa un cartel aseveraba: \u00abSiempre con nosotros\u00bb. Despu\u00e9s del minuto de silencio, la ovaci\u00f3n del pabell\u00f3n fue el gran abrazo de los asistentes a los familiares del deportista que acudieron al homenaje.<\/p>\n<p>\u00abLo superaremos con el coraz\u00f3n\u00bb<\/p>\n<p class=\"v-p\">\u00abEn el ABDA somos una familia y lo vamos a superar todos unidos, apoy\u00e1ndonos unos a otros y con el coraz\u00f3n\u00bb, aseguraba minutos antes del homenaje Mar\u00eda Pi\u00f1era, coordinadora del ABDA-Sanfer que, como todos los entrenadores, luc\u00eda un cresp\u00f3n negr\u00f3. Pi\u00f1era recordaba esta tarde a &#8216;Samu&#8217; como \u00abun ni\u00f1o muy feliz, alegre y que disfrutaba con el baloncesto y sus compa\u00f1eros\u00bb. Pi\u00f1era explic\u00f3 que en estos momentos desde el club se arropaba tanto a la familia como a los compa\u00f1eros del joven. \u00abVamos a seguir adelante por \u00e9l. Son ni\u00f1os y en algunos momentos son ellos los que tiran de nosotros\u00bb.<\/p>\n<p class=\"v-p\">Mar\u00eda Jes\u00fas Ondina mostraba su confianza en los valores del deporte para superar la actual situaci\u00f3n. Record\u00f3 que el club hab\u00eda contado con el apoyo de un psic\u00f3logo para apoyar a los menores. \u00abEl deporte es alegr\u00eda, esto es algo que nunca deber\u00eda haber pasado. Es horrible\u00bb, concluy\u00f3.<\/p>\n<p>Reporta un error<\/p>\n","protected":false},"excerpt":{"rendered":"S\u00e1bado, 29 de noviembre 2025, 23:11 El fuerte aplauso que ha sonado esta tarde en la pista central&hellip;\n","protected":false},"author":2,"featured_media":262967,"comment_status":"","ping_status":"","sticky":false,"template":"","format":"standard","meta":{"footnotes":""},"categories":[269],"tags":[299,298,168,25,24,16142,6552,65443,3656,17655,23,167],"class_list":{"0":"post-262966","1":"post","2":"type-post","3":"status-publish","4":"format-standard","5":"has-post-thumbnail","7":"category-baloncesto","8":"tag-baloncesto","9":"tag-basketball","10":"tag-deportes","11":"tag-es","12":"tag-espana","13":"tag-esteban","14":"tag-homenaje","15":"tag-poncela","16":"tag-rinde","17":"tag-samu","18":"tag-spain","19":"tag-sports"},"share_on_mastodon":{"url":"https:\/\/pubeurope.com\/@es\/115636222768823441","error":""},"_links":{"self":[{"href":"https:\/\/www.europesays.com\/es\/wp-json\/wp\/v2\/posts\/262966","targetHints":{"allow":["GET"]}}],"collection":[{"href":"https:\/\/www.europesays.com\/es\/wp-json\/wp\/v2\/posts"}],"about":[{"href":"https:\/\/www.europesays.com\/es\/wp-json\/wp\/v2\/types\/post"}],"author":[{"embeddable":true,"href":"https:\/\/www.europesays.com\/es\/wp-json\/wp\/v2\/users\/2"}],"replies":[{"embeddable":true,"href":"https:\/\/www.europesays.com\/es\/wp-json\/wp\/v2\/comments?post=262966"}],"version-history":[{"count":0,"href":"https:\/\/www.europesays.com\/es\/wp-json\/wp\/v2\/posts\/262966\/revisions"}],"wp:featuredmedia":[{"embeddable":true,"href":"https:\/\/www.europesays.com\/es\/wp-json\/wp\/v2\/media\/262967"}],"wp:attachment":[{"href":"https:\/\/www.europesays.com\/es\/wp-json\/wp\/v2\/media?parent=262966"}],"wp:term":[{"taxonomy":"category","embeddable":true,"href":"https:\/\/www.europesays.com\/es\/wp-json\/wp\/v2\/categories?post=262966"},{"taxonomy":"post_tag","embeddable":true,"href":"https:\/\/www.europesays.com\/es\/wp-json\/wp\/v2\/tags?post=262966"}],"curies":[{"name":"wp","href":"https:\/\/api.w.org\/{rel}","templated":true}]}}