{"id":262970,"date":"2025-11-30T02:12:15","date_gmt":"2025-11-30T02:12:15","guid":{"rendered":"https:\/\/www.europesays.com\/es\/262970\/"},"modified":"2025-11-30T02:12:15","modified_gmt":"2025-11-30T02:12:15","slug":"es-el-mayor-regalo-que-me-ha-pasado-nunca","status":"publish","type":"post","link":"https:\/\/www.europesays.com\/es\/262970\/","title":{"rendered":"Es el mayor regalo que me ha pasado nunca"},"content":{"rendered":"<p>\u00a1Ya solo quedan horas para el gran estreno de Las hijas de la criada! Ma\u00f1ana podremos disfrutar <b><a title=\"del primer cap\u00edtulo de la serie en atresplayer\" href=\"https:\/\/www.atresplayer.com\/antena3\/series\/las-hijas-de-la-criada\/\" target=\"_blank\" rel=\"nofollow noopener\">del primer cap\u00edtulo de la serie en atresplayer<\/a><\/b> y el equipo no puede estar m\u00e1s emocionado por ello.<\/p>\n<p>Durante la <b>premier <\/b>celebrada en los Cines Callao el jueves, les hemos preguntado a los protagonistas de esta historia c\u00f3mo se sienten y qu\u00e9 esperan de este gran proyecto.<\/p>\n<p>\u00abEs el mayor regalo que me ha pasado nunca\u00bb, nos confesaba <b>Carlota Bar\u00f3 <\/b>sobre el gran reto profesional que ha sido interpretar a <b>Renata<\/b>. Sin duda, su personaje est\u00e1 lleno de matices y es clave en esta historia.<\/p>\n<p>Todos est\u00e1n convencidos de que los espectadores conectar\u00e1n con Las hijas de la criada desde el primer momento. \u00abTiene todos elementos para que la gente se enganche\u00bb, recalcaba <b>Ver\u00f3nica S\u00e1nchez, In\u00e9s<\/b> en la serie. \u00a1No te pierdas todo lo que nos han contado en el v\u00eddeo de arriba!<\/p>\n<p>   <img decoding=\"async\" title=\"Sonsoles \u00d3nega\" alt=\"Sonsoles \u00d3nega\" width=\"480\" height=\"270\" src=\"https:\/\/www.europesays.com\/es\/wp-content\/uploads\/2025\/11\/sonsoles-onega_70.jpg\" loading=\"lazy\" class=\"lazy\"\/><\/p>\n","protected":false},"excerpt":{"rendered":"\u00a1Ya solo quedan horas para el gran estreno de Las hijas de la criada! Ma\u00f1ana podremos disfrutar del&hellip;\n","protected":false},"author":2,"featured_media":262971,"comment_status":"","ping_status":"","sticky":false,"template":"","format":"standard","meta":{"footnotes":""},"categories":[174],"tags":[255,146,147,25,24,256,23],"class_list":{"0":"post-262970","1":"post","2":"type-post","3":"status-publish","4":"format-standard","5":"has-post-thumbnail","7":"category-famosos","8":"tag-celebrities","9":"tag-entertainment","10":"tag-entretenimiento","11":"tag-es","12":"tag-espana","13":"tag-famosos","14":"tag-spain"},"share_on_mastodon":{"url":"https:\/\/pubeurope.com\/@es\/115636230328393337","error":""},"_links":{"self":[{"href":"https:\/\/www.europesays.com\/es\/wp-json\/wp\/v2\/posts\/262970","targetHints":{"allow":["GET"]}}],"collection":[{"href":"https:\/\/www.europesays.com\/es\/wp-json\/wp\/v2\/posts"}],"about":[{"href":"https:\/\/www.europesays.com\/es\/wp-json\/wp\/v2\/types\/post"}],"author":[{"embeddable":true,"href":"https:\/\/www.europesays.com\/es\/wp-json\/wp\/v2\/users\/2"}],"replies":[{"embeddable":true,"href":"https:\/\/www.europesays.com\/es\/wp-json\/wp\/v2\/comments?post=262970"}],"version-history":[{"count":0,"href":"https:\/\/www.europesays.com\/es\/wp-json\/wp\/v2\/posts\/262970\/revisions"}],"wp:featuredmedia":[{"embeddable":true,"href":"https:\/\/www.europesays.com\/es\/wp-json\/wp\/v2\/media\/262971"}],"wp:attachment":[{"href":"https:\/\/www.europesays.com\/es\/wp-json\/wp\/v2\/media?parent=262970"}],"wp:term":[{"taxonomy":"category","embeddable":true,"href":"https:\/\/www.europesays.com\/es\/wp-json\/wp\/v2\/categories?post=262970"},{"taxonomy":"post_tag","embeddable":true,"href":"https:\/\/www.europesays.com\/es\/wp-json\/wp\/v2\/tags?post=262970"}],"curies":[{"name":"wp","href":"https:\/\/api.w.org\/{rel}","templated":true}]}}