{"id":262974,"date":"2025-11-30T02:18:10","date_gmt":"2025-11-30T02:18:10","guid":{"rendered":"https:\/\/www.europesays.com\/es\/262974\/"},"modified":"2025-11-30T02:18:10","modified_gmt":"2025-11-30T02:18:10","slug":"las-reflexiones-de-un-pensativo-flick-a-su-confidente-raphinha","status":"publish","type":"post","link":"https:\/\/www.europesays.com\/es\/262974\/","title":{"rendered":"Las reflexiones de un pensativo Flick a su confidente Raphinha"},"content":{"rendered":"<p data-gtm-element-container=\"modulo-texto-link\" class=\"paragraph\"><strong>Hansi Flick <\/strong>no acab\u00f3 del todo satisfecho tras la victoria contra el <strong>Alav\u00e9s <\/strong>(3-1) en el <strong>Spotify Camp Nou<\/strong>. El t\u00e9cnico azulgrana reconoci\u00f3 en rueda de prensa que todav\u00eda espera una mayor mejora colectiva para que el equipo desarrolle su idea de juego y las c\u00e1maras de DAZN captaron su preocupaci\u00f3n tras el pitido final, cuando intercambi\u00f3 algunas impresiones con <strong>Raphinha<\/strong>.<\/p>\n<p>    Lee tambi\u00e9n<\/p>\n<p data-gtm-element-container=\"modulo-texto-link\" class=\"paragraph\">Con semblante serio y la mirada perdida, <strong>Flick <\/strong>neg\u00f3 en un par de ocasiones con la cabeza a <strong>Raphinha <\/strong>y se le vio bastante afectado, como si no estuviera contento con lo que hab\u00eda visto durante el encuentro contra el <strong>Alav\u00e9s<\/strong>. Ahora bien, seg\u00fan inform\u00f3 <strong>TV3<\/strong>, el semblante de <strong>Flick <\/strong>ten\u00eda que ver con la reacci\u00f3n de los \u00e1rbitros y su falta de comunicaci\u00f3n, un problema end\u00e9mico. <strong>Ortiz Arias <\/strong>expuls\u00f3 por protestar a sus asistentes <strong>Jos\u00e9 Ram\u00f3n de la<\/strong> <strong>Fuente <\/strong>en el minuto 65 y <strong>Marcus Sorg <\/strong>en el minuto 90. En rueda de prensa, el t\u00e9cnico del <strong>Bar\u00e7a <\/strong>expres\u00f3 su contrariedad: \u00abLe he pedido al cuarto \u00e1rbitro qu\u00e9 hab\u00eda pasado y me ha dicho que nada. Me ha faltado un poco de comunicaci\u00f3n con el cuarto \u00e1rbitro. Si me dice que pidiera calma a mi banquillo, lo habr\u00eda hecho\u201d.<\/p>\n<blockquote class=\"instagram-media\" data-instgrm-captioned=\"\" data-instgrm-version=\"6\" style=\"background: #FFF; border: 0; border-radius: 3px; box-shadow: 0 0 1px 0 rgba(0,&#10;0, 0, 0.5), 0 1px 10px 0 rgba(0, 0, 0, 0.15); margin: 1px; max-width: 658px; padding: 0;&#10;width: 99.375%; width: -webkit-calc(100% - 2px); width: calc(100% - 2px);\">\n<\/blockquote>\n<p data-gtm-element-container=\"modulo-texto-link\" class=\"paragraph\"><strong>Raphinha <\/strong>fue preguntado por la charla que mantuvo con <strong>Flick <\/strong>y el brasile\u00f1o admiti\u00f3 que \u00abel m\u00edster ha sentido que pudimos hacer mucho m\u00e1s en el campo\u00bb, lo que gener\u00f3 preocupaci\u00f3n al entrenador del Bar\u00e7a.<\/p>\n<p data-gtm-element-container=\"modulo-texto-link\" class=\"paragraph\">\u00abComo jugadores, tambi\u00e9n sabemos que podemos hacerlo mejor. La sensaci\u00f3n suya es que el equipo no est\u00e1 jugando en su mejor versi\u00f3n. Yo creo tambi\u00e9n que no estamos en nuestra mejor versi\u00f3n y tenemos que mejorar much\u00edsimo. En el partido de hoy lo m\u00e1s importante era salir con la victoria. Las cosas malas que estamos haciendo, tenemos tiempo de arreglarlas. Estoy seguro de que volveremos a nuestra mejor versi\u00f3n y ganaremos partidos jugando bien, pero si hay partidos que tenemos que jugar mal y ganar, me da igual. Lo importante es ganar\u00bb, se\u00f1al\u00f3 <strong>Raphinha <\/strong>sobre su conversaci\u00f3n con <strong>Flick<\/strong>.<\/p>\n<p data-gtm-element-container=\"modulo-texto-link\" class=\"paragraph\"><strong>Flick <\/strong>tambi\u00e9n habl\u00f3 sobre <strong>Raphinha <\/strong>en sala de prensa y apunt\u00f3 que el brasile\u00f1o \u00abnos da mucho dinamismo y es muy importante\u00bb, para luego se\u00f1alar que \u00abes muy bueno tenerle de vuelta\u00bb. El &#8217;11&#8217; es una pieza clave para que el engranaje del <strong>Bar\u00e7a <\/strong>de <strong>Flick <\/strong>est\u00e9 en buena din\u00e1mica.<\/p>\n","protected":false},"excerpt":{"rendered":"Hansi Flick no acab\u00f3 del todo satisfecho tras la victoria contra el Alav\u00e9s (3-1) en el Spotify Camp&hellip;\n","protected":false},"author":2,"featured_media":262975,"comment_status":"","ping_status":"","sticky":false,"template":"","format":"standard","meta":{"footnotes":""},"categories":[93],"tags":[168,25,24,23,167],"class_list":{"0":"post-262974","1":"post","2":"type-post","3":"status-publish","4":"format-standard","5":"has-post-thumbnail","7":"category-deportes","8":"tag-deportes","9":"tag-es","10":"tag-espana","11":"tag-spain","12":"tag-sports"},"share_on_mastodon":{"url":"https:\/\/pubeurope.com\/@es\/115636253696702840","error":""},"_links":{"self":[{"href":"https:\/\/www.europesays.com\/es\/wp-json\/wp\/v2\/posts\/262974","targetHints":{"allow":["GET"]}}],"collection":[{"href":"https:\/\/www.europesays.com\/es\/wp-json\/wp\/v2\/posts"}],"about":[{"href":"https:\/\/www.europesays.com\/es\/wp-json\/wp\/v2\/types\/post"}],"author":[{"embeddable":true,"href":"https:\/\/www.europesays.com\/es\/wp-json\/wp\/v2\/users\/2"}],"replies":[{"embeddable":true,"href":"https:\/\/www.europesays.com\/es\/wp-json\/wp\/v2\/comments?post=262974"}],"version-history":[{"count":0,"href":"https:\/\/www.europesays.com\/es\/wp-json\/wp\/v2\/posts\/262974\/revisions"}],"wp:featuredmedia":[{"embeddable":true,"href":"https:\/\/www.europesays.com\/es\/wp-json\/wp\/v2\/media\/262975"}],"wp:attachment":[{"href":"https:\/\/www.europesays.com\/es\/wp-json\/wp\/v2\/media?parent=262974"}],"wp:term":[{"taxonomy":"category","embeddable":true,"href":"https:\/\/www.europesays.com\/es\/wp-json\/wp\/v2\/categories?post=262974"},{"taxonomy":"post_tag","embeddable":true,"href":"https:\/\/www.europesays.com\/es\/wp-json\/wp\/v2\/tags?post=262974"}],"curies":[{"name":"wp","href":"https:\/\/api.w.org\/{rel}","templated":true}]}}