{"id":262976,"date":"2025-11-30T02:20:21","date_gmt":"2025-11-30T02:20:21","guid":{"rendered":"https:\/\/www.europesays.com\/es\/262976\/"},"modified":"2025-11-30T02:20:21","modified_gmt":"2025-11-30T02:20:21","slug":"las-fotos-con-sus-5-hijos-en-su-ultima-escapada-a-londres","status":"publish","type":"post","link":"https:\/\/www.europesays.com\/es\/262976\/","title":{"rendered":"las fotos con sus 5 hijos en su \u00faltima escapada a Londres"},"content":{"rendered":"<p id=\"evPeQ9H9M0\" data-wc=\"74\"><strong>No es muy habitual ver a Blanca Cuesta y Borja Thyssen y todav\u00eda menos acompa\u00f1ados por toda su prole.<\/strong> <a class=\"hm-link ho-link\" href=\"https:\/\/www.hola.com\/actualidad\/20251015861366\/todas-fotos-original-boda-francesca-thyssen-venecia-detalles-sorprendente-puesta-escena\/\" data-mrf-recirculation=\"article-body-link\" rel=\"nofollow noopener\" target=\"_blank\">De hecho, la \u00faltima vez que vimos al matrimonio fue el pasado 10 de octubre en Venecia, en la boda de Francesca Thyssen, aunque s\u00f3lo acudieron con dos de sus cinco hijos.<\/a> Por eso, llaman la atenci\u00f3n estas im\u00e1genes que publica \u00a1HOLA!\u00a0en exclusiva de <strong>la familia al completo,<\/strong> en su \u00faltima escapada a Londres.<\/p>\n<p id=\"eFNtkkv9QG\" data-wc=\"63\">Las im\u00e1genes que ilustran estas l\u00edneas fueron tomadas este mi\u00e9rcoles 26 de noviembre en <strong>South Kensington<\/strong>. Adem\u00e1s de ser una de las zonas <strong>m\u00e1s exclusivas de la capital brit\u00e1nica<\/strong>, el barrio cuenta con varios museos: el de Ciencias, el de Historia Natural y Victoria &amp; Albert Museum, que est\u00e1 dedicado a las bellas artes, una de las grandes pasiones de Blanca y Borja.<\/p>\n<p> <img src=\"https:\/\/www.europesays.com\/es\/wp-content\/uploads\/2025\/11\/6e93e2c0a04d-foto-2.png\"   width=\"690\" height=\"1024\" loading=\"lazy\" decoding=\"async\" alt=\"Blanca Cuesta, caminando con sus hijos por Londres\" fetchpriority=\"auto\" class=\"image ho-image\"\/>\u00a9 \u00a1HOLA!Blanca Cuesta, caminando con sus hijos por Londres<\/p>\n<p> <img src=\"https:\/\/www.europesays.com\/es\/wp-content\/uploads\/2025\/11\/7a31b7b6d38d-foto-3.png\"   width=\"1024\" height=\"1000\" loading=\"lazy\" decoding=\"async\" alt=\"Blanca Cuesta y Borja Thyssen en la capital brit\u00e1nica\" fetchpriority=\"auto\" class=\"image ho-image\"\/>\u00a9 \u00a1HOLA!El matrimonio en la capital brit\u00e1nica<\/p>\n<p id=\"exrLPlU6op\" data-wc=\"76\">De hecho, <strong>fue a la salida de una de estas pinacotecas<\/strong> donde nos encontramos al matrimonio y sus cinco hijos, quienes<strong>\u00a0sorprenden por lo mayores que est\u00e1n<\/strong>. No s\u00f3lo <strong>Sacha<\/strong>, que alcanzar\u00e1 la mayor\u00eda de edad el pr\u00f3ximo 31 de enero, sino tambi\u00e9n sus cuatro hermanos: <strong>Eric<\/strong>, de 15 a\u00f1os; <strong>Enzo<\/strong>, que acaba de cumplir los trece; <strong>Kala<\/strong>, que soplar\u00e1 once velas este domingo 30 y la peque\u00f1a <strong>India<\/strong>, que cumplir\u00e1 cinco a\u00f1os en un mes.<\/p>\n<p> <img src=\"https:\/\/www.europesays.com\/es\/wp-content\/uploads\/2025\/11\/a0fe75987109-foto-4.png\"   width=\"634\" height=\"1024\" loading=\"lazy\" decoding=\"async\" alt=\"Sacha Thyssen en Londres\" fetchpriority=\"auto\" class=\"image ho-image\"\/>\u00a9 \u00a1HOLA!Sacha Thyssen<\/p>\n<p> <img src=\"https:\/\/www.europesays.com\/es\/wp-content\/uploads\/2025\/11\/e5fdcbcc2bf8-foto-5.png\"   width=\"614\" height=\"1024\" loading=\"lazy\" decoding=\"async\" alt=\"Sacha, \" fetchpriority=\"auto\" class=\"image ho-image\"\/>\u00a9 \u00a1HOLA!Sacha, Eric y Enzo Thyssen <\/p>\n<p id=\"eSyn_WTiIp\" data-wc=\"74\">En este \u00faltimo viaje en familia, <strong>Blanca y Borja han podido celebrar por adelantado el cumplea\u00f1os de su hija K<\/strong><strong>ala, al igual que su reciente aniversario de boda,<\/strong> que tuvo lugar el pasado 10 de octubre. Gracias a esta escapada, la pareja tambi\u00e9n ha podido evadirse con sus hijos despu\u00e9s de su reciente p\u00e9rdida; <a class=\"hm-link ho-link\" href=\"https:\/\/www.hola.com\/actualidad\/20251016862010\/muere-su-hermano-blanca-cuesta-mujer-de-borja-thyssen\/\" data-mrf-recirculation=\"article-body-link\" rel=\"nofollow noopener\" target=\"_blank\">Rafael Cuesta, hermano de Blanca, falleci\u00f3 a mediados de octubre, a sus 56 a\u00f1os, tras luchar contra una larga enfermedad.<\/a><\/p>\n<p> <img src=\"https:\/\/www.europesays.com\/es\/wp-content\/uploads\/2025\/11\/bc904031b3be-foto-6.png\"   width=\"1024\" height=\"983\" loading=\"lazy\" decoding=\"async\" alt=\"Blanca con sus hijos Eric y Kala\" fetchpriority=\"auto\" class=\"image ho-image\"\/>\u00a9 \u00a1HOLA!Blanca con sus hijos <\/p>\n<p> <img src=\"https:\/\/www.europesays.com\/es\/wp-content\/uploads\/2025\/11\/b7b39281aed6-foto-7.png\"   width=\"1024\" height=\"990\" loading=\"lazy\" decoding=\"async\" alt=\"El matrimonio en su escapada por Reino Unido\" fetchpriority=\"auto\" class=\"image ho-image\"\/>\u00a9 \u00a1HOLA!El matrimonio en su escapada por Reino Unido<\/p>\n<p id=\"eQKjU-_u23\" data-wc=\"76\">En Londres, Borja Thyssen y su mujer han vuelto a pasear por las calles que tanto conocen. <strong>No hay que olvidar que estuvieron viviendo en la capital brit\u00e1nica entre agosto de 2016 y enero de 2017<\/strong>. En la actualidad, Blanca Cuesta \u2013que, desde a\u00f1os, <strong>est\u00e1 volcada en su faceta art\u00edstica como pintora y escultora<\/strong>\u2013, reside en Madrid, donde est\u00e1n escolarizados sus hijos. Por su parte, Borja vive a caballo entre Madrid y Andorra, entre otras ciudades.<\/p>\n<p> <img src=\"https:\/\/www.europesays.com\/es\/wp-content\/uploads\/2025\/11\/89f71feb2300-foto-8.png\"   width=\"1024\" height=\"800\" loading=\"lazy\" decoding=\"async\" alt=\"La familia al completo\" fetchpriority=\"auto\" class=\"image ho-image\"\/>\u00a9 \u00a1HOLA!La familia al completo<\/p>\n<p id=\"e1nQDQ_49p\" data-wc=\"103\">El pasado agosto, El Espa\u00f1ol\u00a0inform\u00f3 que el matrimonio <strong>estaba terminando de construir una nueva casa<\/strong>, con once habitaciones, en<strong>\u00a0La Finca<\/strong>, la exclusiva urbanizaci\u00f3n que se encuentra a las afueras de la capital. Adem\u00e1s, el citado peri\u00f3dico apuntaba que <strong>ser\u00e1 en primavera del pr\u00f3ximo a\u00f1o cuando finalicen las obras de esta mansi\u00f3n<\/strong>, construida en un terreno de 10 mil metros cuadrados y valorada en 10 millones de euros. En 2022, Vanitatis public\u00f3 que Borja y Blanca se hab\u00edan comprado una vivienda en <strong>Dub\u00e1i y otra en Gstaad<\/strong> (Suiza), que es, sin duda, <strong>un lugar estupendo para pasar las pr\u00f3ximas vacaciones de Navida<\/strong><\/p>\n","protected":false},"excerpt":{"rendered":"No es muy habitual ver a Blanca Cuesta y Borja Thyssen y todav\u00eda menos acompa\u00f1ados por toda su&hellip;\n","protected":false},"author":2,"featured_media":262977,"comment_status":"","ping_status":"","sticky":false,"template":"","format":"standard","meta":{"footnotes":""},"categories":[91],"tags":[517,65444,51604,146,147,25,24,23],"class_list":{"0":"post-262976","1":"post","2":"type-post","3":"status-publish","4":"format-standard","5":"has-post-thumbnail","7":"category-entretenimiento","8":"tag-actualidad","9":"tag-blanca-cuesta","10":"tag-borja-thyssen","11":"tag-entertainment","12":"tag-entretenimiento","13":"tag-es","14":"tag-espana","15":"tag-spain"},"share_on_mastodon":{"url":"https:\/\/pubeurope.com\/@es\/115636262068335711","error":""},"_links":{"self":[{"href":"https:\/\/www.europesays.com\/es\/wp-json\/wp\/v2\/posts\/262976","targetHints":{"allow":["GET"]}}],"collection":[{"href":"https:\/\/www.europesays.com\/es\/wp-json\/wp\/v2\/posts"}],"about":[{"href":"https:\/\/www.europesays.com\/es\/wp-json\/wp\/v2\/types\/post"}],"author":[{"embeddable":true,"href":"https:\/\/www.europesays.com\/es\/wp-json\/wp\/v2\/users\/2"}],"replies":[{"embeddable":true,"href":"https:\/\/www.europesays.com\/es\/wp-json\/wp\/v2\/comments?post=262976"}],"version-history":[{"count":0,"href":"https:\/\/www.europesays.com\/es\/wp-json\/wp\/v2\/posts\/262976\/revisions"}],"wp:featuredmedia":[{"embeddable":true,"href":"https:\/\/www.europesays.com\/es\/wp-json\/wp\/v2\/media\/262977"}],"wp:attachment":[{"href":"https:\/\/www.europesays.com\/es\/wp-json\/wp\/v2\/media?parent=262976"}],"wp:term":[{"taxonomy":"category","embeddable":true,"href":"https:\/\/www.europesays.com\/es\/wp-json\/wp\/v2\/categories?post=262976"},{"taxonomy":"post_tag","embeddable":true,"href":"https:\/\/www.europesays.com\/es\/wp-json\/wp\/v2\/tags?post=262976"}],"curies":[{"name":"wp","href":"https:\/\/api.w.org\/{rel}","templated":true}]}}